{"id":114515,"date":"2025-12-12T13:13:10","date_gmt":"2025-12-12T13:13:10","guid":{"rendered":"https:\/\/www.europesays.com\/fi\/114515\/"},"modified":"2025-12-12T13:13:10","modified_gmt":"2025-12-12T13:13:10","slug":"norjan-hallitus-hakee-rahoitusta-maavoimiensa-tasmaaseeseen","status":"publish","type":"post","link":"https:\/\/www.europesays.com\/fi\/114515\/","title":{"rendered":"Norjan hallitus hakee rahoitusta maavoimiensa t\u00e4sm\u00e4aseeseen"},"content":{"rendered":"<p class=\"ai-optimize-6 ai-optimize-introduction\">Norjan hallitus <a href=\"https:\/\/www.regjeringen.no\/no\/aktuelt\/regjeringen-vil-bruke-19-milliarder-pa-langtrekkende-presisjonsild-til-forsvaret\/id3142024\/\" target=\"_blank\" rel=\"noopener nofollow\">pyyt\u00e4\u00e4<\/a> parlamentilta hyv\u00e4ksynt\u00e4\u00e4 pitk\u00e4n kantaman maasta laukaistavan ohjusj\u00e4rjestelm\u00e4n hankintaan, mik\u00e4 olisi uusi kyky Norjan maavoimille. Esityksen ohessa julkaistujen asiakirjojen mukaan hankinta sis\u00e4lt\u00e4isi laukaisulavetit, ohjukset sek\u00e4 koulutus- ja logistiset j\u00e4rjestelm\u00e4t. Hankintap\u00e4\u00e4t\u00f6st\u00e4 perustellaan pohjoisten alueiden turvallisuusymp\u00e4rist\u00f6n jyrk\u00e4ll\u00e4 heikkenemisell\u00e4.<\/p>\n<p class=\"ai-optimize-7\">Puolustusministeri <strong>Tore O. Sandvik<\/strong> kuvaa kyky\u00e4 kalliiksi mutta olennaiseksi pelotteeksi huomauttaen, ett\u00e4 j\u00e4rjestelm\u00e4 antaisi Norjan maavoimille kyvyn uhata arvokkaita maaleja syv\u00e4ll\u00e4 vastustajan alueella.<\/p>\n<p class=\"ai-optimize-8\">Oslon omat asiakirjat korostavat, ett\u00e4 kyseess\u00e4 on uusi kyky ja muutos puolustuskyvyss\u00e4. Vaatimuksiksi kyvylle on asetettu 500 kilometrin kantama ja suuri osumatarkkuus.<\/p>\n<p class=\"ai-optimize-9\">Laukaisuasemat Pohjois-Norjassa asettaisivat Murmanskin, Ven\u00e4j\u00e4n Pohjoisen laivaston esikunnan sek\u00e4 Kuolan laivasto- ja lentotukikohdat vaikutuspiiriins\u00e4. T\u00e4m\u00e4 antaisi Norjan maavoimille ensi kertaa keinon vaikuttaa infrastruktuuriin, joka yll\u00e4pit\u00e4\u00e4 Ven\u00e4j\u00e4n bastionipuolustusta Barentsinmerell\u00e4.<\/p>\n<p class=\"ai-optimize-10\">Kyky muuttaisi pohjoisen alueen operatiivista geometriaa. Finnmarkiin tai Nordlandiin ryhmitetyt laukaisulavetit voisivat Norjan ja Naton tiedustelun, valvonnan ja kohdetiedustelun tukemina uhata Ven\u00e4j\u00e4n Pohjoisen laivaston pinta-aluksia, pommikoneiden tukikohtia ja asevoimien logistiikkakeskuksia l\u00e4hell\u00e4 maiden v\u00e4list\u00e4 rajaa. T\u00e4m\u00e4 asettaisi uutta painetta Moskovan perinteisiin asevoiman suunnittelun oletuksiin ja pakottaisi sen hajauttamaan ja vahvistamaan t\u00e4rkeimpien kohteiden puolustusta, mik\u00e4 veisi resursseja muilta suunnilta.<\/p>\n<p class=\"ai-optimize-11\">Hankinnan teknologinen haaste on siin\u00e4, ett\u00e4 500 kilometriin ulottuvaa maasta laukaistavaa t\u00e4sm\u00e4kyky\u00e4 tarjoaa vain harva j\u00e4rjestelm\u00e4. Norjalla on jo Yhdysvaltojen <a href=\"https:\/\/media.defense.gov\/2024\/Dec\/09\/2003604142\/-1\/-1\/0\/PRESS%20RELEASE%20-%20NORWAY%2024-75%20CN.PDF\" target=\"_blank\" rel=\"noopener nofollow\">hyv\u00e4ksynt\u00e4<\/a> hankkia M142 HIMARS -j\u00e4rjestelmi\u00e4, mutta se ei sis\u00e4ll\u00e4 Precision Strike Missile -ohjuksia, joiden kantama on yli 500 kilometri\u00e4.<\/p>\n<p class=\"ai-optimize-12\">Etel\u00e4korealaisen CHUNMOOn, israelilaisen PULSin ohjukset ja maasta laukaistava Kongsbergin Naval Strike Missile eiv\u00e4t ulotu l\u00e4hellek\u00e4\u00e4n vaadittua kantamaa. Pitk\u00e4\u00e4 kantamaa lupaileva Kongsbergin 3SM Tyrfing puolestaan ei valmistu ennen 2030-luvun puoliv\u00e4li\u00e4 ja eurooppalainen ELSA tuskin sek\u00e4\u00e4n valmistuu t\u00e4ll\u00e4 vuosikymmenell\u00e4.<\/p>\n<p class=\"ai-optimize-13\">Parlamentille osoitettu hankintapyynt\u00f6 onkin siksi vain puiteohjelma, joka asettaa rajan hankinnan kustannuksille, mutta j\u00e4tt\u00e4\u00e4 p\u00e4\u00e4t\u00f6ksen hankittavasta j\u00e4rjestelm\u00e4st\u00e4 ja hankinta-aikataulusta my\u00f6hemm\u00e4ksi.<\/p>\n","protected":false},"excerpt":{"rendered":"Norjan hallitus pyyt\u00e4\u00e4 parlamentilta hyv\u00e4ksynt\u00e4\u00e4 pitk\u00e4n kantaman maasta laukaistavan ohjusj\u00e4rjestelm\u00e4n hankintaan, mik\u00e4 olisi uusi kyky Norjan maavoimille. Esityksen&hellip;\n","protected":false},"author":2,"featured_media":114516,"comment_status":"","ping_status":"","sticky":false,"template":"","format":"standard","meta":{"footnotes":""},"categories":[14],"tags":[22,23,26,27,33,31,30,17,24,25,28,29,15,18,21,32,19,20,56,16,59,60,61],"class_list":{"0":"post-114515","1":"post","2":"type-post","3":"status-publish","4":"format-standard","5":"has-post-thumbnail","7":"category-ulkomaat","8":"tag-breaking-news","9":"tag-breakingnews","10":"tag-featured-news","11":"tag-featurednews","12":"tag-fi","13":"tag-finland","14":"tag-finnish","15":"tag-headlines","16":"tag-latest-news","17":"tag-latestnews","18":"tag-main-news","19":"tag-mainnews","20":"tag-news","21":"tag-otsikot","22":"tag-paauutiset","23":"tag-suomi","24":"tag-top-stories","25":"tag-topstories","26":"tag-ulkomaat","27":"tag-uutiset","28":"tag-world","29":"tag-world-news","30":"tag-worldnews"},"share_on_mastodon":{"url":"https:\/\/pubeurope.com\/@fi\/115706777136912392","error":""},"_links":{"self":[{"href":"https:\/\/www.europesays.com\/fi\/wp-json\/wp\/v2\/posts\/114515","targetHints":{"allow":["GET"]}}],"collection":[{"href":"https:\/\/www.europesays.com\/fi\/wp-json\/wp\/v2\/posts"}],"about":[{"href":"https:\/\/www.europesays.com\/fi\/wp-json\/wp\/v2\/types\/post"}],"author":[{"embeddable":true,"href":"https:\/\/www.europesays.com\/fi\/wp-json\/wp\/v2\/users\/2"}],"replies":[{"embeddable":true,"href":"https:\/\/www.europesays.com\/fi\/wp-json\/wp\/v2\/comments?post=114515"}],"version-history":[{"count":0,"href":"https:\/\/www.europesays.com\/fi\/wp-json\/wp\/v2\/posts\/114515\/revisions"}],"wp:featuredmedia":[{"embeddable":true,"href":"https:\/\/www.europesays.com\/fi\/wp-json\/wp\/v2\/media\/114516"}],"wp:attachment":[{"href":"https:\/\/www.europesays.com\/fi\/wp-json\/wp\/v2\/media?parent=114515"}],"wp:term":[{"taxonomy":"category","embeddable":true,"href":"https:\/\/www.europesays.com\/fi\/wp-json\/wp\/v2\/categories?post=114515"},{"taxonomy":"post_tag","embeddable":true,"href":"https:\/\/www.europesays.com\/fi\/wp-json\/wp\/v2\/tags?post=114515"}],"curies":[{"name":"wp","href":"https:\/\/api.w.org\/{rel}","templated":true}]}}