{"id":114521,"date":"2025-12-12T13:28:15","date_gmt":"2025-12-12T13:28:15","guid":{"rendered":"https:\/\/www.europesays.com\/fi\/114521\/"},"modified":"2025-12-12T13:28:15","modified_gmt":"2025-12-12T13:28:15","slug":"teemu-selanne-teki-paljastuksen-kotoaan-tama-on-varmaan-laitonta","status":"publish","type":"post","link":"https:\/\/www.europesays.com\/fi\/114521\/","title":{"rendered":"Teemu Sel\u00e4nne teki paljastuksen kotoaan \u2013 \u201dT\u00e4m\u00e4 on varmaan laitonta\u201d"},"content":{"rendered":"<p>Sel\u00e4nne vei katsojat kellariinsa.<\/p>\n<p><img decoding=\"async\" class=\"image image-show image-preview\" src=\"https:\/\/www.europesays.com\/fi\/wp-content\/uploads\/2025\/12\/33e139ebcbde791ea3216e2c6bde86b2bc2967a45ff1f52000a54e5487f74f53.jpg\" alt=\"\"\/><img decoding=\"async\" class=\"image image-show\" src=\"https:\/\/www.europesays.com\/fi\/wp-content\/uploads\/2025\/12\/1765546093_515_33e139ebcbde791ea3216e2c6bde86b2bc2967a45ff1f52000a54e5487f74f53.jpg\" alt=\"\"\/><\/p>\n<p>Teemu Sel\u00e4nne pelasi s\u00e4\u00e4nt\u00f6jen rajamailla. Maarit Pohjanpalo<\/p>\n<p class=\"paragraph\"><a href=\"https:\/\/www.iltalehti.fi\/henkilot\/Teemu Sel\u00e4nne\" class=\"article-link-person-page\" rel=\"nofollow noopener\" target=\"_blank\">Teemu Sel\u00e4nne<\/a> tekee tytt\u00e4rens\u00e4 <strong>Veera Sel\u00e4nteen<\/strong> Tiktok-videolla paljastuksen kotinsa aarteista.<\/p>\n<p class=\"paragraph\">Sel\u00e4nne marssii videolla talonsa kellariin ja esittelee siell\u00e4 olevan mailakokoelmansa. Mailoja on vino pino, mutta muutamaan niist\u00e4 liittyy erityisi\u00e4 muistoja.<\/p>\n<p class=\"paragraph\">Osa peliv\u00e4lineist\u00e4 on nimikirjoituksella varustettuja, sill\u00e4 ne ovat kuuluneet aikanaan muille NHL-legendoille.<\/p>\n<p class=\"paragraph\">Yksi Sel\u00e4nteen omista mailoista on erityisen huomiota her\u00e4tt\u00e4v\u00e4. Sen lapa on todella paksu \u2013 kuin maalivahdin mailassa.<\/p>\n<p class=\"paragraph\">\u2013 T\u00e4m\u00e4 on varmaan jo laitonta. Lapa on liian iso, maalitykki naurahtaa.<\/p>\n<p class=\"paragraph\">J\u00e4\u00e4kiekkomailojen lapojen koosta ja k\u00e4yryydest\u00e4 on olemassa s\u00e4\u00e4nt\u00f6pyk\u00e4l\u00e4t. Jos niit\u00e4 rikkoo, voi saada kahden minuutin j\u00e4\u00e4hyn.<\/p>\n<p class=\"paragraph\">Sel\u00e4nnett\u00e4 t\u00e4m\u00e4 ei kuitenkaan huolettanut.<\/p>\n<p class=\"paragraph\">\u2013 J\u00e4\u00e4 oli niin huono, ett\u00e4 turhauduin. Vaikka sain hyv\u00e4n sy\u00f6t\u00f6n, kiekko pomppi lavan yli.<\/p>\n<p class=\"paragraph\">\u2013 Monet pelaajat eiv\u00e4t pit\u00e4isi t\u00e4llaisesta lavasta, koska se tekee mailasta painavamman ja laukauksesta heikomman. Mutta min\u00e4 en joka tapauksessa laukonut kovaa, ehk\u00e4 tarkasti, Sel\u00e4nne pohtii.<\/p>\n<p><a href=\"https:\/\/www.iltalehti.fi\/jaakiekko\/a\/1ae71ab3-3179-4e5d-95ce-15a50bbf7509\" rel=\"nofollow noopener\" target=\"_blank\"><img decoding=\"async\" src=\"https:\/\/www.europesays.com\/fi\/wp-content\/uploads\/2025\/10\/4a4e280ca1a75d884de6ebd943738ae5d99be138803b843a647b7d7c8a538b0b.png\" alt=\"Osallistu arvontaan\"\/><\/a><\/p>\n","protected":false},"excerpt":{"rendered":"Sel\u00e4nne vei katsojat kellariinsa. Teemu Sel\u00e4nne pelasi s\u00e4\u00e4nt\u00f6jen rajamailla. Maarit Pohjanpalo Teemu Sel\u00e4nne tekee tytt\u00e4rens\u00e4 Veera Sel\u00e4nteen Tiktok-videolla&hellip;\n","protected":false},"author":2,"featured_media":114522,"comment_status":"","ping_status":"","sticky":false,"template":"","format":"standard","meta":{"footnotes":""},"categories":[136],"tags":[35,407,137,33,31,30,1143,408,41,1146,98,32,1145,109],"class_list":{"0":"post-114521","1":"post","2":"type-post","3":"status-publish","4":"format-standard","5":"has-post-thumbnail","7":"category-julkkikset","8":"tag-24h","9":"tag-celebrities","10":"tag-entertainment","11":"tag-fi","12":"tag-finland","13":"tag-finnish","14":"tag-jaakiekko","15":"tag-julkkikset","16":"tag-liikunta-ja-urheilu","17":"tag-miesten-jaakiekko","18":"tag-perhe","19":"tag-suomi","20":"tag-talviurheilu","21":"tag-viihde"},"share_on_mastodon":{"url":"https:\/\/pubeurope.com\/@fi\/115706836503141549","error":""},"_links":{"self":[{"href":"https:\/\/www.europesays.com\/fi\/wp-json\/wp\/v2\/posts\/114521","targetHints":{"allow":["GET"]}}],"collection":[{"href":"https:\/\/www.europesays.com\/fi\/wp-json\/wp\/v2\/posts"}],"about":[{"href":"https:\/\/www.europesays.com\/fi\/wp-json\/wp\/v2\/types\/post"}],"author":[{"embeddable":true,"href":"https:\/\/www.europesays.com\/fi\/wp-json\/wp\/v2\/users\/2"}],"replies":[{"embeddable":true,"href":"https:\/\/www.europesays.com\/fi\/wp-json\/wp\/v2\/comments?post=114521"}],"version-history":[{"count":0,"href":"https:\/\/www.europesays.com\/fi\/wp-json\/wp\/v2\/posts\/114521\/revisions"}],"wp:featuredmedia":[{"embeddable":true,"href":"https:\/\/www.europesays.com\/fi\/wp-json\/wp\/v2\/media\/114522"}],"wp:attachment":[{"href":"https:\/\/www.europesays.com\/fi\/wp-json\/wp\/v2\/media?parent=114521"}],"wp:term":[{"taxonomy":"category","embeddable":true,"href":"https:\/\/www.europesays.com\/fi\/wp-json\/wp\/v2\/categories?post=114521"},{"taxonomy":"post_tag","embeddable":true,"href":"https:\/\/www.europesays.com\/fi\/wp-json\/wp\/v2\/tags?post=114521"}],"curies":[{"name":"wp","href":"https:\/\/api.w.org\/{rel}","templated":true}]}}