{"id":114525,"date":"2025-12-12T13:31:09","date_gmt":"2025-12-12T13:31:09","guid":{"rendered":"https:\/\/www.europesays.com\/fi\/114525\/"},"modified":"2025-12-12T13:31:09","modified_gmt":"2025-12-12T13:31:09","slug":"ylen-sarjan-tuottaja-on-sukua-kiistellylle-poliitikolle-polveudun-halveksitusta-hahmosta","status":"publish","type":"post","link":"https:\/\/www.europesays.com\/fi\/114525\/","title":{"rendered":"Ylen sarjan tuottaja on sukua kiistellylle poliitikolle: \u201dPolveudun halveksitusta hahmosta\u201d"},"content":{"rendered":"<p>Mitfordin siskosten tarinaan liittyy oleellisesti Oswald Mosley.<\/p>\n<p><img decoding=\"async\" class=\"image image-show image-preview\" src=\"https:\/\/www.europesays.com\/fi\/wp-content\/uploads\/2025\/12\/3d7cb8a92ff890b03535b40a96765eb0bc082006c085bf126e700f11ceda8b3c.jpg\" alt=\"\"\/><img decoding=\"async\" class=\"image image-show\" src=\"https:\/\/www.europesays.com\/fi\/wp-content\/uploads\/2025\/12\/1765546269_546_3d7cb8a92ff890b03535b40a96765eb0bc082006c085bf126e700f11ceda8b3c.jpg\" alt=\"\"\/><\/p>\n<p>Matthew Mosley asettui samaan kuvaan k\u00e4sikirjoittaja Sarah Williamsin ja sarjan n\u00e4yttelij\u00f6iden Joanna Vanderhamin, Zoe Broughin ja Shannon Watsonin kanssa tv-sarjan ensi-iltajuhlissa aiemmin t\u00e4n\u00e4 vuonna. Shutterstock, All Over Press<\/p>\n<p class=\"paragraph\">Tarkkasilm\u00e4iset tv-katsojat ovat saattaneet kiinnitt\u00e4\u00e4 huomiota Ylen esitt\u00e4m\u00e4n Mitfordin siskosten lopputeksteist\u00e4 vilahtavaan nimeen.<\/p>\n<p class=\"paragraph\">Yksi brittisarjan vastaavista tuottajista on <strong>Matthew Mosley<\/strong>. T\u00e4n\u00e4\u00e4n TV1:ll\u00e4 tulevassa jaksossa fasistipuoleen johtaja <a href=\"https:\/\/www.iltalehti.fi\/henkilot\/Oswald Mosley\" class=\"article-link-person-page\" rel=\"nofollow noopener\" target=\"_blank\">Oswald Mosley<\/a> ja <strong>Mitfordin<\/strong> sisarusparveen kuuluva <strong>Diana<\/strong> tapailevat salaa, niin kuin he tekiv\u00e4t jo Oswaldin <strong>Cynthia<\/strong>-vaimon el\u00e4ess\u00e4. Viel\u00e4 ei ole kuitenkaan sopivaa julkistaa suhdetta, <a href=\"https:\/\/www.iltalehti.fi\/tv-ja-leffat\/1097f725-d629-4a11-96ce-75edb20f2ff4\" rel=\"nofollow noopener\" target=\"_blank\">mutta senkin aika koittaa Adolf Hitlerin siunauksella<\/a>.<\/p>\n<p class=\"paragraph\">Sarjan tekij\u00f6ihin kuuluva Matthew Mosley on sukua Oswald Mosleylle. Matthew&#8217;n <strong>Shaun<\/strong>-is\u00e4 oli <strong>Nicholaksen<\/strong> poika. Nicholas puolestaan oli yksi Oswaldin ja Cynthian kolmesta lapsesta. Dianan kanssa Oswald sai viel\u00e4 kaksi lasta lis\u00e4\u00e4.<\/p>\n<p class=\"paragraph\">Matthew on k\u00e4ynyt sukupuutaan l\u00e4pi <a href=\"https:\/\/time.com\/7297784\/outrageous-britbox-oswald-mosley-true-story\/\" target=\"_blank\" rel=\"noopener nofollow\">Timen<\/a> julkaisussa, jossa mainitaan my\u00f6s Oswaldin toistuvat pett\u00e4miset. H\u00e4nell\u00e4 oli suhde muun muassa Cynthian pikkusiskoon ja siskosten \u00e4itipuoleen.<\/p>\n<p>Oswald Mosley vei perheens\u00e4 Ranskan Rivieralle lomailemaan. Vasemmalla silloinen vaimo Cynthia Mosley. All Over Press<\/p>\n<p class=\"paragraph\">Matthew ei ole sarjan luoja. Kunnia kuuluu <strong>Sarah Williamsille<\/strong>, <a href=\"https:\/\/www.iltalehti.fi\/tv-ja-leffat\/62106081-5e00-4b65-91b6-c19c787a7266\" rel=\"nofollow noopener\" target=\"_blank\">joka on k\u00e4sikirjoittanut Mitfordin siskokset Mary S. Lovellin el\u00e4m\u00e4kerran pohjalta<\/a>. Kun Sarah esitteli ideaansa Firebird Pictures -tuotantoyhti\u00f6lle, k\u00e4vi ilmi, ett\u00e4 Matthew ty\u00f6skenteli siell\u00e4. Pian heist\u00e4 tuli ty\u00f6toverit. Matthew pysytteli kuitenkin tarkoituksella erossa Sarahin tontista.<\/p>\n<p class=\"paragraph\">\u2013\u2009Sarah ja Joshua olivat tutkineet asioita paljon enemm\u00e4n kuin min\u00e4, Matthew viittaa artikkelissa my\u00f6s <strong>Joshua Sasseen<\/strong>, joka n\u00e4yttelee Oswald Mosleya.<\/p>\n<p>Matthew Mosleyn mukaan n\u00e4yttelij\u00e4 Joshua Sasse (kuvassa) omaksui uskomattoman hienosti esimerkiksi Oswald Mosleyn eleet. Sally Mais, Yle<\/p>\n<p class=\"paragraph\">Isoisois\u00e4n teot ja maine ovat olleet Matthew&#8217;n tiedossa aina. Niit\u00e4 ei ole yritetty piilotella perhepiiriss\u00e4 eik\u00e4 selitell\u00e4 parhain p\u00e4in.<\/p>\n<p class=\"paragraph\">\u2013\u2009H\u00e4n on heitt\u00e4nyt synk\u00e4n varjon suvun ylle monella tavalla. Meid\u00e4n kaikkien on t\u00e4ytynyt k\u00e4sitell\u00e4 asiaa vuosien saatossa. Siihen on vain sopeuduttava, ett\u00e4 polveutuu halveksitusta hahmosta.<\/p>\n<p>Sarjassa n\u00e4hd\u00e4\u00e4n, kuinka Dianan (Joanna Vanderham) ja Oswaldin (Joshua Sasse) salasuhde sai alkunsa. Tuolloin molemmmat olivat viel\u00e4 tahoillaan naimisissa, mutta Diana erosi pian. KEVIN BAKER, Yle<\/p>\n<p class=\"paragraph\">Mitfordin siskokset t\u00e4n\u00e4\u00e4n TV1:ll\u00e4 kello 19.00 &amp; Areenassa. <a href=\"https:\/\/www.iltalehti.fi\/telkku\/\" rel=\"nofollow noopener\" target=\"_blank\">Katso kaikki\u00a0TV-ohjelmat ja l\u00e4hetysajat Telkun TV-oppaasta<\/a>.<\/p>\n","protected":false},"excerpt":{"rendered":"Mitfordin siskosten tarinaan liittyy oleellisesti Oswald Mosley. Matthew Mosley asettui samaan kuvaan k\u00e4sikirjoittaja Sarah Williamsin ja sarjan n\u00e4yttelij\u00f6iden&hellip;\n","protected":false},"author":2,"featured_media":114526,"comment_status":"","ping_status":"","sticky":false,"template":"","format":"standard","meta":{"footnotes":""},"categories":[133],"tags":[35,153,155,137,33,31,30,99,154,98,32,206,140,156,109],"class_list":{"0":"post-114525","1":"post","2":"type-post","3":"status-publish","4":"format-standard","5":"has-post-thumbnail","7":"category-televisiot","8":"tag-24h","9":"tag-audiovisuaalinen-media","10":"tag-elokuvat","11":"tag-entertainment","12":"tag-fi","13":"tag-finland","14":"tag-finnish","15":"tag-lapset","16":"tag-nayttelijat-teatteri","17":"tag-perhe","18":"tag-suomi","19":"tag-televisiot","20":"tag-tv-ja-elokuvat","21":"tag-tv","22":"tag-viihde"},"share_on_mastodon":{"url":"https:\/\/pubeurope.com\/@fi\/115706847944506660","error":""},"_links":{"self":[{"href":"https:\/\/www.europesays.com\/fi\/wp-json\/wp\/v2\/posts\/114525","targetHints":{"allow":["GET"]}}],"collection":[{"href":"https:\/\/www.europesays.com\/fi\/wp-json\/wp\/v2\/posts"}],"about":[{"href":"https:\/\/www.europesays.com\/fi\/wp-json\/wp\/v2\/types\/post"}],"author":[{"embeddable":true,"href":"https:\/\/www.europesays.com\/fi\/wp-json\/wp\/v2\/users\/2"}],"replies":[{"embeddable":true,"href":"https:\/\/www.europesays.com\/fi\/wp-json\/wp\/v2\/comments?post=114525"}],"version-history":[{"count":0,"href":"https:\/\/www.europesays.com\/fi\/wp-json\/wp\/v2\/posts\/114525\/revisions"}],"wp:featuredmedia":[{"embeddable":true,"href":"https:\/\/www.europesays.com\/fi\/wp-json\/wp\/v2\/media\/114526"}],"wp:attachment":[{"href":"https:\/\/www.europesays.com\/fi\/wp-json\/wp\/v2\/media?parent=114525"}],"wp:term":[{"taxonomy":"category","embeddable":true,"href":"https:\/\/www.europesays.com\/fi\/wp-json\/wp\/v2\/categories?post=114525"},{"taxonomy":"post_tag","embeddable":true,"href":"https:\/\/www.europesays.com\/fi\/wp-json\/wp\/v2\/tags?post=114525"}],"curies":[{"name":"wp","href":"https:\/\/api.w.org\/{rel}","templated":true}]}}