{"id":114527,"date":"2025-12-12T13:33:08","date_gmt":"2025-12-12T13:33:08","guid":{"rendered":"https:\/\/www.europesays.com\/fi\/114527\/"},"modified":"2025-12-12T13:33:08","modified_gmt":"2025-12-12T13:33:08","slug":"jason-momoa-intoilee-uudesta-supersankariroolistaan-supergirlissa-meitsi-on-paajehu","status":"publish","type":"post","link":"https:\/\/www.europesays.com\/fi\/114527\/","title":{"rendered":"Jason Momoa intoilee uudesta supersankariroolistaan Supergirliss\u00e4: \u201cMeitsi on p\u00e4\u00e4jehu\u201d"},"content":{"rendered":"<p>Jason Momoasta tulee vihdoin Lobo uudessa Supergirl-elokuvassa.<\/p>\n<p>Ensimm\u00e4inen traileri DC Studiosin tulevasta <a href=\"https:\/\/muropaketti.com\/avainsana\/supergirl\/\" rel=\"nofollow noopener\" target=\"_blank\">Supergirl<\/a>-elokuvasta julkaistiin eilen. Nimiroolia esitt\u00e4v\u00e4n Milly Alcockin lis\u00e4ksi elokuvassa on mukana my\u00f6s Jason Momoan esitt\u00e4m\u00e4 Lobo, joka vilahtaa my\u00f6s trailerilla.<\/p>\n<p>Lobon tulemista eiv\u00e4t ole odottaneet pitk\u00e4\u00e4n pelk\u00e4st\u00e4\u00e4n DC-fanit vaan my\u00f6s itse hahmon suureksi faniksi tunnnustautunut Momoa. H\u00e4n intoili asiasta trailerin julkaisun j\u00e4lkeen omassa Instagramissaan, uutisoi <a href=\"https:\/\/www.comingsoon.net\/movies\/news\/2073439-lobo-dcu-debut-supergirl-trailer-jason-momoa-reacts\" target=\"_blank\" rel=\"noreferrer noopener nofollow\">Comingsoon<\/a>.<\/p>\n<p>Momoa julkaisi Instastoorissa trailerissa n\u00e4ht\u00e4v\u00e4n kuvan Lobosta ja sen ohessa tekstin:<\/p>\n<p>\u201cMeitsi on p\u00e4\u00e4jehu. Piru vie vihdoinkin.\u201d<\/p>\n<p>Craig Gillespien ohjaama ja Ana Nogueiran k\u00e4sikirjoittama Supergirl saa ensi-iltansa kes\u00e4ll\u00e4 2026. Alcockin ja Momoan lis\u00e4ksi siin\u00e4 n\u00e4yttelev\u00e4t muun muassa Matthias Schoenaerts, Eve Ridley, David Krumholtz ja Emily Beecham.<\/p>\n<p><a href=\"https:\/\/muropaketti.com\/wp-content\/uploads\/2025\/12\/supergirl-juliste-2025.jpg\" rel=\"nofollow noopener\" target=\"_blank\"><img fetchpriority=\"high\" decoding=\"async\" width=\"819\" height=\"1024\" alt=\"Supergirl\" class=\"wp-image-912926 awpo-lazy\"  data- src=\"https:\/\/www.europesays.com\/fi\/wp-content\/uploads\/2025\/12\/1765546388_781_supergirl-juliste-2025-819x1024.jpg\"\/><\/a>Kuva: \u00a9 Warner Bros.<\/p>\n","protected":false},"excerpt":{"rendered":"Jason Momoasta tulee vihdoin Lobo uudessa Supergirl-elokuvassa. Ensimm\u00e4inen traileri DC Studiosin tulevasta Supergirl-elokuvasta julkaistiin eilen. Nimiroolia esitt\u00e4v\u00e4n Milly&hellip;\n","protected":false},"author":2,"featured_media":114528,"comment_status":"","ping_status":"","sticky":false,"template":"","format":"standard","meta":{"footnotes":""},"categories":[131],"tags":[5185,155,137,33,173,31,30,5421,10734,172,32,182,109],"class_list":{"0":"post-114527","1":"post","2":"type-post","3":"status-publish","4":"format-standard","5":"has-post-thumbnail","7":"category-elokuvat","8":"tag-dc-studios","9":"tag-elokuvat","10":"tag-entertainment","11":"tag-fi","12":"tag-film","13":"tag-finland","14":"tag-finnish","15":"tag-jason-momoa","16":"tag-lobo","17":"tag-movies","18":"tag-suomi","19":"tag-supergirl","20":"tag-viihde"},"share_on_mastodon":{"url":"https:\/\/pubeurope.com\/@fi\/115706856445558874","error":""},"_links":{"self":[{"href":"https:\/\/www.europesays.com\/fi\/wp-json\/wp\/v2\/posts\/114527","targetHints":{"allow":["GET"]}}],"collection":[{"href":"https:\/\/www.europesays.com\/fi\/wp-json\/wp\/v2\/posts"}],"about":[{"href":"https:\/\/www.europesays.com\/fi\/wp-json\/wp\/v2\/types\/post"}],"author":[{"embeddable":true,"href":"https:\/\/www.europesays.com\/fi\/wp-json\/wp\/v2\/users\/2"}],"replies":[{"embeddable":true,"href":"https:\/\/www.europesays.com\/fi\/wp-json\/wp\/v2\/comments?post=114527"}],"version-history":[{"count":0,"href":"https:\/\/www.europesays.com\/fi\/wp-json\/wp\/v2\/posts\/114527\/revisions"}],"wp:featuredmedia":[{"embeddable":true,"href":"https:\/\/www.europesays.com\/fi\/wp-json\/wp\/v2\/media\/114528"}],"wp:attachment":[{"href":"https:\/\/www.europesays.com\/fi\/wp-json\/wp\/v2\/media?parent=114527"}],"wp:term":[{"taxonomy":"category","embeddable":true,"href":"https:\/\/www.europesays.com\/fi\/wp-json\/wp\/v2\/categories?post=114527"},{"taxonomy":"post_tag","embeddable":true,"href":"https:\/\/www.europesays.com\/fi\/wp-json\/wp\/v2\/tags?post=114527"}],"curies":[{"name":"wp","href":"https:\/\/api.w.org\/{rel}","templated":true}]}}