{"id":114542,"date":"2025-12-12T13:55:09","date_gmt":"2025-12-12T13:55:09","guid":{"rendered":"https:\/\/www.europesays.com\/fi\/114542\/"},"modified":"2025-12-12T13:55:09","modified_gmt":"2025-12-12T13:55:09","slug":"henna-paunu-on-aboa-vetus-ars-nova-museoiden-uusi-johtaja","status":"publish","type":"post","link":"https:\/\/www.europesays.com\/fi\/114542\/","title":{"rendered":"Henna Paunu on Aboa Vetus Ars Nova -museoiden uusi johtaja"},"content":{"rendered":"<p class=\"teksti\">Taidehistorioitsija Henna Paunu on nimitetty Aboa Vetus Ars Nova -museoiden uudeksi museonjohtajaksi. H\u00e4n siirtyy teht\u00e4v\u00e4\u00e4n Espoon modernin taiteen museosta Emmasta, jossa on toiminut intendenttin\u00e4.<\/p>\n<p class=\"teksti\">\u2013\u2009Henna Paunun n\u00e4kemys museoidemme tulevaisuudesta sek\u00e4 vahvat aiemmat n\u00e4yt\u00f6t innovatiivisesta ja sis\u00e4ll\u00f6llisesti vaikuttavasta ty\u00f6st\u00e4 vakuuttivat valitsijalautakunnan ja s\u00e4\u00e4ti\u00f6n hallituksen, kertoo Aboa Vetus Ars Nova -s\u00e4\u00e4ti\u00f6n toimitusjohtaja ja hallituksen j\u00e4sen Ari Valkki tiedotteessa.<\/p>\n<p class=\"teksti\">Paunu on vastannut Emmassa erityisesti museon laajoista kokoelmista ja kokoelman\u00e4yttelyist\u00e4. H\u00e4n on aiemmin ty\u00f6skennellyt Rauman taidemuseossa ja Helsingin Taidehallissa. H\u00e4nell\u00e4 on pitk\u00e4 kokemus my\u00f6s Rauma Biennale Balticum -n\u00e4yttelyiden kuraattorina.<\/p>\n<p class=\"teksti\">\u2013\u2009Tulemme museon ammattilaisten kanssa nostamaan museon kansainv\u00e4list\u00e4 n\u00e4kyvyytt\u00e4 ja panostamaan eri sukupolvia yhdist\u00e4viin, ajankohtaisiin sis\u00e4lt\u00f6ihin sek\u00e4 el\u00e4mykselliseen museokokemukseen, Paunu lupaa tiedotteessa.<\/p>\n<p class=\"teksti\">Paunu aloittaa uudessa teht\u00e4v\u00e4ss\u00e4\u00e4n museonjohtajana 15. tammikuuta 2026. Nykyinen museonjohtaja Hannele Lehtonen <a href=\"https:\/\/www.ts.fi\/kulttuuri\/6802844\" target=\"_blank\" rel=\"noopener nofollow\">siirtyy kokoelmaintendentiksi<\/a> Turun kaupunginmuseoon. Lehtonen jatkaa Aboa Vetus Ars Novassa kuluvan vuoden loppuun asti.<\/p>\n","protected":false},"excerpt":{"rendered":"Taidehistorioitsija Henna Paunu on nimitetty Aboa Vetus Ars Nova -museoiden uudeksi museonjohtajaksi. H\u00e4n siirtyy teht\u00e4v\u00e4\u00e4n Espoon modernin taiteen&hellip;\n","protected":false},"author":2,"featured_media":114543,"comment_status":"","ping_status":"","sticky":false,"template":"","format":"standard","meta":{"footnotes":""},"categories":[135],"tags":[389,387,388,390,137,33,31,30,32,394,393,391,392,109],"class_list":{"0":"post-114542","1":"post","2":"type-post","3":"status-publish","4":"format-standard","5":"has-post-thumbnail","7":"category-taiteet-ja-suunnittelu","8":"tag-arts","9":"tag-arts-and-design","10":"tag-artsanddesign","11":"tag-design","12":"tag-entertainment","13":"tag-fi","14":"tag-finland","15":"tag-finnish","16":"tag-suomi","17":"tag-suunnittelu","18":"tag-taiteet","19":"tag-taiteet-ja-suunnittelu","20":"tag-taiteetsuunnittelu","21":"tag-viihde"},"share_on_mastodon":{"url":"https:\/\/pubeurope.com\/@fi\/115706942129827676","error":""},"_links":{"self":[{"href":"https:\/\/www.europesays.com\/fi\/wp-json\/wp\/v2\/posts\/114542","targetHints":{"allow":["GET"]}}],"collection":[{"href":"https:\/\/www.europesays.com\/fi\/wp-json\/wp\/v2\/posts"}],"about":[{"href":"https:\/\/www.europesays.com\/fi\/wp-json\/wp\/v2\/types\/post"}],"author":[{"embeddable":true,"href":"https:\/\/www.europesays.com\/fi\/wp-json\/wp\/v2\/users\/2"}],"replies":[{"embeddable":true,"href":"https:\/\/www.europesays.com\/fi\/wp-json\/wp\/v2\/comments?post=114542"}],"version-history":[{"count":0,"href":"https:\/\/www.europesays.com\/fi\/wp-json\/wp\/v2\/posts\/114542\/revisions"}],"wp:featuredmedia":[{"embeddable":true,"href":"https:\/\/www.europesays.com\/fi\/wp-json\/wp\/v2\/media\/114543"}],"wp:attachment":[{"href":"https:\/\/www.europesays.com\/fi\/wp-json\/wp\/v2\/media?parent=114542"}],"wp:term":[{"taxonomy":"category","embeddable":true,"href":"https:\/\/www.europesays.com\/fi\/wp-json\/wp\/v2\/categories?post=114542"},{"taxonomy":"post_tag","embeddable":true,"href":"https:\/\/www.europesays.com\/fi\/wp-json\/wp\/v2\/tags?post=114542"}],"curies":[{"name":"wp","href":"https:\/\/api.w.org\/{rel}","templated":true}]}}