{"id":114544,"date":"2025-12-12T13:57:07","date_gmt":"2025-12-12T13:57:07","guid":{"rendered":"https:\/\/www.europesays.com\/fi\/114544\/"},"modified":"2025-12-12T13:57:07","modified_gmt":"2025-12-12T13:57:07","slug":"il-seuraa-miten-kay-suomalaisten-iltalehti","status":"publish","type":"post","link":"https:\/\/www.europesays.com\/fi\/114544\/","title":{"rendered":"IL seuraa: Miten k\u00e4y suomalaisten? &#8211; Iltalehti"},"content":{"rendered":"<ol>\n<li><a href=\"https:\/\/news.google.com\/rss\/articles\/CBMiggFBVV95cUxOYW43YXMtNlVFejJBblFUX3RWT2V0eGU3MTYyYzJ1ZkozNnh1ZTBJOUxYdVpKelppLV94cUN2SXV3Unp0MGpxRUZfc0t2cjNuOUQzOWNQX3E2a2VGMEJJSmtSN2xybl91ZlRpcWFibFNiczl5STlCdTF4UDBGcFd3ajFR?oc=5\" target=\"_blank\" rel=\"nofollow noopener\">IL seuraa: Miten k\u00e4y suomalaisten?<\/a>&nbsp;&nbsp;Iltalehti<\/li>\n<li><a href=\"https:\/\/news.google.com\/rss\/articles\/CBMihwFBVV95cUxOREMxY0NvMWFtc0oyQXVWb3BDMjV4NURQX2RHbnhKS2tqMmJLS3pOajhxcG1Eb0U4c2NEOXl6MEJpOUh2ZGhueEpwS2wtZFBkdFk2SnpaSUF3VEMxS2Z4Z2ZEVjV6Z0JUQVlSb2Q4T0J1VVZRdjJPYVlMTjFRdC1VdElxZEVkY0k?oc=5\" target=\"_blank\" rel=\"nofollow noopener\">Parisprintit k\u00e4ynnist\u00e4v\u00e4t Davosin maailmancupin &#8211; Katso joukkueiden kokoonpanot &amp; l\u00e4ht\u00f6listat<\/a>&nbsp;&nbsp;Etusuora.com<\/li>\n<li><a href=\"https:\/\/news.google.com\/rss\/articles\/CBMiywFBVV95cUxNaG1GUzNnWHJIY1hYV2dKX2o5UmRGQ2tzdmVKeFppemU1SXBIMTBDR0dWMkh3Tnk2Rlpvak5fVUR2UkRvb3hlN1JHSHpFVG12RWRGakFVWFUwLUlmbEVkSFBtb0o4YkF1VjNmQkVqRWtYZjNrQTdRTFFSZmdPcFNiU3VIbEtqMlhKQUh1ZzFsNXNienNacUdNZTRyeEdFazNqblRhdWVDWWlMRlNfb2RLNTdWNTI1WVd6bTUtS0tkek9oN1BxT2NmRUxaWQ?oc=5\" target=\"_blank\" rel=\"nofollow noopener\">Miksi Iivo Niskanen l\u00e4hti Sveitsiin? Jari Isomets\u00e4 tiet\u00e4\u00e4 syyn ja v\u00e4l\u00e4ytt\u00e4\u00e4 yll\u00e4tysvetoa<\/a>&nbsp;&nbsp;mtvuutiset.fi<\/li>\n<li><a href=\"https:\/\/news.google.com\/rss\/articles\/CBMimgJBVV95cUxQckM2ejJlS2dqVnpwOEYzcjByam1BNWptalVpR29DTm1rWS1YLUpCR3VmV21rQUZOMnZLTDhkOWJ6QllrUEI4TnFkWVZoRWRRdC1tZG90eFFDTlpPTFNSS3Q5Y3ZaYUNhN2RsVm5rVTltVjlsVGozb1VOeGh0VnZIRGo5SmRHREVOT0Y0SDREQ1VKa2hLeXU5V1lzZHBqQWU3bC12R0hSamxqblRNVWZVTUpvU3NxeVQ4cHlUQlpnVTN4RlFmb3BoVzh2T1ptRzhFYzkzc1FZcm5ZbHF6NUlfOXVMTThPV3ExOUwwUDJLYjdyVVc4b0ttTXRjbFViYUh4S1dMeFBnUDVWUUhreFFPNm9lOEdfRHkyYWc?oc=5\" target=\"_blank\" rel=\"nofollow noopener\">Maastohiihdon ja m\u00e4kihypyn maailmancupit jatkuvat tulevana viikonloppuna Davosissa ja Klingenthalissa \u2013 Rukalla kilpaillaan m\u00e4kihypyn ja yhdistetyn Continental Cupissa<\/a>&nbsp;&nbsp;Suomen Hiihtoliitto<\/li>\n<li><a href=\"https:\/\/news.google.com\/rss\/articles\/CBMiugFBVV95cUxObEl3RkF4VFFkLVB0QWhxTV91U0lmY0h4bkpsbUJUNV9wNjFENDlCbE5IVGhtZVltQXplTTQ3M2dsZU5TLVY5cUZ6alRvaGwzX0RzbTZ1WHBkNE1YQVJnN09KZ0VURlZWZVhNbmpRNGEtZG1zT3p5aFdmSm9PQ2w4SDBocnlyYnVIbkdfOUJwVU5PdjlCWnZHTTh4OGdsaXREOW5GVnhqNHppQUp1a3lvRWI3M2MyYzU5RHc?oc=5\" target=\"_blank\" rel=\"nofollow noopener\">Hiihdon maailmancup Davosissa ja Tour de Ski Toblachissa &#8211; vain Viaplayssa<\/a>&nbsp;&nbsp;ePressi<\/li>\n<\/ol>\n","protected":false},"excerpt":{"rendered":"IL seuraa: Miten k\u00e4y suomalaisten?&nbsp;&nbsp;Iltalehti Parisprintit k\u00e4ynnist\u00e4v\u00e4t Davosin maailmancupin &#8211; Katso joukkueiden kokoonpanot &amp; l\u00e4ht\u00f6listat&nbsp;&nbsp;Etusuora.com Miksi Iivo Niskanen&hellip;\n","protected":false},"author":2,"featured_media":114545,"comment_status":"","ping_status":"","sticky":false,"template":"","format":"standard","meta":{"footnotes":""},"categories":[133],"tags":[35,137,33,31,30,2096,41,2668,32,1145,206,156,161,109],"class_list":{"0":"post-114544","1":"post","2":"type-post","3":"status-publish","4":"format-standard","5":"has-post-thumbnail","7":"category-televisiot","8":"tag-24h","9":"tag-entertainment","10":"tag-fi","11":"tag-finland","12":"tag-finnish","13":"tag-hiihtolajit","14":"tag-liikunta-ja-urheilu","15":"tag-pohjoismaiset-hiihtolajit","16":"tag-suomi","17":"tag-talviurheilu","18":"tag-televisiot","19":"tag-tv","20":"tag-urheilutapahtumat","21":"tag-viihde"},"share_on_mastodon":{"url":"https:\/\/pubeurope.com\/@fi\/115706950166964643","error":""},"_links":{"self":[{"href":"https:\/\/www.europesays.com\/fi\/wp-json\/wp\/v2\/posts\/114544","targetHints":{"allow":["GET"]}}],"collection":[{"href":"https:\/\/www.europesays.com\/fi\/wp-json\/wp\/v2\/posts"}],"about":[{"href":"https:\/\/www.europesays.com\/fi\/wp-json\/wp\/v2\/types\/post"}],"author":[{"embeddable":true,"href":"https:\/\/www.europesays.com\/fi\/wp-json\/wp\/v2\/users\/2"}],"replies":[{"embeddable":true,"href":"https:\/\/www.europesays.com\/fi\/wp-json\/wp\/v2\/comments?post=114544"}],"version-history":[{"count":0,"href":"https:\/\/www.europesays.com\/fi\/wp-json\/wp\/v2\/posts\/114544\/revisions"}],"wp:featuredmedia":[{"embeddable":true,"href":"https:\/\/www.europesays.com\/fi\/wp-json\/wp\/v2\/media\/114545"}],"wp:attachment":[{"href":"https:\/\/www.europesays.com\/fi\/wp-json\/wp\/v2\/media?parent=114544"}],"wp:term":[{"taxonomy":"category","embeddable":true,"href":"https:\/\/www.europesays.com\/fi\/wp-json\/wp\/v2\/categories?post=114544"},{"taxonomy":"post_tag","embeddable":true,"href":"https:\/\/www.europesays.com\/fi\/wp-json\/wp\/v2\/tags?post=114544"}],"curies":[{"name":"wp","href":"https:\/\/api.w.org\/{rel}","templated":true}]}}