{"id":114555,"date":"2025-12-12T14:07:12","date_gmt":"2025-12-12T14:07:12","guid":{"rendered":"https:\/\/www.europesays.com\/fi\/114555\/"},"modified":"2025-12-12T14:07:12","modified_gmt":"2025-12-12T14:07:12","slug":"suomi-sai-tarkkailuluokan-vaatimukset-eulta-nykysopeutukset-riittavat-pari-vuotta-sen-jalkeen-eu-vaatii-lisaa-talous","status":"publish","type":"post","link":"https:\/\/www.europesays.com\/fi\/114555\/","title":{"rendered":"Suomi sai \u201dtarkkailuluokan\u201d vaatimukset EU:lta \u2013 nykysopeutukset riitt\u00e4v\u00e4t pari vuotta, sen j\u00e4lkeen EU vaatii lis\u00e4\u00e4 | Talous"},"content":{"rendered":"<p class=\"aw-1gybjub aw-5vja16 kEtdKx kmuxyA yle__article__paragraph\">Tarkkailuokka tuo lis\u00e4\u00e4 sopeutusvaatimuksia etenkin tulevalle hallitukseen. Nykyhallitus s\u00e4\u00e4styy niilt\u00e4 puolustus\u00admenojen tuoman poikkeuksen ansiosta.<\/p>\n<p><img decoding=\"async\" alt=\"Riikka Purra Brysseliss\u00e4 EU:n valtiovarainministerikokouksessa.\" src=\"https:\/\/www.europesays.com\/fi\/wp-content\/uploads\/2025\/12\/39-15535636915fd07e39c4.jpeg\" class=\"aw-1l9m598 hKVVvP\"\/><\/p>\n<p>Avaa kuvien katselu<\/p>\n<p>Valtiovarainministeri (ps.) Riikka Purra arvioi, ett\u00e4 ensi vaalikaudelle on luvassa viel\u00e4 suuri m\u00e4\u00e4r\u00e4 julkisen talouden sopeutuksia. Kuva: Olivier Matthys \/ EPA<\/p>\n<p class=\"aw-1gybjub aw-1p7kakr kEtdKx cEmitX yle__article__paragraph\">Suomen pit\u00e4\u00e4 saada painettua julkisen talouden alij\u00e4\u00e4m\u00e4 EU:n sallimiin rajoihin vuoden 2028 loppuun menness\u00e4. N\u00e4in vaatii EU-komissio juuri julkaistussa suosituksessaan.<\/p>\n<p class=\"aw-1gybjub aw-1p7kakr kEtdKx cEmitX yle__article__paragraph\">K\u00e4yt\u00e4nn\u00f6ss\u00e4 julkisen talouden alij\u00e4\u00e4m\u00e4 t\u00e4ytyy siis saada alle kolmeen prosenttiin tulevien kolmen vuoden aikana.<\/p>\n<p class=\"aw-1gybjub aw-1p7kakr kEtdKx cEmitX yle__article__paragraph\">T\u00e4n\u00e4 vuonna julkisen talouden alij\u00e4\u00e4m\u00e4 on komission uusimman ennusteen mukaan 4,5 prosenttia, ensi vuonna 4 ja sit\u00e4 seuraavana vuonna 3,9 prosenttia.<\/p>\n<p class=\"aw-1gybjub aw-1p7kakr kEtdKx cEmitX yle__article__paragraph\">\u2013 Suomi joutuu EU:n tarkempaan seurantaan. Jatkamme julkisen talouden sopeuttamista kuten t\u00e4h\u00e4nkin saakka, valtiovarainministeri <strong class=\"aw-ak79eh KyCXm yle__article__strong\">Riikka Purra<\/strong> sanoo tiedotteen mukaan.<\/p>\n<p class=\"aw-1gybjub aw-1p7kakr kEtdKx cEmitX yle__article__paragraph\">Taustalla on se, ett\u00e4 EU on asettamassa Suomea EU:n \u201dtarkkailuluokalle\u201d eli liiallisen alij\u00e4\u00e4m\u00e4n menettelyyn. Se johtuu siit\u00e4, ett\u00e4 Suomen julkisen talouden alij\u00e4\u00e4m\u00e4 ylitt\u00e4\u00e4 EU-s\u00e4\u00e4nt\u00f6jen salliman kolmen prosentin maksimirajan. Alij\u00e4\u00e4m\u00e4 tarkoittaa julkisen talouden tuloja ylitt\u00e4v\u00e4\u00e4 menojen osuutta.<\/p>\n<p><img decoding=\"async\" alt=\"Liiallisen alij\u00e4\u00e4m\u00e4n menettelyss\u00e4 ovat Belgia, Italia, It\u00e4valta, Malta, Puola, Ranska, Romania, Slovakia ja Unkari. Suomi on joutumassa menettelyyn.\" src=\"https:\/\/www.europesays.com\/fi\/wp-content\/uploads\/2025\/12\/39-15593106925cebf8c4e7.jpeg\" loading=\"lazy\" class=\"aw-1l9m598 hKVVvP\"\/><\/p>\n<p>Avaa kuvien katselu<\/p>\n<p>Liiallisen alij\u00e4\u00e4m\u00e4n menettelyss\u00e4 on t\u00e4ll\u00e4 hetkell\u00e4 yhdeks\u00e4n maata, ja suurin osa j\u00e4senmaista on ollut menettelyss\u00e4 joskus. Kuva: Eetu-Mikko Pietarinen \/ Yle, Maija Keskisaari \/ YleKiristyv\u00e4 sopeutus koskee etenkin tulevaa hallitusta<\/p>\n<p class=\"aw-1gybjub aw-1p7kakr kEtdKx cEmitX yle__article__paragraph\">Komissio on nyt laatinut Suomelle julkisen talouden sopeutuspolun, jota noudattamalla Suomen pit\u00e4isi saada alij\u00e4\u00e4m\u00e4ns\u00e4 sallitun 3 prosentin rajan alapuolelle vuoden 2028 loppuun menness\u00e4. Sopeutuspolku m\u00e4\u00e4ritt\u00e4\u00e4 v\u00e4litavoitteet my\u00f6s kaikille seuraaville vuosille.<\/p>\n<p class=\"aw-1gybjub aw-1p7kakr kEtdKx cEmitX yle__article__paragraph\">Valtiovarainministeri Purran mukaan Suomi olisi jo t\u00e4ytt\u00e4m\u00e4ss\u00e4 ensi vuotta koskevan sopeutusvaatimuksen ja \u201dhyvin todenn\u00e4k\u00f6isesti\u201d my\u00f6s vuotta 2027 koskevat vaatimukset.<\/p>\n<p class=\"aw-1gybjub aw-1p7kakr kEtdKx cEmitX yle__article__paragraph\">\u2013 Komission ennusteen lukujen perusteella Suomen voidaan arvioida noudattavan nettomenopolkua.<\/p>\n<p class=\"aw-1gybjub aw-1p7kakr kEtdKx cEmitX yle__article__paragraph\">T\u00e4h\u00e4n vaikuttaa se, ett\u00e4 Suomella on t\u00e4ll\u00e4 hetkell\u00e4 voimassa EU:n my\u00f6nt\u00e4m\u00e4 poikkeuss\u00e4\u00e4nt\u00f6, jonka nojalla kasvaneita puolustusmenoja ei huomioida alij\u00e4\u00e4miss\u00e4. Ensi vuonna kohonneiden puolustusmenojen m\u00e4\u00e4r\u00e4 on VM:n mukaan 0,9 prosenttia suhteessa bruttokansantuotteeseen.<\/p>\n<p class=\"aw-1gybjub aw-1p7kakr kEtdKx cEmitX yle__article__paragraph\">Poikkeuss\u00e4\u00e4nt\u00f6 on voimassa viel\u00e4 vuonna 2028, jonka j\u00e4lkeen puolustusmenoista ei en\u00e4\u00e4 tule helpotusta alij\u00e4\u00e4m\u00e4s\u00e4\u00e4nn\u00f6n t\u00e4ytt\u00e4miseen.<\/p>\n<p class=\"aw-1gybjub aw-1p7kakr kEtdKx cEmitX yle__article__paragraph\">Komission vaatima sopeutusvauhti perustuu EU-lains\u00e4\u00e4d\u00e4nn\u00f6st\u00e4 tulevaan minimisopeutukseen, jonka mukaan vuosina 2026 ja 2027 niin sanotun rakenteellisen perusj\u00e4\u00e4m\u00e4n pit\u00e4isi vuosittain kohentua v\u00e4hint\u00e4\u00e4n 0,5 prosenttiyksikk\u00f6\u00e4 suhteessa bruttokansantuotteeseen. Rakenteellinen perusj\u00e4\u00e4m\u00e4 ei ole sama kuin alij\u00e4\u00e4m\u00e4. Siit\u00e4 on poistettu esimerkiksi suhdannevaihteluiden vaikutukset.<\/p>\n<p class=\"aw-1gybjub aw-1p7kakr kEtdKx cEmitX yle__article__paragraph\">Komission julkaisemien suositusten mukaan Suomen nettomenot saisivat kasvaa enint\u00e4\u00e4n 1,3 prosenttia vuonna 2026, 1,5 prosenttia vuonna 2027 ja 1,8 prosenttia vuonna 2028.<\/p>\n<p>T\u00e4t\u00e4 tarkkailuluokka k\u00e4yt\u00e4nn\u00f6ss\u00e4 tarkoittaa<\/p>\n<p class=\"aw-1gybjub aw-1p7kakr kEtdKx cEmitX yle__article__paragraph\">Liiallisen alij\u00e4\u00e4m\u00e4n menettely (EDP) on EU:n mekanismi, jolla pyrit\u00e4\u00e4n varmistamaan, ett\u00e4 j\u00e4senmaat noudattavat EU:n alij\u00e4\u00e4m\u00e4- ja velkas\u00e4\u00e4nt\u00f6j\u00e4.<\/p>\n<p class=\"aw-1gybjub aw-1p7kakr kEtdKx cEmitX yle__article__paragraph\">Komissio laatii menettelyyn asetettaville maille julkisen talouden sopeutuspolun, jota noudattamalla maan pit\u00e4isi painaa alij\u00e4\u00e4m\u00e4ns\u00e4 alle sallitun 3 prosentin rajan.<\/p>\n<p class=\"aw-1gybjub aw-1p7kakr kEtdKx cEmitX yle__article__paragraph\">EU voi antaa j\u00e4senmaalle suosituksia tarvittavista toimista, mutta p\u00e4\u00e4t\u00f6kset tekee j\u00e4senmaa itse.<\/p>\n<p class=\"aw-1gybjub aw-1p7kakr kEtdKx cEmitX yle__article__paragraph\">Menettelyyn joutuvan maan t\u00e4ytyy laatia suunnitelma siit\u00e4, miten se aikoo saada alij\u00e4\u00e4m\u00e4ns\u00e4 takaisin s\u00e4\u00e4nt\u00f6jen edellytt\u00e4m\u00e4lle tasolle.<\/p>\n<p class=\"aw-1gybjub aw-1p7kakr kEtdKx cEmitX yle__article__paragraph\">Tarkkailuokalle joutuvan maan t\u00e4ytyy my\u00f6s raportoida<\/p>\n<p class=\"aw-1gybjub aw-1p7kakr kEtdKx cEmitX yle__article__paragraph\">J\u00e4senmaalle voidaan m\u00e4\u00e4r\u00e4t\u00e4 sanktioita, jos se ei ryhdy toimiin julkisen talouden sopeuttamiseksi. Kynnys on kuitenkin hyvin korkea; yhdellek\u00e4\u00e4n j\u00e4senmaalle ei ole koskaan m\u00e4\u00e4r\u00e4tty sakkomaksuja.<\/p>\n<p class=\"aw-1gybjub aw-1p7kakr kEtdKx cEmitX yle__article__paragraph\">Juttua p\u00e4ivitet\u00e4\u00e4n<\/p>\n","protected":false},"excerpt":{"rendered":"Tarkkailuokka tuo lis\u00e4\u00e4 sopeutusvaatimuksia etenkin tulevalle hallitukseen. Nykyhallitus s\u00e4\u00e4styy niilt\u00e4 puolustus\u00admenojen tuoman poikkeuksen ansiosta. Avaa kuvien katselu Valtiovarainministeri&hellip;\n","protected":false},"author":2,"featured_media":114556,"comment_status":"","ping_status":"","sticky":false,"template":"","format":"standard","meta":{"footnotes":""},"categories":[12],"tags":[22,23,2207,1617,26,27,33,31,30,17,4114,24,25,28,29,15,18,21,637,32,78,19,20,16,2555,4003,21006],"class_list":{"0":"post-114555","1":"post","2":"type-post","3":"status-publish","4":"format-standard","5":"has-post-thumbnail","7":"category-suomi","8":"tag-breaking-news","9":"tag-breakingnews","10":"tag-euroopan-komissio","11":"tag-euroopan-unioni","12":"tag-featured-news","13":"tag-featurednews","14":"tag-fi","15":"tag-finland","16":"tag-finnish","17":"tag-headlines","18":"tag-julkinen-talous","19":"tag-latest-news","20":"tag-latestnews","21":"tag-main-news","22":"tag-mainnews","23":"tag-news","24":"tag-otsikot","25":"tag-paauutiset","26":"tag-politiikka","27":"tag-suomi","28":"tag-talous","29":"tag-top-stories","30":"tag-topstories","31":"tag-uutiset","32":"tag-valtiontalous","33":"tag-velkaantuminen","34":"tag-velkajarru"},"share_on_mastodon":{"url":"https:\/\/pubeurope.com\/@fi\/115706990176433004","error":""},"_links":{"self":[{"href":"https:\/\/www.europesays.com\/fi\/wp-json\/wp\/v2\/posts\/114555","targetHints":{"allow":["GET"]}}],"collection":[{"href":"https:\/\/www.europesays.com\/fi\/wp-json\/wp\/v2\/posts"}],"about":[{"href":"https:\/\/www.europesays.com\/fi\/wp-json\/wp\/v2\/types\/post"}],"author":[{"embeddable":true,"href":"https:\/\/www.europesays.com\/fi\/wp-json\/wp\/v2\/users\/2"}],"replies":[{"embeddable":true,"href":"https:\/\/www.europesays.com\/fi\/wp-json\/wp\/v2\/comments?post=114555"}],"version-history":[{"count":0,"href":"https:\/\/www.europesays.com\/fi\/wp-json\/wp\/v2\/posts\/114555\/revisions"}],"wp:featuredmedia":[{"embeddable":true,"href":"https:\/\/www.europesays.com\/fi\/wp-json\/wp\/v2\/media\/114556"}],"wp:attachment":[{"href":"https:\/\/www.europesays.com\/fi\/wp-json\/wp\/v2\/media?parent=114555"}],"wp:term":[{"taxonomy":"category","embeddable":true,"href":"https:\/\/www.europesays.com\/fi\/wp-json\/wp\/v2\/categories?post=114555"},{"taxonomy":"post_tag","embeddable":true,"href":"https:\/\/www.europesays.com\/fi\/wp-json\/wp\/v2\/tags?post=114555"}],"curies":[{"name":"wp","href":"https:\/\/api.w.org\/{rel}","templated":true}]}}