{"id":114565,"date":"2025-12-12T14:28:08","date_gmt":"2025-12-12T14:28:08","guid":{"rendered":"https:\/\/www.europesays.com\/fi\/114565\/"},"modified":"2025-12-12T14:28:08","modified_gmt":"2025-12-12T14:28:08","slug":"the-day-events-jarjestetaan-ensi-kesana-eri-aikaan-kuin-meripaivat-festivaali-myos-vaihtaa-nimea-paikalliset","status":"publish","type":"post","link":"https:\/\/www.europesays.com\/fi\/114565\/","title":{"rendered":"The Day Events j\u00e4rjestet\u00e4\u00e4n ensi kes\u00e4n\u00e4 eri aikaan kuin Merip\u00e4iv\u00e4t \u2013\u2009Festivaali my\u00f6s vaihtaa nime\u00e4 | Paikalliset"},"content":{"rendered":"<p>Merip\u00e4iviin kiinte\u00e4sti kuulunut The Day Events -festivaali j\u00e4rjestet\u00e4\u00e4n ensi vuonna hein\u00e4kuun alkupuolella ja erill\u00e4\u00e4n Kotkan kes\u00e4n ykk\u00f6stapahtumasta.<\/p>\n<p>Festivaali tiedotti perjantaina, ett\u00e4 uusi ajankohta on 10.\u201311.7. Samassa yhteydess\u00e4 tapahtuman nimi vaihtuu The Day Festivaliksi.<\/p>\n<p>\u2013\u2009Suomen festarikes\u00e4 on tosi ruuhkainen. Sielt\u00e4 on tosi vaikeaa l\u00f6yt\u00e4\u00e4 sopivaa viikonloppua ylip\u00e4\u00e4t\u00e4\u00e4n, <strong>Santeri Bremer<\/strong> The Day Eventsist\u00e4 perustelee ajankohtaa.<\/p>\n<p>H\u00e4nen mukaansa tapahtumaa ei haluttu j\u00e4rjest\u00e4\u00e4 samaan aikaan isojen festivaalien kanssa.<\/p>\n<p>\u2013\u2009Katsoimme, ett\u00e4 tuona viikonloppuna ei j\u00e4rjestet\u00e4 mit\u00e4\u00e4n merkitt\u00e4v\u00e4\u00e4, jonne Kotkasta l\u00e4htisi porukkaa. Halusimme, ett\u00e4 v\u00e4liss\u00e4 on eroa kaksi viikkoa Merip\u00e4iviin, Bremer kertoo.<\/p>\n<p>H\u00e4nen mukaansa vuodesta 2019 j\u00e4rjestetty tapahtuma on ollut toimiva Merip\u00e4ivien yhteydess\u00e4. Se ei ole syyn\u00e4 muutokseen.<\/p>\n<p>Bremerin mielest\u00e4 ajankohdan siirron avulla Kotkaan saadaan meininki\u00e4 nyt my\u00f6s muihin kes\u00e4viikonloppuihin Merip\u00e4ivien lis\u00e4ksi.<\/p>\n<p>\u2013\u2009Se on ollut v\u00e4h\u00e4n h\u00f6ps\u00f6\u00e4, ett\u00e4 t\u00e4\u00e4ll\u00e4 on j\u00e4rjestetty kaikki tapahtumat samana viikonloppuna, Bremer sanoo.<\/p>\n<p>Pohjimmaisena ajatuksena on ollut lis\u00e4t\u00e4 s\u00e4pin\u00e4\u00e4 kes\u00e4\u00e4n. J\u00e4rjest\u00e4j\u00e4t uskovat, ett\u00e4 jatkossa festarivieraat p\u00e4\u00e4sev\u00e4t nauttimaan festivaalista ja my\u00f6s perinteisest\u00e4 merip\u00e4iv\u00e4viikosta t\u00e4ysill\u00e4.<\/p>\n<p><strong class=\"diks-storyline__impact\">The Day Events<\/strong> Merip\u00e4iv\u00e4t on nauttinut suurta suosiota erityisesti nuorten aikuisten keskuudessa. Artistikattaus on koostunut valtakunnallisesti ajankohtaisista ja kiinnostavista artisteista.<\/p>\n<p>Bremer sanoo, ett\u00e4 muutoksella tavoitellaan my\u00f6s laajempaa yleis\u00f6\u00e4 ja laajemmalla ik\u00e4haitarilla.<\/p>\n<p>\u2013\u2009Olemme koko ajan menneet siihen suuntaan. Meill\u00e4 on koko ajan ollut hyvin hallussa nuoret aikuiset. Totta kai haluamme, ett\u00e4 festivaaleille tulee vanhempaa porukkaa. Unohtamatta meid\u00e4n p\u00e4\u00e4kohderyhm\u00e4\u00e4, Bremer sanoo.<\/p>\n<p>H\u00e4n kertoo, ett\u00e4 luvassa on my\u00f6s entist\u00e4 laajempaa markkinointia, kun festivaali irtoaa Merip\u00e4ivien kyljest\u00e4. Isoja muutoksia j\u00e4rjestelyyn muutos ei aiheuta, vaan festivaalia tehd\u00e4\u00e4n niin kuin aiemminkin.<\/p>\n<p>\u2013\u2009Olemme kuitenkin olleet koko ajan oma toimija, Bremer muistuttaa.<\/p>\n<p><strong class=\"diks-storyline__impact\">Muutoksella ei<\/strong> ole suuria vaikutuksia Merip\u00e4ivien muuhun tuotantoon. Suurin muutos tapahtumaj\u00e4rjest\u00e4j\u00e4n mukaan n\u00e4kyy aluesuunnittelussa.<\/p>\n<p>\u2013\u2009Aluesuunnittelu on totta kai iso ja vaativa kokonaisuus, mutta loppujen lopuksi kyseess\u00e4 on aina ollut kaksi erillist\u00e4 tapahtumaa, joten muuten Merip\u00e4ivien tuotanto jatkuu suunnitellusti, Kotkan Merip\u00e4ivien vastaava tuottaja <strong>Ulrika Vilke<\/strong> toteaa tiedotteessa.<\/p>\n<p>The Day Festivalin taustalla on kotkalainen vuonna 2018 perustettu The Day Events. Kyseess\u00e4 on Santeri Bremerin, <strong>Matias Mykk\u00e4sen<\/strong> ja <strong>Severi Torkkelin<\/strong> luotsaama yhti\u00f6. Se tunnetaan erityisesti pop-, hiphop -, rap- ja RnB -painotteisista musiikkitapahtumista. Tiimi j\u00e4rjest\u00e4\u00e4 erikokoisia tapahtumia pienemmist\u00e4 klubeista isompiin kokonaisuuksiin.<\/p>\n","protected":false},"excerpt":{"rendered":"Merip\u00e4iviin kiinte\u00e4sti kuulunut The Day Events -festivaali j\u00e4rjestet\u00e4\u00e4n ensi vuonna hein\u00e4kuun alkupuolella ja erill\u00e4\u00e4n Kotkan kes\u00e4n ykk\u00f6stapahtumasta. Festivaali&hellip;\n","protected":false},"author":2,"featured_media":114566,"comment_status":"","ping_status":"","sticky":false,"template":"","format":"standard","meta":{"footnotes":""},"categories":[130],"tags":[137,33,31,30,465,2289,108,524,47,141,32,2599,109],"class_list":{"0":"post-114565","1":"post","2":"type-post","3":"status-publish","4":"format-standard","5":"has-post-thumbnail","7":"category-viihde","8":"tag-entertainment","9":"tag-fi","10":"tag-finland","11":"tag-finnish","12":"tag-kotka","13":"tag-kotka-hamina-seutukunta","14":"tag-kulttuuri","15":"tag-kulttuuri-ja-taidetapahtumat-ja-nayttelyt","16":"tag-musiikki","17":"tag-muusikot-bandit","18":"tag-suomi","19":"tag-tapahtumat-ja-tapahtumatiedot","20":"tag-viihde"},"share_on_mastodon":{"url":"https:\/\/pubeurope.com\/@fi\/115707072051279073","error":""},"_links":{"self":[{"href":"https:\/\/www.europesays.com\/fi\/wp-json\/wp\/v2\/posts\/114565","targetHints":{"allow":["GET"]}}],"collection":[{"href":"https:\/\/www.europesays.com\/fi\/wp-json\/wp\/v2\/posts"}],"about":[{"href":"https:\/\/www.europesays.com\/fi\/wp-json\/wp\/v2\/types\/post"}],"author":[{"embeddable":true,"href":"https:\/\/www.europesays.com\/fi\/wp-json\/wp\/v2\/users\/2"}],"replies":[{"embeddable":true,"href":"https:\/\/www.europesays.com\/fi\/wp-json\/wp\/v2\/comments?post=114565"}],"version-history":[{"count":0,"href":"https:\/\/www.europesays.com\/fi\/wp-json\/wp\/v2\/posts\/114565\/revisions"}],"wp:featuredmedia":[{"embeddable":true,"href":"https:\/\/www.europesays.com\/fi\/wp-json\/wp\/v2\/media\/114566"}],"wp:attachment":[{"href":"https:\/\/www.europesays.com\/fi\/wp-json\/wp\/v2\/media?parent=114565"}],"wp:term":[{"taxonomy":"category","embeddable":true,"href":"https:\/\/www.europesays.com\/fi\/wp-json\/wp\/v2\/categories?post=114565"},{"taxonomy":"post_tag","embeddable":true,"href":"https:\/\/www.europesays.com\/fi\/wp-json\/wp\/v2\/tags?post=114565"}],"curies":[{"name":"wp","href":"https:\/\/api.w.org\/{rel}","templated":true}]}}