{"id":114570,"date":"2025-12-12T14:32:10","date_gmt":"2025-12-12T14:32:10","guid":{"rendered":"https:\/\/www.europesays.com\/fi\/114570\/"},"modified":"2025-12-12T14:32:10","modified_gmt":"2025-12-12T14:32:10","slug":"putinille-luettiin-madonluvut-venajan-tulevaisuudesta-katastrofeja","status":"publish","type":"post","link":"https:\/\/www.europesays.com\/fi\/114570\/","title":{"rendered":"Putinille luettiin madonluvut Ven\u00e4j\u00e4n tulevaisuudesta \u2013 \u201dKatastrofeja\u201d"},"content":{"rendered":"<p>Ven\u00e4j\u00e4n uusi terveysennuste maalaa synk\u00e4n kuvan maan tulevaisuudesta.<\/p>\n<p><img decoding=\"async\" class=\"image image-show image-preview\" src=\"https:\/\/www.europesays.com\/fi\/wp-content\/uploads\/2025\/12\/7b2f9979b8602a8c28b16f0e58f0bc404a830ca3cf52a607849a01cc3e983bf8.jpg\" alt=\"\"\/><img decoding=\"async\" class=\"image image-show\" src=\"https:\/\/www.europesays.com\/fi\/wp-content\/uploads\/2025\/12\/1765549930_67_7b2f9979b8602a8c28b16f0e58f0bc404a830ca3cf52a607849a01cc3e983bf8.jpg\" alt=\"\"\/><\/p>\n<p>Putin vieraili lastensairaalassa vuonna 2023.  GAVRIIL GRIGOROV\/SPUTNIK\/KREMLIN \/ POOL<\/p>\n<p class=\"paragraph\">Ven\u00e4j\u00e4n federaation terveydenhuollon kehitt\u00e4misstrategia vuoteen 2030 asti on julkaistu. Asiasta uutisoivat useat ven\u00e4l\u00e4ismediat kuten talousmedia Kommersant.<\/p>\n<p class=\"paragraph\">Ven\u00e4j\u00e4n presidentti <strong>Vladimir Putinille<\/strong> esiteltyyn strategiaan sis\u00e4ltyv\u00e4t ennusteet ovat synkk\u00e4\u00e4 luettavaa. Seuraavien viiden vuoden aikana kansallisen turvallisuuden uhat kasvavat.<\/p>\n<p class=\"paragraph\">Katastrofeissa, pandemioissa, liikenneonnettomuuksissa, terrori-iskuissa ja sabotaaseissa aiheutuvien uhrien sek\u00e4 vammautuneiden m\u00e4\u00e4r\u00e4n uskotaan kasvavan.<\/p>\n<p class=\"paragraph\">Strategiassa mainittuja uhkia ovat lis\u00e4ksi ei-tarttuvien tautien kuten sy\u00f6v\u00e4n lis\u00e4\u00e4ntyminen sek\u00e4 elintarviketuotannossa k\u00e4ytett\u00e4vien raaka-aineiden laadun heikkeneminen.<\/p>\n<p class=\"paragraph\">Ven\u00e4j\u00e4n merkitt\u00e4vimmiksi turvallisuusuhiksi listataan v\u00e4est\u00f6n ik\u00e4\u00e4ntyminen, l\u00e4\u00e4k\u00e4rivaje sek\u00e4 terveydenhuollon saavutettavuus.<\/p>\n<p>Hallitukselle teht\u00e4v\u00e4<\/p>\n<p class=\"paragraph\">Putinin mukaan ongelmien minimoimiseksi on tuotettava kotimaisia l\u00e4\u00e4kkeit\u00e4, motivoitava kansalaisia terveellisiin el\u00e4m\u00e4ntapoihin sek\u00e4 parannettava terveydenhuollon saavutettavuutta.<\/p>\n<p class=\"paragraph\">Ven\u00e4j\u00e4n hallitus on saanut teht\u00e4v\u00e4kseen hyv\u00e4ksy\u00e4 kuuden kuukauden kuluessa toimintasuunnitelman uuden strategian toteuttamiseksi.<\/p>\n<p class=\"paragraph\">Terveellisi\u00e4 el\u00e4m\u00e4ntapoja noudattavien kansalaisten osuus aiotaan kasvattaa 13,6 prosenttiin ja alkoholin kulutus v\u00e4hent\u00e4\u00e4 7,8 litraan etanolia asukasta kohti vuodessa.<\/p>\n<p>Belgorodilaisessa sairaalassa tehd\u00e4\u00e4n noin 120 proteesileikkausta kuukaudessa. Kuvassa operaatio lokakuussa. Stella Pictures<\/p>\n<p class=\"paragraph\">Lis\u00e4ksi \u201dteknologisen itsem\u00e4\u00e4r\u00e4\u00e4misoikeuden\u201d osalta strategia edellytt\u00e4\u00e4, ett\u00e4 Ven\u00e4j\u00e4ll\u00e4 tuotettujen l\u00e4\u00e4kkeiden osuus kasvatetaan 90 prosenttiin sek\u00e4 l\u00e4\u00e4kinn\u00e4llisten laitteiden osuus 40 prosenttiin.<\/p>\n<p class=\"paragraph\">Useat strategian tavoitteet vaikuttavat eritt\u00e4in kunnianhimoisilta, sill\u00e4 Ven\u00e4j\u00e4n l\u00e4\u00e4ke- ja laitevalmistus on edelleen riippuvainen ulkomaisista komponenteista. Kansainv\u00e4liset pakotteet ovat entisest\u00e4\u00e4n vaikeuttaneet kriittisten teknologioiden, raaka-aineiden ja tuotantolaitteiden hankintaa.<\/p>\n<p class=\"paragraph\">Lis\u00e4ksi Ven\u00e4j\u00e4n v\u00e4kiluku on v\u00e4hentynyt vuodesta 2019 l\u00e4htien noin kahdella miljoonalla ihmisell\u00e4. Lis\u00e4ksi Ven\u00e4j\u00e4n syntyvyysluvut jatkavat laskuaan ja ovat katastrofaalisen alhaisella tasolla.<\/p>\n<p class=\"paragraph\">Ven\u00e4j\u00e4ll\u00e4 syntyi 1,22 miljoonaa ihmist\u00e4 vuonna 2024. Sit\u00e4 v\u00e4hemm\u00e4n lapsia on syntynyt Ven\u00e4j\u00e4ll\u00e4 vain vuonna 1999, jolloin enn\u00e4tyslukema oli 1,21 miljoonaa.<\/p>\n","protected":false},"excerpt":{"rendered":"Ven\u00e4j\u00e4n uusi terveysennuste maalaa synk\u00e4n kuvan maan tulevaisuudesta. Putin vieraili lastensairaalassa vuonna 2023. GAVRIIL GRIGOROV\/SPUTNIK\/KREMLIN \/ POOL Ven\u00e4j\u00e4n&hellip;\n","protected":false},"author":2,"featured_media":114571,"comment_status":"","ping_status":"","sticky":false,"template":"","format":"standard","meta":{"footnotes":""},"categories":[14],"tags":[35,22,23,26,27,33,31,30,17,24,25,28,29,15,18,21,637,32,19,20,56,16,10928,1262,1665,59,60,61,13032],"class_list":{"0":"post-114570","1":"post","2":"type-post","3":"status-publish","4":"format-standard","5":"has-post-thumbnail","7":"category-ulkomaat","8":"tag-24h","9":"tag-breaking-news","10":"tag-breakingnews","11":"tag-featured-news","12":"tag-featurednews","13":"tag-fi","14":"tag-finland","15":"tag-finnish","16":"tag-headlines","17":"tag-latest-news","18":"tag-latestnews","19":"tag-main-news","20":"tag-mainnews","21":"tag-news","22":"tag-otsikot","23":"tag-paauutiset","24":"tag-politiikka","25":"tag-suomi","26":"tag-top-stories","27":"tag-topstories","28":"tag-ulkomaat","29":"tag-uutiset","30":"tag-venajan-opposition-koordinaationeuvosto","31":"tag-venajan-politiikka","32":"tag-venalaiset-poliitikot","33":"tag-world","34":"tag-world-news","35":"tag-worldnews","36":"tag-yhtenainen-venaja-puolue"},"share_on_mastodon":{"url":"https:\/\/pubeurope.com\/@fi\/115707088087384004","error":""},"_links":{"self":[{"href":"https:\/\/www.europesays.com\/fi\/wp-json\/wp\/v2\/posts\/114570","targetHints":{"allow":["GET"]}}],"collection":[{"href":"https:\/\/www.europesays.com\/fi\/wp-json\/wp\/v2\/posts"}],"about":[{"href":"https:\/\/www.europesays.com\/fi\/wp-json\/wp\/v2\/types\/post"}],"author":[{"embeddable":true,"href":"https:\/\/www.europesays.com\/fi\/wp-json\/wp\/v2\/users\/2"}],"replies":[{"embeddable":true,"href":"https:\/\/www.europesays.com\/fi\/wp-json\/wp\/v2\/comments?post=114570"}],"version-history":[{"count":0,"href":"https:\/\/www.europesays.com\/fi\/wp-json\/wp\/v2\/posts\/114570\/revisions"}],"wp:featuredmedia":[{"embeddable":true,"href":"https:\/\/www.europesays.com\/fi\/wp-json\/wp\/v2\/media\/114571"}],"wp:attachment":[{"href":"https:\/\/www.europesays.com\/fi\/wp-json\/wp\/v2\/media?parent=114570"}],"wp:term":[{"taxonomy":"category","embeddable":true,"href":"https:\/\/www.europesays.com\/fi\/wp-json\/wp\/v2\/categories?post=114570"},{"taxonomy":"post_tag","embeddable":true,"href":"https:\/\/www.europesays.com\/fi\/wp-json\/wp\/v2\/tags?post=114570"}],"curies":[{"name":"wp","href":"https:\/\/api.w.org\/{rel}","templated":true}]}}