{"id":114588,"date":"2025-12-12T14:59:09","date_gmt":"2025-12-12T14:59:09","guid":{"rendered":"https:\/\/www.europesays.com\/fi\/114588\/"},"modified":"2025-12-12T14:59:09","modified_gmt":"2025-12-12T14:59:09","slug":"savupiippu-nielaisi-matkustajan-tallink-siljan-laivalla","status":"publish","type":"post","link":"https:\/\/www.europesays.com\/fi\/114588\/","title":{"rendered":"Savupiippu nielaisi matkustajan Tallink Siljan laivalla"},"content":{"rendered":"<p>Parikymppinen mies aiheutti hyvin erikoisen tilanteen It\u00e4merell\u00e4.<\/p>\n<p><img decoding=\"async\" class=\"image image-show image-preview\" src=\"https:\/\/www.europesays.com\/fi\/wp-content\/uploads\/2025\/12\/73eee1ad50fe560a3b46a1984f4057118170a042af1c23b50976dcc93ccd6082.jpg\" alt=\"\"\/><img decoding=\"async\" class=\"image image-show\" src=\"https:\/\/www.europesays.com\/fi\/wp-content\/uploads\/2025\/12\/1765551549_18_73eee1ad50fe560a3b46a1984f4057118170a042af1c23b50976dcc93ccd6082.jpg\" alt=\"\"\/><\/p>\n<p>Tukholman ja Tallinnan v\u00e4lill\u00e4 kulkeva Baltic Queen koukkaa reitill\u00e4\u00e4n my\u00f6s Suomen puolella Maarianhaminassa. Tallink Silja<\/p>\n<p class=\"paragraph\">Mik\u00e4 yhdist\u00e4\u00e4 amerikkalaista joulupukkia ja p\u00e4ihtynytt\u00e4 ruotsalaismiest\u00e4?<\/p>\n<p class=\"paragraph\">He saapuvat peremm\u00e4lle savupiipun kautta.<\/p>\n<p class=\"paragraph\">N\u00e4in k\u00e4vi Tukholman, Maarianhaminan ja Tallinnan v\u00e4lill\u00e4 liikenn\u00f6iv\u00e4ll\u00e4 Tallink Siljan Baltic Queenill\u00e4 30. marraskuuta, kun matkustaja tunkeutui laivan konehuoneeseen.<\/p>\n<p class=\"paragraph\">Tallink Siljan viestint\u00e4johtaja <strong>Marika N\u00f6jd<\/strong> vahvistaa Iltalehdelle, ett\u00e4 matkustaja onnistui sujahtamaan konehuoneeseen savupiipusta. Tilanteeseen onnistuttiin puuttumaan laivalla v\u00e4litt\u00f6m\u00e4sti.<\/p>\n<p class=\"paragraph\">\u2013 Tutkinnassa selvisi, ett\u00e4 h\u00e4n oli sivuuttanut turvamerkinn\u00e4t ja kiivennyt sis\u00e4\u00e4n t\u00e4ysin luvatta.<\/p>\n<p class=\"paragraph\"><strong>Miten savupiippuun p\u00e4\u00e4seminen on mahdollista?<\/strong><\/p>\n<p class=\"paragraph\">\u2013 Savupiipun ymp\u00e4rill\u00e4 t\u00e4ytyy tietysti olla p\u00e4\u00e4sy huoltotoimenpiteit\u00e4 varten. Siell\u00e4 on kaiteita ja erilaisia portteja, jotka est\u00e4v\u00e4t p\u00e4\u00e4syn sinne, mutta h\u00e4n on todenn\u00e4k\u00f6isesti kiivennyt niiden kaikkien yli ja p\u00e4\u00e4ssyt sit\u00e4 kautta sis\u00e4\u00e4n.<\/p>\n<p>Ruotsalaisnuorukainen<\/p>\n<p class=\"paragraph\"><a href=\"https:\/\/www.aftonbladet.se\/nyheter\/a\/ln1Q8M\/full-man-tryckte-pa-massa-knappar-i-baltic-queens-maskinrum\" target=\"_blank\" rel=\"noopener nofollow\">Aftonbladetin<\/a> mukaan konehuoneeseen p\u00e4\u00e4ssyt matkustaja oli huumeiden vaikutuksen alaisena ollut mies.<\/p>\n<p class=\"paragraph\">N\u00f6jd kertoo, ett\u00e4 mies on noin 20-vuotias Ruotsin kansalainen.<\/p>\n<p class=\"paragraph\">N\u00f6jdin mukaan miehen tunkeutuminen havaittiin aamulla kello 7.12. Laiva oli tuolloin lipumassa Tukholman saaristossa.<\/p>\n<p class=\"paragraph\">\u2013 H\u00e4net saatiin kiinni ja luovutettiin saapumisen j\u00e4lkeen Tukholman poliisille.<\/p>\n<p class=\"paragraph\">Ruotsin poliisi ep\u00e4ilee miest\u00e4 huumausainerikoksesta, t\u00f6rke\u00e4st\u00e4 luvattomasta tunkeutumisesta ja yrityksest\u00e4 merenkulun sabotointiin, Aftonbladet kertoo.<\/p>\n<p class=\"paragraph\">Aftonbladetin mukaan sekava mies oli painellut konehuoneessa useita nappeja ja h\u00e4t\u00e4pys\u00e4ytyst\u00e4.<\/p>\n<p class=\"paragraph\">\u2013 H\u00e4n meni siell\u00e4 t\u00e4ysin sekaisin, Aftonbladetin l\u00e4hde kuvaili.<\/p>\n<p>Kaikki laivat syyniin<\/p>\n<p class=\"paragraph\">Tallink Silja on ryhtynyt tapauksen tiimoilta j\u00e4reisiin turvatoimiin.<\/p>\n<p class=\"paragraph\">\u2013 Tapaus otettiin eritt\u00e4in vakavasti. Lukitusj\u00e4rjestelmi\u00e4 on muutettu, savupiippualueelle asennetaan lis\u00e4\u00e4 kameroita, ja kaikki Tallink Silja Linen alukset tarkastetaan, jotta luvaton p\u00e4\u00e4sy rajoitetuille alueille voidaan est\u00e4\u00e4, N\u00f6jd kertoo.<\/p>\n<p class=\"paragraph\">Tallink Siljan laivoja ovat Baltic Queenin lis\u00e4ksi muun muassa Helsingin ja Tukholman v\u00e4lill\u00e4 liikenn\u00f6iv\u00e4t Silja Serenade ja Silja Symphony sek\u00e4 Turun ja Tukholman v\u00e4lill\u00e4 liikenn\u00f6iv\u00e4 Baltic Princess.<\/p>\n<p class=\"paragraph\">Tapaus on t\u00e4ll\u00e4 hetkell\u00e4 Tallink Siljan sis\u00e4isess\u00e4 selvityksess\u00e4. My\u00f6s Ruotsin poliisin tutkinta jatkuu, vaikka Aftonbladetin mukaan rikoksista ep\u00e4ilty mies on p\u00e4\u00e4stetty vapaaksi.<\/p>\n","protected":false},"excerpt":{"rendered":"Parikymppinen mies aiheutti hyvin erikoisen tilanteen It\u00e4merell\u00e4. Tukholman ja Tallinnan v\u00e4lill\u00e4 kulkeva Baltic Queen koukkaa reitill\u00e4\u00e4n my\u00f6s Suomen&hellip;\n","protected":false},"author":2,"featured_media":114589,"comment_status":"","ping_status":"","sticky":false,"template":"","format":"standard","meta":{"footnotes":""},"categories":[12],"tags":[35,22,23,26,27,33,31,30,17,24,25,28,29,3036,3037,21021,15,18,21,32,19,20,16,2569,2568],"class_list":{"0":"post-114588","1":"post","2":"type-post","3":"status-publish","4":"format-standard","5":"has-post-thumbnail","7":"category-suomi","8":"tag-24h","9":"tag-breaking-news","10":"tag-breakingnews","11":"tag-featured-news","12":"tag-featurednews","13":"tag-fi","14":"tag-finland","15":"tag-finnish","16":"tag-headlines","17":"tag-latest-news","18":"tag-latestnews","19":"tag-main-news","20":"tag-mainnews","21":"tag-meri-ja-rannikkoliikenne","22":"tag-meriliikenteen-henkilokuljetus","23":"tag-merirahtiliikenne","24":"tag-news","25":"tag-otsikot","26":"tag-paauutiset","27":"tag-suomi","28":"tag-top-stories","29":"tag-topstories","30":"tag-uutiset","31":"tag-vesikulkuneuvot","32":"tag-vesiliikenne"},"share_on_mastodon":{"url":"https:\/\/pubeurope.com\/@fi\/115707194046966856","error":""},"_links":{"self":[{"href":"https:\/\/www.europesays.com\/fi\/wp-json\/wp\/v2\/posts\/114588","targetHints":{"allow":["GET"]}}],"collection":[{"href":"https:\/\/www.europesays.com\/fi\/wp-json\/wp\/v2\/posts"}],"about":[{"href":"https:\/\/www.europesays.com\/fi\/wp-json\/wp\/v2\/types\/post"}],"author":[{"embeddable":true,"href":"https:\/\/www.europesays.com\/fi\/wp-json\/wp\/v2\/users\/2"}],"replies":[{"embeddable":true,"href":"https:\/\/www.europesays.com\/fi\/wp-json\/wp\/v2\/comments?post=114588"}],"version-history":[{"count":0,"href":"https:\/\/www.europesays.com\/fi\/wp-json\/wp\/v2\/posts\/114588\/revisions"}],"wp:featuredmedia":[{"embeddable":true,"href":"https:\/\/www.europesays.com\/fi\/wp-json\/wp\/v2\/media\/114589"}],"wp:attachment":[{"href":"https:\/\/www.europesays.com\/fi\/wp-json\/wp\/v2\/media?parent=114588"}],"wp:term":[{"taxonomy":"category","embeddable":true,"href":"https:\/\/www.europesays.com\/fi\/wp-json\/wp\/v2\/categories?post=114588"},{"taxonomy":"post_tag","embeddable":true,"href":"https:\/\/www.europesays.com\/fi\/wp-json\/wp\/v2\/tags?post=114588"}],"curies":[{"name":"wp","href":"https:\/\/api.w.org\/{rel}","templated":true}]}}