{"id":114594,"date":"2025-12-12T15:19:09","date_gmt":"2025-12-12T15:19:09","guid":{"rendered":"https:\/\/www.europesays.com\/fi\/114594\/"},"modified":"2025-12-12T15:19:09","modified_gmt":"2025-12-12T15:19:09","slug":"italialaiset-rakensivat-oven-josta-ei-mahtunut-kulkemaan-nyt-muhii-viela-suurempi-farssi","status":"publish","type":"post","link":"https:\/\/www.europesays.com\/fi\/114594\/","title":{"rendered":"Italialaiset rakensivat oven, josta ei mahtunut kulkemaan \u2013 Nyt muhii viel\u00e4 suurempi farssi"},"content":{"rendered":"<p>Milano-Cortinan olympiavalmistelut ovat pahasti kesken.<\/p>\n<p class=\"paragraph\">Milano-Cortinan olympialaisten j\u00e4\u00e4kiekkokaukalon koosta on tullut melkoinen puheenaihe.<\/p>\n<p class=\"paragraph\">Olympialaisissa pelataan noin 60 metrin pituisessa ja 26 metri\u00e4 leve\u00e4ss\u00e4 askissa. NHL:ss\u00e4 on totuttu mittelem\u00e4\u00e4n noin metrin pidemm\u00e4ss\u00e4 kaukalossa.<\/p>\n<p class=\"paragraph\">Italian j\u00e4rjestelyongelmien takia on teoriassa yh\u00e4 mahdollista, ett\u00e4 NHL-pelaajat eiv\u00e4t saavukaan olympialaisiin. Kaukalon koon lis\u00e4ksi kiekkokansaa puhuttaa j\u00e4\u00e4n potentiaalinen huono kunto. Kest\u00e4\u00e4k\u00f6 j\u00e4\u00e4 usean ottelun pelaamisen saman p\u00e4iv\u00e4n aikana, kun hallissa on yleis\u00f6\u00e4kin?<\/p>\n<p class=\"paragraph\">Santa Giulia -areena on viel\u00e4 pahasti keskener\u00e4inen vain pari kuukautta ennen olympiakiekon alkua.<\/p>\n<p class=\"paragraph\">\u2013 Jos j\u00e4\u00e4 on pelikelvoton, sitten se on pelikelvoton. Jos pelaajat kokevat j\u00e4\u00e4n vaaralliseksi, he eiv\u00e4t pelaa. Niin yksinkertaista se on, NHL:n varakomissaari <strong>Bill Daly<\/strong> sanoi maanantaina <a href=\"https:\/\/www.sportsnet.ca\/nhl\/article\/daly-optimistic-olympic-arena-will-be-completed-on-time-to-league-standard\/\" rel=\"noopener nofollow\" target=\"_blank\">Sportsnetille<\/a>.<\/p>\n<p class=\"paragraph\">Ensin puhutti kaukalon koko, sitten j\u00e4\u00e4n laatu.<\/p>\n<p class=\"paragraph\">Daly sanoi <a href=\"https:\/\/www.nytimes.com\/athletic\/6874299\/2025\/12\/08\/bill-daly-nhl-milan-olympics-rink\/?source=user_shared_article\" rel=\"noopener nofollow\" target=\"_blank\">The Athleticille<\/a> j\u00e4\u00e4neens\u00e4 siihen k\u00e4sitykseen, ett\u00e4 IIHF ei tiennyt NHL-kaukalon mittoja.<\/p>\n<p class=\"paragraph\">Toisaalta NHL on itse j\u00e4rjest\u00e4nyt Global Series -otteluita samankokoisessa kaukalossa kuin mit\u00e4 Milanossa on.<\/p>\n<p>Noloa<\/p>\n<p>Lasse Kukkonen pelasi olympiakiekkoa Italiassa vuonna 2006. Jussi Eskola<\/p>\n<p class=\"paragraph\">Entinen huippupelaaja, olympia- ja NHL-kaukalot l\u00e4pi kolunnut <strong>Lasse Kukkonen<\/strong> ei ostanut selityst\u00e4, ett\u00e4 metrin lyhyempi kaukalo olisi turvallisuuden osalta niin merkitt\u00e4v\u00e4 haittatekij\u00e4, ett\u00e4 NHL-pelaajat vet\u00e4ytyisiv\u00e4t arvokisoista.<\/p>\n<p class=\"paragraph\">\u2013 Kuulostaisi aika kaukaa haetulta, jos puhutaan turvallisuusriskist\u00e4 ja kaukalon koosta, eik\u00e4 esimerkiksi siit\u00e4, onko moderni joustokaukalo vai vanhan tyypin kaukalo. Luulisi, ett\u00e4 pelaajat pystyv\u00e4t sopeutumaan eri kokoiseen kaukaloon. En tied\u00e4, miten se olisi merkitt\u00e4v\u00e4 turvallisuusriski.<\/p>\n<p class=\"paragraph\">NHL:n huoli j\u00e4\u00e4n kunnosta on aiheellinen. Halli on pahasti kesken, eik\u00e4 testitapahtumaa ole voitu n\u00e4in j\u00e4rjest\u00e4\u00e4 yleis\u00f6lle.<\/p>\n<p class=\"paragraph\">Kolminkertainen olympiamitalisti toteaa, ett\u00e4 t\u00e4m\u00e4 on huomattavasti t\u00e4rke\u00e4mpi turvallisuusseikka.<\/p>\n<p class=\"paragraph\">\u2013 Se on huomattavasti merkitt\u00e4v\u00e4mpi asia. Jos j\u00e4\u00e4ss\u00e4 on railoja tai pehmeytt\u00e4, loukkaantumisriski kasvaa huomattavasti. T\u00e4ss\u00e4kin veikkaisin, ett\u00e4 NHL haluaa varmistaa j\u00e4\u00e4n kunnon hyviss\u00e4 ajoin ja nostaa asian nyt jo esille.<\/p>\n<p class=\"paragraph\">Kukkonen pohtii my\u00f6s, ovatko olympiakaukalosta ja -fasiliteeteista vastaavat yht\u00e4 tosissaan kuin NHL.<\/p>\n<p class=\"paragraph\">\u2013 Voi olla, ett\u00e4 NHL:ll\u00e4 ei ole ihan sellainen k\u00e4sitys, ett\u00e4 Italiassa olisi ymm\u00e4rretty, kuinka vakavasti t\u00e4m\u00e4 asia otetaan. Nyt sitten haluttiin nostaa asia esille julkisuuden kautta ja panna oikeasti painetta toiseen suuntaan.<\/p>\n<p class=\"paragraph\">J\u00e4rjest\u00e4j\u00e4n sekoilu kaukalon ja j\u00e4\u00e4hallin kanssa ihmetytt\u00e4\u00e4 moninkertaista arvokisak\u00e4vij\u00e4\u00e4.<\/p>\n<p class=\"paragraph\">\u2013 Toki onhan se ihmeellist\u00e4, ett\u00e4 ei osata kaukaloa kasata. Mutta en jaksa uskoa, ett\u00e4 kovin moni pelaaja, joka on lapsena haaveillut edustavansa maataan olympialaisissa, heitt\u00e4isi pyyhkeen keh\u00e4\u00e4n, kun kaukalo on metrin v\u00e4\u00e4r\u00e4n kokoinen.<\/p>\n<p class=\"paragraph\"><strong>Kuinka nolona pid\u00e4tte sit\u00e4, jos NHL-pelaajat lopulta vet\u00e4ytyisiv\u00e4t olympialaisista?<\/strong><\/p>\n<p class=\"paragraph\">\u2013 Jos nyt haluaa kunnolla jossitella ja k\u00e4visi niin, olisihan se noloa. Siin\u00e4 oltaisiin sitten aikamoinen aasin hattu p\u00e4\u00e4ss\u00e4. Koska t\u00e4ss\u00e4 on edelleenkin aikaa olympialaisiin. En kuitenkaan usko, ett\u00e4 t\u00e4h\u00e4n asti joudutaan menem\u00e4\u00e4n.<\/p>\n<p>Ei ensimm\u00e4inen kerta<\/p>\n<p class=\"paragraph\">Kukkonen on kaikesta huolimatta optimistinen. H\u00e4n uskoo, ett\u00e4 pahimmilta uhkakuvilta v\u00e4ltyt\u00e4\u00e4n ja NHL-pelaajat ovat helmikuussa yhdess\u00e4 mukana ratkomassa olympiamitalien kohtaloa.<\/p>\n<p class=\"paragraph\">\u2013 Itsell\u00e4ni on sellainen mielikuva, ett\u00e4 melkein kaikissa isoissa arvokisoissa, on sitten olympialaiset tai esimerkiksi jalkapallon MM-kisat, j\u00e4nnitet\u00e4\u00e4n, saadaanko hallit, stadionit ja suorituspaikat valmiiksi ajoissa. Aina ne ovat kuitenkin valmistuneet kilpailukuntoon. Muistaakseni aiemmissakin olympialaisissa on viime metreill\u00e4 taiteiltu leikkaa ja liimaa -periaatteella paikat kasaan, h\u00e4n arvioi.<\/p>\n<p class=\"paragraph\">\u2013 Mutta onhan se siin\u00e4 mieless\u00e4 huvittavaa, ett\u00e4 aina tapahtuman ajankohta tiedet\u00e4\u00e4n hyviss\u00e4 ajoin, mutta siit\u00e4 huolimatta joudutaan spekuloimaan, ett\u00e4 mit\u00e4 jos paikat eiv\u00e4t valmistukaan ajallaan. Uskon kuitenkin, ett\u00e4 NHL-pelaajat pelaavat olympialaisissa.<\/p>\n<p class=\"paragraph\">Leijonalegendan mielikuva ei ole v\u00e4\u00e4r\u00e4.<\/p>\n<p class=\"paragraph\">Torinon talviolympialaisissa vuonna 2006 rakennusty\u00f6t venyiv\u00e4t viime metreille, eik\u00e4 j\u00e4\u00e4hallissa ehditty j\u00e4rjest\u00e4\u00e4 kunnollista testitapahtumaa. J\u00e4rjest\u00e4j\u00e4t joutuivat tekem\u00e4\u00e4n vain pari kuukautta ennen kisojen alkua merkitt\u00e4vi\u00e4 muutoksia katsomoon.<\/p>\n<p class=\"paragraph\">\u2013 Huomasimme, ett\u00e4 se iso ovi, josta Zamboni ajaa sis\u00e4\u00e4n, oli liian pieni. Heid\u00e4n piti kirjaimellisesti leikata katsomoa pois saadakseen sen kuntoon, Torinon olympialaisissa j\u00e4\u00e4kiekon lajip\u00e4\u00e4llik\u00f6n asemassa rakennust\u00f6it\u00e4 seurannut <strong>Jukka-Pekka Vuorinen<\/strong> kertoi <a href=\"https:\/\/www.nytimes.com\/athletic\/6873441\/2025\/12\/09\/milan-olympics-hockey-rink-history\/\" rel=\"noopener nofollow\" target=\"_blank\">The Athleticille<\/a>.<\/p>\n<p>Jukka-Pekka Vuorinen jakoi ajatuksiaan The Athleticille. Pete Anikari<\/p>\n<p class=\"paragraph\">Milanon j\u00e4\u00e4hallin rakennusty\u00f6t ovat kuitenkin viel\u00e4 enemm\u00e4n kesken kuin Torinossa vuonna 2006 samaan aikaan.<\/p>\n<p class=\"paragraph\">NHL:n ty\u00f6ntekij\u00e4t k\u00e4viv\u00e4t katsomassa fasiliteetteja elokuussa, jolloin n\u00e4ky oli karu: harjoitushallin rakentamista ei ollut edes aloitettu eik\u00e4 j\u00e4\u00e4hallille ollut raivattu tiet\u00e4.<\/p>\n<p class=\"paragraph\">T\u00e4m\u00e4n takia NHL on l\u00e4hett\u00e4nyt omaa henkil\u00f6kuntaansa paikan p\u00e4\u00e4lle konsultoimaan rakennust\u00f6iss\u00e4.<\/p>\n<p>Hyv\u00e4 kokemus<\/p>\n<p class=\"paragraph\">Kukkosella on omakohtaista kokemusta Italiassa j\u00e4rjestetyist\u00e4 talviolympialaisista. Oululainen edusti maataan Torinossa vuonna 2006 ollessaan 24-vuotias.<\/p>\n<p class=\"paragraph\">Kukkonen kertoo ihmetelleens\u00e4 olympiahuumaa suurin silmin. H\u00e4n ei huomannut mit\u00e4\u00e4n erityisi\u00e4 ongelmia j\u00e4rjestelyiss\u00e4.<\/p>\n<p class=\"paragraph\">\u2013 Ensimm\u00e4inen muistikuva on tietysti se, kuinka upea ja mahtava se kokemus oli. Se oli ensimm\u00e4inen kertani olympialaisissa, ja siin\u00e4 Leijonien joukkueessa oli paljon idoleitani, kuten esimerkiksi <strong>Teemu [Sel\u00e4nne]<\/strong>.<\/p>\n<p class=\"paragraph\">J\u00e4lkeenp\u00e4in tarkasteltuna puutteitakin l\u00f6ytyi.<\/p>\n<p class=\"paragraph\">\u2013 Nyt kun j\u00e4lkeenp\u00e4in muistelee, eiv\u00e4t ne olympiakyl\u00e4n asunnot ihan priimaa olleet, ja ehk\u00e4 siell\u00e4 oli muitakin pieni\u00e4 ongelmia. Mutta se on toisaalta inhimillist\u00e4kin tuon kokoluokan tapahtumassa. Isossa kuvassa kaikki meni hyvin, h\u00e4n muistelee.<\/p>\n<p>K\u00e4rp\u00e4sest\u00e4 h\u00e4rk\u00e4nen<\/p>\n<p>Pekka Virta on Iltalehden j\u00e4\u00e4kiekkoasiantuntija. Roni Lehti<\/p>\n<p class=\"paragraph\">Mit\u00e4 tulee itse tuotteeseen j\u00e4\u00e4ll\u00e4, Iltalehden j\u00e4\u00e4kiekkoasiantuntija <strong>Pekka Virta<\/strong> ei usko, ett\u00e4 metrin heitto kaukalossa vaikuttaisi merkitt\u00e4v\u00e4sti itse peliin.<\/p>\n<p class=\"paragraph\">Parhaat ovat parhaita olosuhteista huolimatta.<\/p>\n<p class=\"paragraph\">\u2013 Uskon, ett\u00e4 tuo muutos [lyhyempi kaukalo] ei ole NHL:ss\u00e4 pelaaville pelaajille niin suuri. Jos taas levennett\u00e4isiin kaukaloa olympiamittoihin eli 30 metriin, se voisi muokata peli\u00e4 paljon enemm\u00e4n. NHL-pelaajat kuitenkin ovat p\u00e4\u00e4osassa turnauksessa.<\/p>\n<p class=\"paragraph\">Asiantuntija pohtii, ett\u00e4 jos kaukaloa levennett\u00e4isiin, pelaajat eiv\u00e4t puolustaisi m\u00e4\u00e4r\u00e4llisesti niin paljon mies miest\u00e4 vastaan. Leve\u00e4ss\u00e4 kaukalossa yhteisty\u00f6puolustaminen korostuu.<\/p>\n<p class=\"paragraph\">\u2013 Parhaat pelaajat ja joukkueet lopulta p\u00e4rj\u00e4\u00e4v\u00e4t. Siin\u00e4 mieless\u00e4 metri ei hirve\u00e4sti muokkaa itse peli\u00e4. Hyv\u00e4t pelaajat sopeutuvat tilanteeseen kuin tilanteeseen.<\/p>\n<p class=\"paragraph\">Virta muistuttaa, ett\u00e4 joukkueet ja pelaajat ovat menestyneet ennenkin uusissa ymp\u00e4rist\u00f6iss\u00e4.<\/p>\n<p class=\"paragraph\">Esimerkiksi Neuvostoliitto voitti olympiakultaa Calgaryn olympialaisissa vuonna 1988 joukkueelle entuudestaan tuntemattomammassa pieness\u00e4 kaukalossa.<\/p>\n<p>Vauhti<\/p>\n<p class=\"paragraph\">J\u00e4\u00e4kiekko on viime vuosina liikkunut hurjaa vauhtia entist\u00e4 nopeampaan suuntaan, jotta peli olisi mahdollisimman yleis\u00f6yst\u00e4v\u00e4llist\u00e4 ja viihdytt\u00e4v\u00e4\u00e4.<\/p>\n<p class=\"paragraph\">Peli\u00e4 on pyritty nopeuttamaan muun muassa suurentamalla hy\u00f6kk\u00e4ysaluetta siirt\u00e4m\u00e4ll\u00e4 siniviivoja taaksep\u00e4in. T\u00e4ll\u00e4 on toivottu pitki\u00e4 hy\u00f6kk\u00e4ysp\u00e4\u00e4n py\u00f6rityksi\u00e4 ja komeita yksil\u00f6suorituksia.<\/p>\n<p class=\"paragraph\">\u2013 Ja kamppailu- ja estopelaamista rajoitettiin. T\u00e4m\u00e4 my\u00f6s v\u00e4hensi osaltaan yksi vastaan yksi -tilanteita, joissa virtuositeetti ja yksil\u00f6taito olisivat nousseet esiin, Virta sanoo.<\/p>\n<p class=\"paragraph\">S\u00e4\u00e4nt\u00f6muutokset ovat tehneet my\u00f6s sen, ett\u00e4 kiekko viivaan ja toimitus maalille -tyylinen kaava on yleistynyt ja suuressa arvossa.<\/p>\n<p class=\"paragraph\">\u2013 N\u00e4iss\u00e4 tilanteissa maalin edustalla on paljon tapahtumia. Puolustuspelaaminen on nyt sit\u00e4, ett\u00e4 sumputetaan keskustaa.<\/p>\n<p class=\"paragraph\">Virta ymm\u00e4rt\u00e4\u00e4 NHL:n orastavan huolen pelaajien turvallisuudesta hurjissa vauhdeissa, mutta h\u00e4n ei koe, ett\u00e4 metrin merkitys olisi j\u00e4risytt\u00e4v\u00e4.<\/p>\n<p class=\"paragraph\">\u2013 Kun vauhti on kova, tapahtumia tulee enemm\u00e4n ja sit\u00e4 kautta riskit ovat suurempia.<\/p>\n<p><a href=\"https:\/\/www.iltalehti.fi\/jaakiekko\/a\/1ae71ab3-3179-4e5d-95ce-15a50bbf7509\" rel=\"nofollow noopener\" target=\"_blank\"><img decoding=\"async\" src=\"https:\/\/www.europesays.com\/fi\/wp-content\/uploads\/2025\/10\/4a4e280ca1a75d884de6ebd943738ae5d99be138803b843a647b7d7c8a538b0b.png\" alt=\"Osallistu arvontaan\"\/><\/a><\/p>\n","protected":false},"excerpt":{"rendered":"Milano-Cortinan olympiavalmistelut ovat pahasti kesken. Milano-Cortinan olympialaisten j\u00e4\u00e4kiekkokaukalon koosta on tullut melkoinen puheenaihe. Olympialaisissa pelataan noin 60 metrin&hellip;\n","protected":false},"author":2,"featured_media":114595,"comment_status":"","ping_status":"","sticky":false,"template":"","format":"standard","meta":{"footnotes":""},"categories":[158],"tags":[35,1274,33,31,30,1143,41,159,32,1145,160,161],"class_list":{"0":"post-114594","1":"post","2":"type-post","3":"status-publish","4":"format-standard","5":"has-post-thumbnail","7":"category-urheilu","8":"tag-24h","9":"tag-ammattiurheilu","10":"tag-fi","11":"tag-finland","12":"tag-finnish","13":"tag-jaakiekko","14":"tag-liikunta-ja-urheilu","15":"tag-sports","16":"tag-suomi","17":"tag-talviurheilu","18":"tag-urheilu","19":"tag-urheilutapahtumat"},"share_on_mastodon":{"url":"https:\/\/pubeurope.com\/@fi\/115707272904652890","error":""},"_links":{"self":[{"href":"https:\/\/www.europesays.com\/fi\/wp-json\/wp\/v2\/posts\/114594","targetHints":{"allow":["GET"]}}],"collection":[{"href":"https:\/\/www.europesays.com\/fi\/wp-json\/wp\/v2\/posts"}],"about":[{"href":"https:\/\/www.europesays.com\/fi\/wp-json\/wp\/v2\/types\/post"}],"author":[{"embeddable":true,"href":"https:\/\/www.europesays.com\/fi\/wp-json\/wp\/v2\/users\/2"}],"replies":[{"embeddable":true,"href":"https:\/\/www.europesays.com\/fi\/wp-json\/wp\/v2\/comments?post=114594"}],"version-history":[{"count":0,"href":"https:\/\/www.europesays.com\/fi\/wp-json\/wp\/v2\/posts\/114594\/revisions"}],"wp:featuredmedia":[{"embeddable":true,"href":"https:\/\/www.europesays.com\/fi\/wp-json\/wp\/v2\/media\/114595"}],"wp:attachment":[{"href":"https:\/\/www.europesays.com\/fi\/wp-json\/wp\/v2\/media?parent=114594"}],"wp:term":[{"taxonomy":"category","embeddable":true,"href":"https:\/\/www.europesays.com\/fi\/wp-json\/wp\/v2\/categories?post=114594"},{"taxonomy":"post_tag","embeddable":true,"href":"https:\/\/www.europesays.com\/fi\/wp-json\/wp\/v2\/tags?post=114594"}],"curies":[{"name":"wp","href":"https:\/\/api.w.org\/{rel}","templated":true}]}}