{"id":114603,"date":"2025-12-12T15:26:09","date_gmt":"2025-12-12T15:26:09","guid":{"rendered":"https:\/\/www.europesays.com\/fi\/114603\/"},"modified":"2025-12-12T15:26:09","modified_gmt":"2025-12-12T15:26:09","slug":"pirhan-henkiloston-maksettava-kahvi-ja-tee-toissa-ensi-vuonna-itse-vaki-reagoi-voimakkaasti","status":"publish","type":"post","link":"https:\/\/www.europesays.com\/fi\/114603\/","title":{"rendered":"Pirhan henkil\u00f6st\u00f6n maksettava kahvi ja tee t\u00f6iss\u00e4 ensi vuonna itse \u2013\u2009v\u00e4ki reagoi voimakkaasti"},"content":{"rendered":"<p>Henkil\u00f6st\u00f6tiedotetta kommentoi perjantaina p\u00e4iv\u00e4ll\u00e4 yli sata henkil\u00f6\u00e4. Yleens\u00e4 m\u00e4\u00e4r\u00e4 j\u00e4\u00e4 alle kymmeneen.<\/p>\n<p class=\"article-body mb-nof-24 px-nof-16\">Aamulehti<\/p>\n<p class=\"article-body mb-nof-24 px-nof-16\">Pirkanmaan hyvinvointialueen (Pirha) ty\u00f6ntekij\u00e4t hankkivat ensi vuonna itse t\u00f6iss\u00e4 tauoilleen kahvin, teen, maidot ja kauramaidot. My\u00f6s lounasetu poistuu.<\/p>\n<p class=\"article-body mb-nof-24 px-nof-16\">Pirhan hr-johtaja <a class=\"article-personlink\" href=\"https:\/\/www.aamulehti.fi\/haku\/?query=Aija%20Tuimala\" rel=\"nofollow noopener\" target=\"_blank\">Aija Tuimala<\/a> kertoo, ett\u00e4 henkil\u00f6st\u00f6jaosto teki keskiviikkona 10. joulukuuta yksimielisen p\u00e4\u00e4t\u00f6ksen vuoden 2026 henkil\u00f6st\u00f6eduista talousarvion mukaan. Aluevaltuuston 8. joulukuuta tekem\u00e4 talousarviop\u00e4\u00e4t\u00f6s edellytti 1,6 miljoonan euron s\u00e4\u00e4st\u00f6\u00e4. Jaostossa esill\u00e4 olleet vaihtoehdot eiv\u00e4t siksi poikenneet rahallisesti toisistaan.<\/p>\n","protected":false},"excerpt":{"rendered":"Henkil\u00f6st\u00f6tiedotetta kommentoi perjantaina p\u00e4iv\u00e4ll\u00e4 yli sata henkil\u00f6\u00e4. Yleens\u00e4 m\u00e4\u00e4r\u00e4 j\u00e4\u00e4 alle kymmeneen. Aamulehti Pirkanmaan hyvinvointialueen (Pirha) ty\u00f6ntekij\u00e4t hankkivat&hellip;\n","protected":false},"author":2,"featured_media":114604,"comment_status":"","ping_status":"","sticky":false,"template":"","format":"standard","meta":{"footnotes":""},"categories":[5],"tags":[157,22,23,26,27,33,31,30,17,24,25,28,29,15,18,21,32,19,20,16],"class_list":{"0":"post-114603","1":"post","2":"type-post","3":"status-publish","4":"format-standard","5":"has-post-thumbnail","7":"category-otsikot","8":"tag-aamulehti","9":"tag-breaking-news","10":"tag-breakingnews","11":"tag-featured-news","12":"tag-featurednews","13":"tag-fi","14":"tag-finland","15":"tag-finnish","16":"tag-headlines","17":"tag-latest-news","18":"tag-latestnews","19":"tag-main-news","20":"tag-mainnews","21":"tag-news","22":"tag-otsikot","23":"tag-paauutiset","24":"tag-suomi","25":"tag-top-stories","26":"tag-topstories","27":"tag-uutiset"},"share_on_mastodon":{"url":"https:\/\/pubeurope.com\/@fi\/115707299978773015","error":""},"_links":{"self":[{"href":"https:\/\/www.europesays.com\/fi\/wp-json\/wp\/v2\/posts\/114603","targetHints":{"allow":["GET"]}}],"collection":[{"href":"https:\/\/www.europesays.com\/fi\/wp-json\/wp\/v2\/posts"}],"about":[{"href":"https:\/\/www.europesays.com\/fi\/wp-json\/wp\/v2\/types\/post"}],"author":[{"embeddable":true,"href":"https:\/\/www.europesays.com\/fi\/wp-json\/wp\/v2\/users\/2"}],"replies":[{"embeddable":true,"href":"https:\/\/www.europesays.com\/fi\/wp-json\/wp\/v2\/comments?post=114603"}],"version-history":[{"count":0,"href":"https:\/\/www.europesays.com\/fi\/wp-json\/wp\/v2\/posts\/114603\/revisions"}],"wp:featuredmedia":[{"embeddable":true,"href":"https:\/\/www.europesays.com\/fi\/wp-json\/wp\/v2\/media\/114604"}],"wp:attachment":[{"href":"https:\/\/www.europesays.com\/fi\/wp-json\/wp\/v2\/media?parent=114603"}],"wp:term":[{"taxonomy":"category","embeddable":true,"href":"https:\/\/www.europesays.com\/fi\/wp-json\/wp\/v2\/categories?post=114603"},{"taxonomy":"post_tag","embeddable":true,"href":"https:\/\/www.europesays.com\/fi\/wp-json\/wp\/v2\/tags?post=114603"}],"curies":[{"name":"wp","href":"https:\/\/api.w.org\/{rel}","templated":true}]}}