{"id":114605,"date":"2025-12-12T15:38:16","date_gmt":"2025-12-12T15:38:16","guid":{"rendered":"https:\/\/www.europesays.com\/fi\/114605\/"},"modified":"2025-12-12T15:38:16","modified_gmt":"2025-12-12T15:38:16","slug":"uusi-paljastus-kertoo-applen-toisen-sukupolven-airtag-paikantimen-uudistuksista","status":"publish","type":"post","link":"https:\/\/www.europesays.com\/fi\/114605\/","title":{"rendered":"Uusi paljastus kertoo Applen toisen sukupolven AirTag-paikantimen uudistuksista"},"content":{"rendered":"<p><a href=\"https:\/\/www.europesays.com\/fi\/wp-content\/uploads\/2025\/12\/airtags.png\" data-lightbox=\"image\"><img fetchpriority=\"high\" decoding=\"async\" aria-describedby=\"caption-attachment-168550\" class=\"size-full wp-image-168550\" src=\"data:image\/svg+xml,%3Csvg%20xmlns=\" http:=\"\" alt=\"AirTag on pienikokoinen paikannin.\" width=\"695\" height=\"501\" data-lazy- data-lazy- data-lazy-src=\"https:\/\/www.europesays.com\/fi\/wp-content\/uploads\/2025\/12\/airtags.png\"\/><\/a><\/p>\n<p id=\"caption-attachment-168550\" class=\"wp-caption-text\">AirTag on pienikokoinen paikannin.<\/p>\n<p>Applen tulevan toisen sukupolven AirTagin uudistuksista on paljastunut uusia tietoja.<\/p>\n<p>AirTagin toisesta sukupolvesta on huhuttu pitk\u00e4\u00e4n, ja aiemmin sen julkaisun odotettiin tapahtuvan viel\u00e4 vuoden 2025 aikana. Lopulta julkaisu n\u00e4ytt\u00e4\u00e4 kuitenkin ajoittuvan vuoden 2026 puolelle, kuten my\u00f6s muiden odotettujen Apple-uutuuksien, kuten p\u00e4ivitettyjen HomePod minin ja Apple TV 4K:n.<\/p>\n<p>Apple toi alkuper\u00e4isen pienikokoisen AirTag-paikantimensa saataville kev\u00e4\u00e4n 2021 aikana, ja sittemmin AirTag on osoittautunut monin tavoin k\u00e4tev\u00e4ksi lis\u00e4laitteeksi.<\/p>\n<p style=\"width: 98%; text-align: center; font-size:13px; border-bottom: 1px solid #C8C8C8; line-height: 0.1em; margin: 8px 1% 16px 1%;\">MAINOS (ARTIKKELI JATKUU ALLA)<\/p>\n<p><a href=\"https:\/\/www.macworld.com\/article\/3008548\/apples-next-homepod-mini-and-airtag-upgrades-surface-in-leaked-internal-code.html\" rel=\"nofollow noopener\" target=\"_blank\">Macworld-sivustolla Filipe Esp\u00f3sito on paljastanut<\/a> Applelta vuotaneeseen sis\u00e4iseen iOS 26 -k\u00e4ytt\u00f6j\u00e4rjestelm\u00e4versioon perustuen tietoja tulevasta toisen sukupolven AirTagista eli mahdollisesti AirTag 2:sta.<\/p>\n<p>Paljastuneiden tietojen mukaan uusi AirTag on tuomassa viisi parannusta.<\/p>\n<p>N\u00e4it\u00e4 ovat parannettu paritusprosessi, tarkempi Tarkka etsint\u00e4 -toiminto, yksityiskohtainen akkutason raportointi, parannettu Moving-ominaisuus sek\u00e4 tarkempi seuranta ruuhkaisissa paikoissa.<\/p>\n<p style=\"width: 98%; text-align: center; font-size:13px; border-bottom: 1px solid #C8C8C8; line-height: 0.1em; margin: 8px 1% 16px 1%;\">MAINOS (ARTIKKELI JATKUU ALLA)<\/p>\n<p>Parannettu Moving-ominaisuus voi viitata parannuksiin varoituksissa, jotka kertovat mukana liikkuvasta AirTagista.<\/p>\n<p>Applen koodissa uudet ominaisuudet on merkitty liittyv\u00e4ksi 2025AirTagiin, joka my\u00f6s vihjaa julkaisun olleen alun perin suunniteltu t\u00e4lle vuodelle.<\/p>\n<p>Jo aiemmin on raportoitu, ett\u00e4 uusi AirTag tukisi laajempaa kantomatkan tarkemman etsinn\u00e4n yhteydess\u00e4. T\u00e4m\u00e4 perustuu UWB-teknologiaan, jonka osalta uusi AirTag voi sis\u00e4lt\u00e4\u00e4 uuden sukupolven Ultra Wideband -piirin. UWB mahdollistaa sit\u00e4 tukevilla laitteilla, kuten iPhone 11:ll\u00e4 ja uudemmilla, laitteiden v\u00e4lisen et\u00e4isyyden ja suunnan tarkan m\u00e4\u00e4ritt\u00e4misen.<\/p>\n<p>Aiempien raporttien mukaan toisen sukupolven AirTagin sis\u00e4lt\u00e4m\u00e4n uuden sukupolven Ultra Wideband -piirin my\u00f6t\u00e4 tarkkuusetsinn\u00e4n kantomatka voisi jopa kolminkertaistua aiemmasta.<\/p>\n<p style=\"width: 98%; text-align: center; font-size:13px; border-bottom: 1px solid #C8C8C8; line-height: 0.1em; margin: 8px 1% 16px 1%;\">MAINOS (ARTIKKELI JATKUU ALLA)<\/p>\n<p>Aiemmin on my\u00f6s raportoitu, ett\u00e4 Apple olisi\u00a0parantamassa toisen sukupolven AirTagissa designia v\u00e4hemm\u00e4n herk\u00e4rksi peukaloinnille. Maailmalta on raportoitu tapauksia, joissa AirTageista on poistettu k\u00e4yt\u00f6st\u00e4 kaiutin ja t\u00e4m\u00e4n j\u00e4lkeen paikanninta on k\u00e4ytetty henkil\u00f6iden ei-toivottuun seurantaan.<\/p>\n<p>On my\u00f6s raportoitu, ett\u00e4 uusi AirTag erilliset varoitukset matalasta ja eritt\u00e4in matalasta akun tasosta. T\u00e4m\u00e4 on her\u00e4tt\u00e4nyt spekulaatioita siit\u00e4, ett\u00e4 uudessa AirTagissa olisi ladattava akku, kun alkuper\u00e4inen AirTag saa virtansa vaihdettavissa olevasta CR2032-paristosta. Varmuutta t\u00e4m\u00e4n suhteen ei ole.<\/p>\n<p>Alkuper\u00e4inen <a style=\"font-size: 1rem;\" href=\"https:\/\/mobiili.fi\/2021\/04\/20\/vihdoin-apple-julkisti-pienikokoisen-airtag-paikantimen\/\" rel=\"nofollow noopener\" target=\"_blank\">AirTag tuli saataville huhtikuun lopulla 2021. Suomessa yhden AirTagin hinta on 35 euroa ja nelj\u00e4n AirTagin yhteispaketin 119 euroa<\/a>.<\/p>\n<p>AirTag-paikantimen voi kiinnitt\u00e4\u00e4 tai asettaa eri esineisiin ja tavaroihin, kuten avaimiin, laukkuun tai reppuun, jolloin sen avulla voi paikantaa kadonneet tavaransa. AirTagissa on Bluetooth LE -yhteys ja U1-piiri, joiden avulla sen voi paikantaa l\u00e4hialueelta esimerkiksi iPhonella.<\/p>\n<p style=\"width: 98%; text-align: center; font-size:13px; border-bottom: 1px solid #C8C8C8; line-height: 0.1em; margin: 8px 1% 16px 1%;\">MAINOS (ARTIKKELI JATKUU ALLA)<\/p>\n<p>Laajemmin paikannus toimii Applen Etsi-verkoston kautta: AirTagin sijainti v\u00e4littyy sen omistajalle automaattisesti sen ilmestyess\u00e4 mink\u00e4 tahansa mukana verkostossa olevan Apple-laitteen, kuten iPhonen, Bluetooth-kantomatkan sis\u00e4lle. Applen mukaan n\u00e4it\u00e4 laitteita on satoja miljoonia, joten paikannus toimii varsin kattavasti ja tarkasti erityisesti tihe\u00e4mmin asutuilla alueilla. Lis\u00e4ksi omistajan kadonneeksi merkitsem\u00e4st\u00e4 AirTagista voi lukea tallennetut tiedot esimerkiksi yhteydenottoa varten NFC-l\u00e4hiyhteydell\u00e4.<\/p>\n<p>Mainos: <a href=\"https:\/\/hinta.fi\/?src=gPp6fX03\" target=\"_blank\" rel=\"nofollow noopener\">Noin 1 600 000 tuotteen hintavertailu ja hintaseuranta &#8211; katso Hinta.fist\u00e4 mist\u00e4 saat halvimmalla<\/a><\/p>\n","protected":false},"excerpt":{"rendered":"AirTag on pienikokoinen paikannin. Applen tulevan toisen sukupolven AirTagin uudistuksista on paljastunut uusia tietoja. AirTagin toisesta sukupolvesta on&hellip;\n","protected":false},"author":2,"featured_media":114606,"comment_status":"","ping_status":"","sticky":false,"template":"","format":"standard","meta":{"footnotes":""},"categories":[86],"tags":[420,33,31,30,421,32,91,92],"class_list":{"0":"post-114605","1":"post","2":"type-post","3":"status-publish","4":"format-standard","5":"has-post-thumbnail","7":"category-laitteet","8":"tag-equipment","9":"tag-fi","10":"tag-finland","11":"tag-finnish","12":"tag-laitteet","13":"tag-suomi","14":"tag-technology","15":"tag-teknologia"},"share_on_mastodon":{"url":"https:\/\/pubeurope.com\/@fi\/115707347181611293","error":""},"_links":{"self":[{"href":"https:\/\/www.europesays.com\/fi\/wp-json\/wp\/v2\/posts\/114605","targetHints":{"allow":["GET"]}}],"collection":[{"href":"https:\/\/www.europesays.com\/fi\/wp-json\/wp\/v2\/posts"}],"about":[{"href":"https:\/\/www.europesays.com\/fi\/wp-json\/wp\/v2\/types\/post"}],"author":[{"embeddable":true,"href":"https:\/\/www.europesays.com\/fi\/wp-json\/wp\/v2\/users\/2"}],"replies":[{"embeddable":true,"href":"https:\/\/www.europesays.com\/fi\/wp-json\/wp\/v2\/comments?post=114605"}],"version-history":[{"count":0,"href":"https:\/\/www.europesays.com\/fi\/wp-json\/wp\/v2\/posts\/114605\/revisions"}],"wp:featuredmedia":[{"embeddable":true,"href":"https:\/\/www.europesays.com\/fi\/wp-json\/wp\/v2\/media\/114606"}],"wp:attachment":[{"href":"https:\/\/www.europesays.com\/fi\/wp-json\/wp\/v2\/media?parent=114605"}],"wp:term":[{"taxonomy":"category","embeddable":true,"href":"https:\/\/www.europesays.com\/fi\/wp-json\/wp\/v2\/categories?post=114605"},{"taxonomy":"post_tag","embeddable":true,"href":"https:\/\/www.europesays.com\/fi\/wp-json\/wp\/v2\/tags?post=114605"}],"curies":[{"name":"wp","href":"https:\/\/api.w.org\/{rel}","templated":true}]}}