{"id":114607,"date":"2025-12-12T15:40:11","date_gmt":"2025-12-12T15:40:11","guid":{"rendered":"https:\/\/www.europesays.com\/fi\/114607\/"},"modified":"2025-12-12T15:40:11","modified_gmt":"2025-12-12T15:40:11","slug":"meghanin-isa-toivoo-nakevansa-tyttarensa","status":"publish","type":"post","link":"https:\/\/www.europesays.com\/fi\/114607\/","title":{"rendered":"Meghanin is\u00e4 toivoo n\u00e4kev\u00e4ns\u00e4 tytt\u00e4rens\u00e4"},"content":{"rendered":"<p>Meghanin is\u00e4 haluaisi tavata my\u00f6s lapsenlapsensa.<\/p>\n<p class=\"article-body mb-nof-24 px-nof-16\">Herttuatar Meghanin is\u00e4 <a class=\"article-personlink\" href=\"https:\/\/www.is.fi\/haku\/?query=Thomas%20Markle\" rel=\"nofollow noopener\" target=\"_blank\">Thomas Markle<\/a>, 81, toipuu parhaillaan jalan amputaatioleikkauksesta. Markle sai veritulpan ja menetti vasemman jalkansa polvesta alasp\u00e4in sen seurauksena.<\/p>\n<p class=\"article-body mb-nof-24 px-nof-16\">Nyt Markle kertoo <a class=\"article-genericlink\" href=\"https:\/\/www.dailymail.co.uk\/news\/article-15359793\/Thomas-Markle-plea-Meghan-hospital-Duchess-leg-amputation.html\" rel=\"nofollow noopener\" target=\"_blank\">Daily Mailille<\/a> toivovansa, ett\u00e4 saisi tavata <a class=\"article-personlink\" href=\"https:\/\/www.is.fi\/haku\/?query=Meghanin\" rel=\"nofollow noopener\" target=\"_blank\">Meghanin<\/a> viel\u00e4 kerran.<\/p>\n<p class=\"article-body mb-nof-24 px-nof-16\">\u2013 Totta kai haluan puhua h\u00e4nelle, mutta en ole varma, ovatko n\u00e4m\u00e4 olosuhteet oikeat. Olen aina sanonut, ett\u00e4 olen avoin tekem\u00e4\u00e4n sovinnon tytt\u00e4reni kanssa.<\/p>\n<p class=\"article-body mb-nof-24 px-nof-16\">\u2013 En ole koskaan lakannut rakastamasta h\u00e4nt\u00e4. En halua kuolla vieraantuneena Meghanista.<\/p>\n<p class=\"article-body mb-nof-24 px-nof-16\">Daily Mailin mukaan Markle toivoisi n\u00e4kev\u00e4ns\u00e4 tytt\u00e4rens\u00e4 viel\u00e4 kerran ennen kuolemaansa. Markle kertoo my\u00f6s toivovansa, ett\u00e4 h\u00e4n tapaisi prinssi <a class=\"article-personlink\" href=\"https:\/\/www.is.fi\/haku\/?query=Harryn\" rel=\"nofollow noopener\" target=\"_blank\">Harryn<\/a> ja lapsenlapsensa <a class=\"article-personlink\" href=\"https:\/\/www.is.fi\/haku\/?query=Archien\" rel=\"nofollow noopener\" target=\"_blank\">Archien<\/a>, 6, ja <a class=\"article-personlink\" href=\"https:\/\/www.is.fi\/haku\/?query=Lilibetin\" rel=\"nofollow noopener\" target=\"_blank\">Lilibetin<\/a>, 4, \u201dennen kuin on liian my\u00f6h\u00e4ist\u00e4\u201d.<\/p>\n<p class=\"article-body mb-nof-24 px-nof-16\">Jo aiemmin on kerrottu, ett\u00e4 Marklen leikkauksessa oli kyse \u201del\u00e4m\u00e4st\u00e4 ja kuolemasta\u201d. L\u00e4\u00e4k\u00e4ri kertoo, ett\u00e4 jos jalassa ollut tulehdus olisi levinnyt syd\u00e4meen, tilanne olisi voinut olla kohtalokas.<\/p>\n<p class=\"article-body mb-nof-24 px-nof-16\">Markle sanoo lehdelle olevansa h\u00e4mmentynyt puheista, joiden mukaan Meghan olisi ottanut yhteytt\u00e4 h\u00e4neen terveysongelmien j\u00e4lkimainingeissa. Markle sanoo, ettei ole tarkoituksella vaihtanut puhelinnumeroaan, jotta Meghan saisi h\u00e4neen aina halutessaan yhteyden. Yht\u00e4\u00e4n viesti\u00e4 ei h\u00e4nen mukaansa ole tullut Meghanilta.<\/p>\n<p class=\"article-body mb-nof-24 px-nof-16\">Daily Mail kertoo, ettei my\u00f6sk\u00e4\u00e4n sairaalan henkil\u00f6kunta ole kuullut Meghanista tai t\u00e4m\u00e4n edustajista.<\/p>\n<p class=\"article-body mb-nof-24 px-nof-16\">\u2013 Olimme kaikki h\u00e4mmentyneit\u00e4, kun n\u00e4imme jutut, ett\u00e4 herttuatar olisi ottanut yhteytt\u00e4 is\u00e4\u00e4ns\u00e4. Tiet\u00e4\u00e4ksemme sellaista ei ole tapahtunut. N\u00e4kisimme mielell\u00e4mme herttuattaren t\u00e4\u00e4ll\u00e4 Philippiineill\u00e4, sairaalassa ty\u00f6skentelev\u00e4 l\u00e4hde kertoo nimett\u00f6m\u00e4n\u00e4 lehdelle.<\/p>\n<p class=\"article-body mb-nof-24 px-nof-16\">Herttuattaren tiedottaja on kertonut, ett\u00e4 Meghan l\u00e4hetti is\u00e4lleen s\u00e4hk\u00f6postin perjantaina. Daily Mailin mukaan viesti on l\u00e4hetetty osoitteeseen, jota Markle ei ole k\u00e4ytt\u00e4nyt ainakaan viiteen vuoteen.<\/p>\n<p class=\"article-body mb-nof-24 px-nof-16\">Meghan ei ole ollut is\u00e4ns\u00e4 kanssa tekemisiss\u00e4 sitten vuoden 2018.<\/p>\n","protected":false},"excerpt":{"rendered":"Meghanin is\u00e4 haluaisi tavata my\u00f6s lapsenlapsensa. Herttuatar Meghanin is\u00e4 Thomas Markle, 81, toipuu parhaillaan jalan amputaatioleikkauksesta. Markle sai&hellip;\n","protected":false},"author":2,"featured_media":114608,"comment_status":"","ping_status":"","sticky":false,"template":"","format":"standard","meta":{"footnotes":""},"categories":[136],"tags":[407,137,33,31,30,34,408,32,109],"class_list":{"0":"post-114607","1":"post","2":"type-post","3":"status-publish","4":"format-standard","5":"has-post-thumbnail","7":"category-julkkikset","8":"tag-celebrities","9":"tag-entertainment","10":"tag-fi","11":"tag-finland","12":"tag-finnish","13":"tag-ilta-sanomat","14":"tag-julkkikset","15":"tag-suomi","16":"tag-viihde"},"share_on_mastodon":{"url":"https:\/\/pubeurope.com\/@fi\/115707355037213693","error":""},"_links":{"self":[{"href":"https:\/\/www.europesays.com\/fi\/wp-json\/wp\/v2\/posts\/114607","targetHints":{"allow":["GET"]}}],"collection":[{"href":"https:\/\/www.europesays.com\/fi\/wp-json\/wp\/v2\/posts"}],"about":[{"href":"https:\/\/www.europesays.com\/fi\/wp-json\/wp\/v2\/types\/post"}],"author":[{"embeddable":true,"href":"https:\/\/www.europesays.com\/fi\/wp-json\/wp\/v2\/users\/2"}],"replies":[{"embeddable":true,"href":"https:\/\/www.europesays.com\/fi\/wp-json\/wp\/v2\/comments?post=114607"}],"version-history":[{"count":0,"href":"https:\/\/www.europesays.com\/fi\/wp-json\/wp\/v2\/posts\/114607\/revisions"}],"wp:featuredmedia":[{"embeddable":true,"href":"https:\/\/www.europesays.com\/fi\/wp-json\/wp\/v2\/media\/114608"}],"wp:attachment":[{"href":"https:\/\/www.europesays.com\/fi\/wp-json\/wp\/v2\/media?parent=114607"}],"wp:term":[{"taxonomy":"category","embeddable":true,"href":"https:\/\/www.europesays.com\/fi\/wp-json\/wp\/v2\/categories?post=114607"},{"taxonomy":"post_tag","embeddable":true,"href":"https:\/\/www.europesays.com\/fi\/wp-json\/wp\/v2\/tags?post=114607"}],"curies":[{"name":"wp","href":"https:\/\/api.w.org\/{rel}","templated":true}]}}