{"id":114610,"date":"2025-12-12T15:46:06","date_gmt":"2025-12-12T15:46:06","guid":{"rendered":"https:\/\/www.europesays.com\/fi\/114610\/"},"modified":"2025-12-12T15:46:06","modified_gmt":"2025-12-12T15:46:06","slug":"influenssa-leviaa-voimakkaasti-pirkanmaalla-viime-viikolla-selva-nousu-tartuntamaarissa-paikalliset","status":"publish","type":"post","link":"https:\/\/www.europesays.com\/fi\/114610\/","title":{"rendered":"Influenssa levi\u00e4\u00e4 voimakkaasti Pirkanmaalla \u2013 Viime viikolla selv\u00e4 nousu tartuntam\u00e4\u00e4riss\u00e4 | Paikalliset"},"content":{"rendered":"<p>T\u00e4m\u00e4n vuoden influenssakausi on k\u00e4ynnistynyt Suomessa. My\u00f6s Pirkanmaalla virus levi\u00e4\u00e4 jo voimakkaasti ja epidemia on alkanut, Pirkanmaan hyvinvointialue tiedottaa. Selv\u00e4 nousu tartuntam\u00e4\u00e4riss\u00e4 havaittiin heti joulukuun alussa viime viikolla.<\/p>\n<p>\u2013 Pirkanmaalla influenssarokotuskattavuus on varsin hyv\u00e4 verrattuna aikaisempiin vuosiin. Ik\u00e4ihmisten osalta tulemme todenn\u00e4k\u00f6isesti p\u00e4\u00e4sem\u00e4\u00e4n samaan rokotuskattavuuteen kuin kaudella 2024\u20132025, apulaisylil\u00e4\u00e4k\u00e4ri <strong>Tero Harjuntausta<\/strong> sanoo tiedotteessa.<\/p>\n<p>\u2013 Lasten osalta influenssarokotteita on otettu aikaisempaa enemm\u00e4n, kun taas ty\u00f6ik\u00e4isten rokotusaktiivisuus on ollut viime vuoteen verrattuna hiukan huonompaa.<\/p>\n<p>\u2013 Rokote on paras tapa suojautua influenssalta ja suosittelemme rokotteen ottamista. Vaikka influenssakausi on jo k\u00e4ynnistynyt, rokote kannattaa edelleen ottaa, Harjuntausta sanoo.<\/p>\n","protected":false},"excerpt":{"rendered":"T\u00e4m\u00e4n vuoden influenssakausi on k\u00e4ynnistynyt Suomessa. My\u00f6s Pirkanmaalla virus levi\u00e4\u00e4 jo voimakkaasti ja epidemia on alkanut, Pirkanmaan hyvinvointialue&hellip;\n","protected":false},"author":2,"featured_media":114611,"comment_status":"","ping_status":"","sticky":false,"template":"","format":"standard","meta":{"footnotes":""},"categories":[165],"tags":[33,31,30,166,6313,12925,764,32,767,765,502,167,769],"class_list":{"0":"post-114610","1":"post","2":"type-post","3":"status-publish","4":"format-standard","5":"has-post-thumbnail","7":"category-terveys","8":"tag-fi","9":"tag-finland","10":"tag-finnish","11":"tag-health","12":"tag-influenssa","13":"tag-laaketieteen-menetelmat-ja-tutkimus","14":"tag-sairaudet","15":"tag-suomi","16":"tag-tartuntataudit","17":"tag-taudit-ja-hairiot","18":"tag-terveydenhoito","19":"tag-terveys","20":"tag-virussairaudet"},"share_on_mastodon":{"url":"https:\/\/pubeurope.com\/@fi\/115707378893333254","error":""},"_links":{"self":[{"href":"https:\/\/www.europesays.com\/fi\/wp-json\/wp\/v2\/posts\/114610","targetHints":{"allow":["GET"]}}],"collection":[{"href":"https:\/\/www.europesays.com\/fi\/wp-json\/wp\/v2\/posts"}],"about":[{"href":"https:\/\/www.europesays.com\/fi\/wp-json\/wp\/v2\/types\/post"}],"author":[{"embeddable":true,"href":"https:\/\/www.europesays.com\/fi\/wp-json\/wp\/v2\/users\/2"}],"replies":[{"embeddable":true,"href":"https:\/\/www.europesays.com\/fi\/wp-json\/wp\/v2\/comments?post=114610"}],"version-history":[{"count":0,"href":"https:\/\/www.europesays.com\/fi\/wp-json\/wp\/v2\/posts\/114610\/revisions"}],"wp:featuredmedia":[{"embeddable":true,"href":"https:\/\/www.europesays.com\/fi\/wp-json\/wp\/v2\/media\/114611"}],"wp:attachment":[{"href":"https:\/\/www.europesays.com\/fi\/wp-json\/wp\/v2\/media?parent=114610"}],"wp:term":[{"taxonomy":"category","embeddable":true,"href":"https:\/\/www.europesays.com\/fi\/wp-json\/wp\/v2\/categories?post=114610"},{"taxonomy":"post_tag","embeddable":true,"href":"https:\/\/www.europesays.com\/fi\/wp-json\/wp\/v2\/tags?post=114610"}],"curies":[{"name":"wp","href":"https:\/\/api.w.org\/{rel}","templated":true}]}}