{"id":114618,"date":"2025-12-12T15:52:08","date_gmt":"2025-12-12T15:52:08","guid":{"rendered":"https:\/\/www.europesays.com\/fi\/114618\/"},"modified":"2025-12-12T15:52:08","modified_gmt":"2025-12-12T15:52:08","slug":"vladimir-putinia-ryopytettiin-pain-kasvoja-kokouksessa","status":"publish","type":"post","link":"https:\/\/www.europesays.com\/fi\/114618\/","title":{"rendered":"Vladimir Putinia ry\u00f6pytettiin p\u00e4in kasvoja kokouksessa"},"content":{"rendered":"<p class=\"ai-optimize-6 ai-optimize-introduction\">Yksi Ven\u00e4j\u00e4n tunnetuimmista elokuvaohjaajista, Ven\u00e4j\u00e4n kansantaiteilija <strong>Aleksandr<\/strong> <strong>Sokurov<\/strong> kertoi suoraan diktaattori <strong>Vladimir<\/strong> <strong>Putinille<\/strong> n\u00e4kemyksens\u00e4 taiteellisen vapauden ja koulutuksen tilasta nyky-Ven\u00e4j\u00e4ll\u00e4. T\u00e4st\u00e4 kertoi ensimm\u00e4isen\u00e4 ven\u00e4l\u00e4isjulkaisu Agentsvo.<\/p>\n<p class=\"ai-optimize-7\">Sokurov puhui suunsa puhtaaksi Ven\u00e4j\u00e4n kansalaisyhteiskunnan ja ihmisoikeuksien presidentinneuvoston laajassa videoneuvottelussa, joita Putin nyky\u00e4\u00e4n suosii tapaamisten sijaan. Putin itse nimitti ja muodosti neuvoston vuonna 2021.<\/p>\n<p class=\"ai-optimize-8\">Joulukuun alussa <a href=\"https:\/\/www.rferl.org\/a\/russian-director-sokurov-ban-career\/32712059.html\" target=\"_blank\" rel=\"noopener nofollow\">RFE\/RL<\/a> kertoi Ven\u00e4j\u00e4n kulttuuriministeri\u00f6n kielt\u00e4neen Sokurovin uusimman kokeellisen elokuvan Skazka (\u201dSatu\u201d) esitt\u00e4misen. Elokuvassa esitet\u00e4\u00e4n <strong>Josif<\/strong> <strong>Stalinin<\/strong>, <strong>Winston<\/strong> <strong>Churchillin<\/strong>, <strong>Benito<\/strong> <strong>Mussolinin<\/strong> ja <strong>Adolf<\/strong> <strong>Hitlerin<\/strong> tapaavan kiirastulessa.<\/p>\n<p><strong>\u201dKoko maamme pelk\u00e4\u00e4\u201d<\/strong><\/p>\n<p class=\"ai-optimize-10\">Sokurov aloitti kysym\u00e4ll\u00e4, miksi h\u00e4nen uusimman elokuvansa n\u00e4ytt\u00e4minen on kielletty.<\/p>\n<p class=\"ai-optimize-11\">\u2013 Miksi elokuvani kiellettiin? Mit\u00e4\u00e4n syyt\u00e4 ei kerrottu. Min\u00e4 k\u00e4vin l\u00e4pi t\u00e4m\u00e4n prosessin neuvostoaikana ja silloin aina kerrottiin, miksi elokuvaani ei esitet\u00e4.<\/p>\n<p class=\"ai-optimize-12\">T\u00e4m\u00e4n j\u00e4lkeen ohjaaja alkoi arvostella \u201dulkomaiseksi agentiksi\u201d luokittelemista, jota h\u00e4n kuvasi \u201dyksinkertaisesti leimaavaksi\u201d ja \u201dpoliittiseksi luokitukseksi\u201d, jolla maksetaan vanhoja kalavelkoja.<\/p>\n<p class=\"ai-optimize-13\">\u2013 Joka viikko odotamme kauhulla, kenen nimi on nyt ulkomaisten agenttien listalla. N\u00e4m\u00e4 m\u00e4\u00e4ritelm\u00e4t ovat kauhistuttavia. Maanmiehi\u00e4ni leimataan ulkomaisiksi agenteiksi t\u00e4ysin yll\u00e4tt\u00e4en, p\u00e4ivitteli Sokurov ja jatkoi:<\/p>\n<p class=\"ai-optimize-14\">\u2013 Mielest\u00e4ni t\u00e4llainen on v\u00e4\u00e4r\u00e4 p\u00e4\u00e4t\u00f6s. Se n\u00f6yryytt\u00e4\u00e4 ihmist\u00e4, kansalaista, eik\u00e4 j\u00e4t\u00e4 t\u00e4lle mahdollisuutta kehitty\u00e4 tai edes olla olemassa.<\/p>\n<p class=\"ai-optimize-15\">Sokurov muistutti etusormi pystyss\u00e4, ettei yksik\u00e4\u00e4n taideteoksille asetettu valtiollinen kielto ole kest\u00e4nyt aikaansa.<\/p>\n<p class=\"ai-optimize-16\">\u2013 Kaikki n\u00e4m\u00e4 kiellot on kumottu, koska taiteellisen luovuuden kielt\u00e4minen on tuomittu hanke jo heti alkuunsa.<\/p>\n<p class=\"ai-optimize-17\">H\u00e4n valitti, ett\u00e4 entisaikojen tapaan nytk\u00e4\u00e4n ei tiedet\u00e4, kuinka pit\u00e4isi poliittisista asioista keskustella nuorten ja opiskelijoiden kanssa.<\/p>\n<p class=\"ai-optimize-18\">\u2013 Me olemme peloissamme. Maamme on peloissaan. Asioista ei voi puhua maassamme avoimesti, rauhallisesti ja ilman hysteriaa.<\/p>\n<p><strong>\u201dValtio vainoaa perustajiaan eli kansalaisiaan\u201d<\/strong><\/p>\n<p class=\"ai-optimize-20\">Ohjaaja valitti, ett\u00e4 kaikenlaisen oppositiohengen, tai edes sit\u00e4 koskevan keskustelun, puuttuminen on eritt\u00e4in paha isku maan lahjakkaille ja kyvykk\u00e4ille. Viranomaiset vainoavat luovan alan toimijoita.<\/p>\n<p class=\"ai-optimize-21\">\u2013 T\u00e4m\u00e4 on valtava, vakava ongelma, koska ihmisilt\u00e4 riistet\u00e4\u00e4n mahdollisuus toteuttaa taiteellisia n\u00e4kemyksi\u00e4\u00e4n tai yksinkertaisesti oikeutensa harjoittaa ammattiaan. Ja usein heille ei edes kerrota, miksi heit\u00e4 kohdellaan niin tylysti ja ehdottomasti.<\/p>\n<p class=\"ai-optimize-22\">Sokurov ihmetteli valtion vainoavan kansalaisiaan, vaikka \u201dkansalaiset ovat perustaneet valtion\u201d.<\/p>\n<p class=\"ai-optimize-23\">\u2013 Se on luonnotonta, haitallista, eik\u00e4 miss\u00e4\u00e4n nimess\u00e4 johda taiteellisen luovuuden kehittymiseen.<\/p>\n<p class=\"ai-optimize-24\">H\u00e4n kertoi t\u00e4m\u00e4n n\u00e4kyv\u00e4n jo koulutuksessa.<\/p>\n<p class=\"ai-optimize-25\">\u2013 Useissa taidekouluissa ihmiset kulkevat jo p\u00e4\u00e4 kumarassa, koska he ymm\u00e4rt\u00e4v\u00e4t, ett\u00e4 mik\u00e4\u00e4n ei ole sallittua. Se on kuin el\u00e4mist\u00e4 suljetussa laatikossa.<\/p>\n<p class=\"ai-optimize-26\">Sokurov k\u00e4ytti esimerkkin\u00e4 ukrainalaisen <strong>Grigori<\/strong> <strong>T<\/strong><strong>\u0161uhrain<\/strong> ohjaamaa neuvostoelokuvan klassikkoa Balladi sotilaasta (\u201cVain nelj\u00e4 p\u00e4iv\u00e4\u00e4\u201c), joka palkittiin Cannesin elokuvajuhlilla 1960 ja sai Oscar-ehdokkuudenkin.<\/p>\n<p class=\"ai-optimize-27\">\u2013 Yrit\u00e4p\u00e4 kuvata Balladi sotilaasta t\u00e4n\u00e4 p\u00e4iv\u00e4n\u00e4 \u2013 elokuva kiellett\u00e4isiin heti. Ja ties mit\u00e4 tapahtuisi ohjaajalle.<\/p>\n<p><strong>\u201dMihin valtio k\u00e4ytt\u00e4\u00e4 kaikki rahansa?\u201d<\/strong><\/p>\n<p class=\"ai-optimize-29\">Sokurov pen\u00e4si muutosta valtion asenteeseen luovan alan toimijoita ja nuoria kohtaan.<\/p>\n<p class=\"ai-optimize-30\">\u2013 Muuten emme p\u00e4\u00e4se pitk\u00e4lle. Se tule olemaan umpikuja ja koko valtioj\u00e4rjestelm\u00e4n t\u00e4ydellinen taantuminen. Meid\u00e4n tulee tehd\u00e4 mahdolliseksi, ett\u00e4 nuoret voivat saavuttaa el\u00e4m\u00e4ss\u00e4\u00e4n mit\u00e4 haluavat.<\/p>\n<p class=\"ai-optimize-31\">T\u00e4h\u00e4n menness\u00e4 Putin oli l\u00e4hinn\u00e4 yskinyt ja kirjoitellut jatkuvasti jotain papereihinsa, mutta kiinnitti huomiota Sokuroviin t\u00e4m\u00e4n vedotessa h\u00e4nen omiin sanoihinsa.<\/p>\n<p>Poimintoja videosis\u00e4ll\u00f6ist\u00e4mme<\/p>\n<p class=\"ai-optimize-32\">\u2013 Sanoitte kerran, ett\u00e4 \u201dmit\u00e4 teemme maailmalla, jossa ei ole Ven\u00e4j\u00e4\u00e4\u201d. Mihin tarvitsemme valtiota, joka ei tarjoa mahdollisuutta koulutukseen? Mihin sit\u00e4 tarvitsemme? Mihin se k\u00e4ytt\u00e4\u00e4 kaikki rahansa, jollei kaikkien koulutusmahdollisuuksien varmistamiseen?<\/p>\n<p class=\"ai-optimize-33\">Putin vastasi yhteisesti neuvoston j\u00e4senten esitt\u00e4miin kommentteihin. Sokurovin kysymyksiin h\u00e4n vastasi viittaamalla lakiin ulkomaisista agenteista.<\/p>\n<p class=\"ai-optimize-34\">Putinin mukaan lakia tarvitaan ulkomaalaisen vaikutuksen est\u00e4miseksi ja se on l\u00e4hinn\u00e4 kopio vastaavasta amerikkalaislaista.<\/p>\n<p class=\"ai-optimize-35\">Lis\u00e4ksi h\u00e4n sanoi, ett\u00e4 j\u00e4rjest\u00f6jen tulee olla vain tarkkana rahoituksensa avoimuudesta. H\u00e4n my\u00f6s lupasi soittaa Sokurovillee ja selvitt\u00e4\u00e4, kuka on kielt\u00e4nyt t\u00e4m\u00e4n uusimman elokuvan.<\/p>\n<blockquote class=\"twitter-tweet\" data-width=\"550\" data-dnt=\"true\">\n<p lang=\"en\" dir=\"ltr\">With the Russian dictator cowering away in the bunker, Russia&#8217;s famed filmmaker Sokurov rips into Putin via teleconference, telling him he&#8217;s turning the country into North Korea, banning all forms of creativity, and that even during the USSR days it wasn&#8217;t so bad. <a href=\"https:\/\/t.co\/S7ZJm8lOOI\" rel=\"nofollow\">pic.twitter.com\/S7ZJm8lOOI<\/a><\/p>\n<p>\u2014 SPRAVDI \u2014 Stratcom Centre (@StratcomCentre) <a href=\"https:\/\/twitter.com\/StratcomCentre\/status\/1999399554362290463?ref_src=twsrc%5Etfw\" rel=\"nofollow noopener\" target=\"_blank\">December 12, 2025<\/a><\/p>\n<\/blockquote>\n<p>\t\t\t\t<script async src=\"https:\/\/platform.twitter.com\/widgets.js\" charset=\"utf-8\"><\/script><\/p>\n","protected":false},"excerpt":{"rendered":"Yksi Ven\u00e4j\u00e4n tunnetuimmista elokuvaohjaajista, Ven\u00e4j\u00e4n kansantaiteilija Aleksandr Sokurov kertoi suoraan diktaattori Vladimir Putinille n\u00e4kemyksens\u00e4 taiteellisen vapauden ja koulutuksen&hellip;\n","protected":false},"author":2,"featured_media":114619,"comment_status":"","ping_status":"","sticky":false,"template":"","format":"standard","meta":{"footnotes":""},"categories":[14],"tags":[22,23,26,27,33,31,30,17,24,25,28,29,15,18,21,32,19,20,56,16,547,59,60,61],"class_list":{"0":"post-114618","1":"post","2":"type-post","3":"status-publish","4":"format-standard","5":"has-post-thumbnail","7":"category-ulkomaat","8":"tag-breaking-news","9":"tag-breakingnews","10":"tag-featured-news","11":"tag-featurednews","12":"tag-fi","13":"tag-finland","14":"tag-finnish","15":"tag-headlines","16":"tag-latest-news","17":"tag-latestnews","18":"tag-main-news","19":"tag-mainnews","20":"tag-news","21":"tag-otsikot","22":"tag-paauutiset","23":"tag-suomi","24":"tag-top-stories","25":"tag-topstories","26":"tag-ulkomaat","27":"tag-uutiset","28":"tag-venaja","29":"tag-world","30":"tag-world-news","31":"tag-worldnews"},"share_on_mastodon":{"url":"https:\/\/pubeurope.com\/@fi\/115707402288761136","error":""},"_links":{"self":[{"href":"https:\/\/www.europesays.com\/fi\/wp-json\/wp\/v2\/posts\/114618","targetHints":{"allow":["GET"]}}],"collection":[{"href":"https:\/\/www.europesays.com\/fi\/wp-json\/wp\/v2\/posts"}],"about":[{"href":"https:\/\/www.europesays.com\/fi\/wp-json\/wp\/v2\/types\/post"}],"author":[{"embeddable":true,"href":"https:\/\/www.europesays.com\/fi\/wp-json\/wp\/v2\/users\/2"}],"replies":[{"embeddable":true,"href":"https:\/\/www.europesays.com\/fi\/wp-json\/wp\/v2\/comments?post=114618"}],"version-history":[{"count":0,"href":"https:\/\/www.europesays.com\/fi\/wp-json\/wp\/v2\/posts\/114618\/revisions"}],"wp:featuredmedia":[{"embeddable":true,"href":"https:\/\/www.europesays.com\/fi\/wp-json\/wp\/v2\/media\/114619"}],"wp:attachment":[{"href":"https:\/\/www.europesays.com\/fi\/wp-json\/wp\/v2\/media?parent=114618"}],"wp:term":[{"taxonomy":"category","embeddable":true,"href":"https:\/\/www.europesays.com\/fi\/wp-json\/wp\/v2\/categories?post=114618"},{"taxonomy":"post_tag","embeddable":true,"href":"https:\/\/www.europesays.com\/fi\/wp-json\/wp\/v2\/tags?post=114618"}],"curies":[{"name":"wp","href":"https:\/\/api.w.org\/{rel}","templated":true}]}}