{"id":114620,"date":"2025-12-12T15:53:08","date_gmt":"2025-12-12T15:53:08","guid":{"rendered":"https:\/\/www.europesays.com\/fi\/114620\/"},"modified":"2025-12-12T15:53:08","modified_gmt":"2025-12-12T15:53:08","slug":"mies-kiipesi-tallink-siljan-laivan-savupiippuun","status":"publish","type":"post","link":"https:\/\/www.europesays.com\/fi\/114620\/","title":{"rendered":"Mies kiipesi Tallink Siljan laivan savupiippuun"},"content":{"rendered":"<p><strong class=\"typography-bold\">Tallink Siljan laivalla sattui outo v\u00e4likohtaus.<\/strong><\/p>\n<p>Marraskuun lopussa Tallink Siljan Baltic Queen -laivalla tapahtui outoja, kun matkustajana ollut mies onnistui kiipe\u00e4m\u00e4\u00e4n laivan savupiippuun, uutisoi <a class=\"underline\" data-testid=\"external-link\" href=\"https:\/\/www.aftonbladet.se\/nyheter\/a\/ln1Q8M\/full-man-tryckte-pa-massa-knappar-i-baltic-queens-maskinrum\" rel=\"noopener noreferrer nofollow\" target=\"_blank\" data-sentry-component=\"ExternalLink\" data-sentry-source-file=\"ExternalLink.tsx\">Aftonbladet<\/a>.<\/p>\n<p>Savupiipusta mies p\u00e4\u00e4si laivan konehuoneeseen, jossa h\u00e4n paineli useita painikkeita sek\u00e4 h\u00e4t\u00e4pys\u00e4ytyst\u00e4.\u00a0<\/p>\n<p>Lehden mukaan mies oli huumeiden vaikutuksen alaisena. Baltic Queen risteilee Tallinnan, Ahvenanmaan ja Tukholman v\u00e4li\u00e4.\u00a0<\/p>\n<p>\u2013 Hyvin outoa. Sinne ei pit\u00e4isi p\u00e4\u00e4st\u00e4 sis\u00e4lle. Emme ole viel\u00e4 onnistuneet selvitt\u00e4m\u00e4\u00e4n, miten se tapahtui, sanoo Tallink Siljan operatiivinen johtaja <strong class=\"typography-bold\">Hans Friberg<\/strong>.<\/p>\n<p>Aftonbladetin haastattelema l\u00e4hde esitt\u00e4\u00e4 yhdeksi arvioksi, ett\u00e4 mies oli laskeutunut savupiipun luukusta ja kiivennyt useita kerroksia alas konehuoneeseen.<\/p>\n<p>\u2013 H\u00e4n on mennyt sekaisin siell\u00e4, sanoo l\u00e4hde.<\/p>\n<p>Aftonbladet kertoo, ett\u00e4 laiva olisi saattanut p\u00e4\u00e4ty\u00e4 ohjauskelvottomaksi, mik\u00e4li miest\u00e4 ei olisi pys\u00e4ytetty ajoissa.<\/p>\n","protected":false},"excerpt":{"rendered":"Tallink Siljan laivalla sattui outo v\u00e4likohtaus. Marraskuun lopussa Tallink Siljan Baltic Queen -laivalla tapahtui outoja, kun matkustajana ollut&hellip;\n","protected":false},"author":2,"featured_media":114621,"comment_status":"","ping_status":"","sticky":false,"template":"","format":"standard","meta":{"footnotes":""},"categories":[12],"tags":[22,23,26,27,33,31,30,17,24,25,28,29,15,18,21,32,19,20,16],"class_list":{"0":"post-114620","1":"post","2":"type-post","3":"status-publish","4":"format-standard","5":"has-post-thumbnail","7":"category-suomi","8":"tag-breaking-news","9":"tag-breakingnews","10":"tag-featured-news","11":"tag-featurednews","12":"tag-fi","13":"tag-finland","14":"tag-finnish","15":"tag-headlines","16":"tag-latest-news","17":"tag-latestnews","18":"tag-main-news","19":"tag-mainnews","20":"tag-news","21":"tag-otsikot","22":"tag-paauutiset","23":"tag-suomi","24":"tag-top-stories","25":"tag-topstories","26":"tag-uutiset"},"share_on_mastodon":{"url":"https:\/\/pubeurope.com\/@fi\/115707406209557471","error":""},"_links":{"self":[{"href":"https:\/\/www.europesays.com\/fi\/wp-json\/wp\/v2\/posts\/114620","targetHints":{"allow":["GET"]}}],"collection":[{"href":"https:\/\/www.europesays.com\/fi\/wp-json\/wp\/v2\/posts"}],"about":[{"href":"https:\/\/www.europesays.com\/fi\/wp-json\/wp\/v2\/types\/post"}],"author":[{"embeddable":true,"href":"https:\/\/www.europesays.com\/fi\/wp-json\/wp\/v2\/users\/2"}],"replies":[{"embeddable":true,"href":"https:\/\/www.europesays.com\/fi\/wp-json\/wp\/v2\/comments?post=114620"}],"version-history":[{"count":0,"href":"https:\/\/www.europesays.com\/fi\/wp-json\/wp\/v2\/posts\/114620\/revisions"}],"wp:featuredmedia":[{"embeddable":true,"href":"https:\/\/www.europesays.com\/fi\/wp-json\/wp\/v2\/media\/114621"}],"wp:attachment":[{"href":"https:\/\/www.europesays.com\/fi\/wp-json\/wp\/v2\/media?parent=114620"}],"wp:term":[{"taxonomy":"category","embeddable":true,"href":"https:\/\/www.europesays.com\/fi\/wp-json\/wp\/v2\/categories?post=114620"},{"taxonomy":"post_tag","embeddable":true,"href":"https:\/\/www.europesays.com\/fi\/wp-json\/wp\/v2\/tags?post=114620"}],"curies":[{"name":"wp","href":"https:\/\/api.w.org\/{rel}","templated":true}]}}