{"id":114624,"date":"2025-12-12T16:06:04","date_gmt":"2025-12-12T16:06:04","guid":{"rendered":"https:\/\/www.europesays.com\/fi\/114624\/"},"modified":"2025-12-12T16:06:04","modified_gmt":"2025-12-12T16:06:04","slug":"mtv-uutisankkuri-kirsi-alm-siira-kaatuili-umpihumalassa-baarissa-mokasin-pahasti","status":"publish","type":"post","link":"https:\/\/www.europesays.com\/fi\/114624\/","title":{"rendered":"MTV: Uutisankkuri Kirsi Alm-Siira kaatuili umpihumalassa baarissa &#8211; &#8221;Mokasin pahasti&#8221;"},"content":{"rendered":"<p>Sarah Dzafcen rasismikohu ja tittelin menetys on saanut Maikkarin suosikkiuutisankkuri Kirsi Alm-Siiran tarttumaan kyn\u00e4\u00e4n. H\u00e4n on kirjoittanut mielipidekolumnin ty\u00f6nantajansa <a href=\"https:\/\/www.mtvuutiset.fi\/artikkeli\/kirsi-alm-siiran-kommentti-pomoni-antoi-mokailun-anteeksi-olisiko-somekansa-armahtanut\/9269058\" target=\"_blank\" rel=\"noreferrer noopener nofollow\">MTV:<\/a>n sivuille. Siin\u00e4 h\u00e4n kertoo omasta takavuosien mokastaan.<\/p>\n<p>Lue my\u00f6s: <a href=\"https:\/\/www.como.fi\/uutiset\/huh-mika-koti-kirsi-alm-siira-esitteli\/\" title=\"Huh mik\u00e4 koti \u2013 Kirsi Alm-Siira esitteli!\" class=\"underline-custom !font-montserrat !font-bold !underline-offset-4 !decoration-4 !decoration-red-600 !text-md\" rel=\"nofollow noopener\" target=\"_blank\">Huh mik\u00e4 koti \u2013 Kirsi Alm-Siira esitteli!<\/a><\/p>\n<p>-Olin pinnistellyt 12 tunnin ty\u00f6p\u00e4iv\u00e4n kokemattomuuttani ilman ruokaa ja juomaa. Pahinta nestevajettani paikkasin kavereiden tarjoamilla ravintolajuomilla ja \u201dniin sit\u00e4 sitten mentiin\u201d. Olin umpihumalassa tunnetussa helsinkil\u00e4isess\u00e4 y\u00f6kerhossa. Vierailuni oli j\u00e4\u00e4nyt lyhyeksi, sill\u00e4 henkil\u00f6kunta ja tuttuni olivat katsoneet, ett\u00e4 minulle parempi paikka olisi kotona. Omin jaloin en kotiin p\u00e4\u00e4ssyt, Alm-Siira tunnustaa kirjoituksessaan.<\/p>\n<p>H\u00e4n kertoo kaatuilleensa humalassa baarissa, jossa h\u00e4n edusti omaa ty\u00f6paikkaansa.<\/p>\n<p><strong>Kirsi pyysi anteeksi pomoltaan<\/strong><\/p>\n<p>Seurasi morkkis ja asioiden tunnustamisen hetki omalle pomolle.<\/p>\n<p>-Kerroin pomolleni kaiken, mit\u00e4 olin saanut tekemisist\u00e4ni selville. Tunsin, ett\u00e4 olin t\u00e4ydellisesti pett\u00e4nyt h\u00e4nen luottamuksensa. Sanoinkin, ett\u00e4 ymm\u00e4rr\u00e4n jos h\u00e4n ei en\u00e4\u00e4 halua n\u00e4hd\u00e4 minua ty\u00f6paikalla, Kirsi kirjoittaa.<\/p>\n<p>Lue my\u00f6s: <a href=\"https:\/\/www.como.fi\/uutiset\/kirsi-alm-siiran-paljastus-on-esiintynyt-elokuvassa\/\" title=\"Kirsi Alm-Siiran paljastus \u2013 on esiintynyt elokuvassa\" class=\"underline-custom !font-montserrat !font-bold !underline-offset-4 !decoration-4 !decoration-red-600 !text-md\" rel=\"nofollow noopener\" target=\"_blank\">Kirsi Alm-Siiran paljastus \u2013 on esiintynyt elokuvassa<\/a><\/p>\n<p>Pomo antoi armon k\u00e4yd\u00e4 oikeudesta. Tuolloin ei ollut somea, mutta ent\u00e4 jos olisi ollut, Kirsi miettii.<\/p>\n<p>-Minulle t\u00e4m\u00e4 tarinani on jonkinn\u00e4k\u00f6inen oppitunti inhimillisyydest\u00e4. Porukan vahvin antoi anteeksi ja oli valmis tukemaan.\u00a0Min\u00e4 my\u00f6s opin virheest\u00e4ni, Kirsi sanoo.<\/p>\n<p>Lue my\u00f6s: <a href=\"https:\/\/www.como.fi\/uutiset\/kirsi-alm-siira-esitteli-tassa-on-mikko-36v-ihan-ok-tyyppi\/\" title=\"Kirsi Alm-Siira esitteli: \u201dT\u00e4ss\u00e4 on Mikko, 36v, ihan ok tyyppi\u201d\" class=\"underline-custom !font-montserrat !font-bold !underline-offset-4 !decoration-4 !decoration-red-600 !text-md\" rel=\"nofollow noopener\" target=\"_blank\">Kirsi Alm-Siira esitteli: \u201dT\u00e4ss\u00e4 on Mikko, 36v, ihan ok tyyppi\u201d<\/a><\/p>\n<p>Oma tapaus tuli taas mieleen, kun h\u00e4n on seurannut missiskandaalia.<\/p>\n<p>-Eik\u00f6 nyky\u00e4\u00e4n siis voi erehty\u00e4 kertaakaan? Miss\u00e4 ovat nykyp\u00e4iv\u00e4n\u00e4 ne, jotka puolustavat omiaan, tai ne jotka edes yritt\u00e4v\u00e4t ymm\u00e4rt\u00e4\u00e4, eiv\u00e4tk\u00e4 suoraan tuomitse? Kirsi per\u00e4\u00e4nkuuluttaa.<\/p>\n<p>-Itse veikkaan, ett\u00e4 potkujen taustalla on \u201dsomekansaksi\u201d otsikoitu joukko. T\u00e4m\u00e4 joukko on ymm\u00e4rt\u00e4\u00e4kseni hyvin pieni, mutta valtavan \u00e4\u00e4nek\u00e4s ja vaikutusvaltainen.<\/p>\n<p>Somekansa ei Kirsin mukaan aina toimi edes loogisesti. Jollekin jotain sallitaan, toiselle taas ei. Ihminen saattaa hetkess\u00e4 menett\u00e4\u00e4 kaiken itselleen t\u00e4rke\u00e4n.<\/p>\n<p>Lue my\u00f6s: <a href=\"https:\/\/www.como.fi\/tilaa-comon-uutiskirje\/\" title=\"Tilaa Comon uutiskirje ja tied\u00e4t mist\u00e4 kahvitauolla puhutaan! Nappaa kotimaan tv-vinkit ja puheenaiheet suoraan s\u00e4hk\u00f6postiin t\u00e4st\u00e4.\" class=\"underline-custom !font-montserrat !font-bold !underline-offset-4 !decoration-4 !decoration-red-600 !text-md\" rel=\"nofollow noopener\" target=\"_blank\">Tilaa Comon uutiskirje ja tied\u00e4t mist\u00e4 kahvitauolla puhutaan! Nappaa kotimaan tv-vinkit ja puheenaiheet suoraan s\u00e4hk\u00f6postiin t\u00e4st\u00e4.<\/a><\/p>\n","protected":false},"excerpt":{"rendered":"Sarah Dzafcen rasismikohu ja tittelin menetys on saanut Maikkarin suosikkiuutisankkuri Kirsi Alm-Siiran tarttumaan kyn\u00e4\u00e4n. H\u00e4n on kirjoittanut mielipidekolumnin&hellip;\n","protected":false},"author":2,"featured_media":114625,"comment_status":"","ping_status":"","sticky":false,"template":"","format":"standard","meta":{"footnotes":""},"categories":[136],"tags":[407,137,33,31,30,408,7842,32,109],"class_list":{"0":"post-114624","1":"post","2":"type-post","3":"status-publish","4":"format-standard","5":"has-post-thumbnail","7":"category-julkkikset","8":"tag-celebrities","9":"tag-entertainment","10":"tag-fi","11":"tag-finland","12":"tag-finnish","13":"tag-julkkikset","14":"tag-kirsi-alm-siira","15":"tag-suomi","16":"tag-viihde"},"share_on_mastodon":{"url":"https:\/\/pubeurope.com\/@fi\/115707457227485446","error":""},"_links":{"self":[{"href":"https:\/\/www.europesays.com\/fi\/wp-json\/wp\/v2\/posts\/114624","targetHints":{"allow":["GET"]}}],"collection":[{"href":"https:\/\/www.europesays.com\/fi\/wp-json\/wp\/v2\/posts"}],"about":[{"href":"https:\/\/www.europesays.com\/fi\/wp-json\/wp\/v2\/types\/post"}],"author":[{"embeddable":true,"href":"https:\/\/www.europesays.com\/fi\/wp-json\/wp\/v2\/users\/2"}],"replies":[{"embeddable":true,"href":"https:\/\/www.europesays.com\/fi\/wp-json\/wp\/v2\/comments?post=114624"}],"version-history":[{"count":0,"href":"https:\/\/www.europesays.com\/fi\/wp-json\/wp\/v2\/posts\/114624\/revisions"}],"wp:featuredmedia":[{"embeddable":true,"href":"https:\/\/www.europesays.com\/fi\/wp-json\/wp\/v2\/media\/114625"}],"wp:attachment":[{"href":"https:\/\/www.europesays.com\/fi\/wp-json\/wp\/v2\/media?parent=114624"}],"wp:term":[{"taxonomy":"category","embeddable":true,"href":"https:\/\/www.europesays.com\/fi\/wp-json\/wp\/v2\/categories?post=114624"},{"taxonomy":"post_tag","embeddable":true,"href":"https:\/\/www.europesays.com\/fi\/wp-json\/wp\/v2\/tags?post=114624"}],"curies":[{"name":"wp","href":"https:\/\/api.w.org\/{rel}","templated":true}]}}