{"id":114630,"date":"2025-12-12T16:14:06","date_gmt":"2025-12-12T16:14:06","guid":{"rendered":"https:\/\/www.europesays.com\/fi\/114630\/"},"modified":"2025-12-12T16:14:06","modified_gmt":"2025-12-12T16:14:06","slug":"syovan-ja-hiusten-harmaantumisen-valilta-loytyi-yhteys","status":"publish","type":"post","link":"https:\/\/www.europesays.com\/fi\/114630\/","title":{"rendered":"Sy\u00f6v\u00e4n ja hiusten harmaantumisen v\u00e4lilt\u00e4 l\u00f6ytyi yhteys"},"content":{"rendered":"<p>Harmaat hiukset olivat joskus menneill\u00e4 vuosikymmenill\u00e4 asia, jota erityisesti naiset salailivat ja piilottelivat.<\/p>\n<p>Ensimm\u00e4isten harmaiden haituvien ilmestymist\u00e4 odotettiin kauhulla, ja v\u00e4litt\u00f6m\u00e4sti niiden ilmaannuttua kaivettiin vahvat hiusv\u00e4ripurkit esiin. Kyseisi\u00e4 hiusv\u00e4rej\u00e4 my\u00f6s markkinoitiin lauseilla \u201cpeitt\u00e4\u00e4 sataprosenttisesti my\u00f6s harmaat hiukset\u201d, \u201cpeitt\u00e4\u00e4 itsep\u00e4isimm\u00e4tkin harmaat\u201d ja \u201cparas tapa peitt\u00e4\u00e4 harmaat hiukset\u201d.<\/p>\n<p>Lue my\u00f6s: <a href=\"https:\/\/www.voice.fi\/ilmiot\/a-204935\" title=\"Viisikymppinen Lonni saa kritiikki\u00e4 tyylist\u00e4\u00e4n: \u2019Olet liian vanha pukeutumaan n\u00e4in\u2019\" class=\"underline-custom !font-montserrat !font-bold !underline-offset-4 !decoration-4 !decoration-tilt-light !text-md\" rel=\"nofollow noopener\" target=\"_blank\">Viisikymppinen Lonni saa kritiikki\u00e4 tyylist\u00e4\u00e4n: \u2019Olet liian vanha pukeutumaan n\u00e4in\u2019<\/a><\/p>\n<p>Lue my\u00f6s: <a href=\"https:\/\/www.voice.fi\/ilmiot\/a-169572\" title=\"Uudet emojit ovat t\u00e4\u00e4ll\u00e4! Uudenlaisia ilmeit\u00e4, hiusv\u00e4rej\u00e4 ja ruokia, katso\" class=\"underline-custom !font-montserrat !font-bold !underline-offset-4 !decoration-4 !decoration-tilt-light !text-md\" rel=\"nofollow noopener\" target=\"_blank\">Uudet emojit ovat t\u00e4\u00e4ll\u00e4! Uudenlaisia ilmeit\u00e4, hiusv\u00e4rej\u00e4 ja ruokia, katso<\/a><\/p>\n<p>Toki n\u00e4m\u00e4 mainoslauseet ovat tietyilt\u00e4 osin k\u00e4yt\u00f6ss\u00e4 edelleen, mutta ainakin viimeiset kymmenen vuotta on ollut olemassa suuntaus, jossa harmaiden hiusten annetaan kasvaa, ja my\u00f6s nuoret ihmiset v\u00e4rj\u00e4\u00e4v\u00e4t hiuksensa tarkoituksella harmaiksi.<\/p>\n<p>Harmaan kauneus on viimein ymm\u00e4rretty, eik\u00e4 sit\u00e4 en\u00e4\u00e4 pidet\u00e4k\u00e4\u00e4n mummoutumisen merkkin\u00e4.<\/p>\n<p>Tuore <a href=\"https:\/\/www.nature.com\/articles\/s41556-025-01769-9.epdf?sharing_token=-rb54x5PbZ1vsXEd5cyxa9RgN0jAjWel9jnR3ZoTv0OeT2R9i2rNG6IDT45y_oXhRuCqD-RfRTj1Yu1RORvyu3tbduHMH53qoXssZt6Jt9sYo4dEf1CYNYxfbesaCPu5ZqgUH2BIQj3iWHM1kPRC2FRMOohEdEC3iWN7SaKF1xBE1ZtT4V7m-HblEtVMaKaUJXFKyWfaDCbDxKjiGCNOFpwCq4zkKRwshBbIYFZleyCFgoeTcueFsCN4pm8ILMWBZ_DHACpV1xKTn_LJ3MfB3oe1yIwjaWOvM7rqUyWaxfGxrIp1QNfHp6k4aynLpSia4D1Fc2096wnhYWNo3WOA_m5dvehunwucd3NZQ_aCwl6gYozedARCqN6gT65RCn945Q4lSFDkXRw1yzYnXuANoFAMBio-7bUfph_Cw_vepzZcz8mfZpzKgtMPSMRemS8UwF0pvgsqlS7t8jeXp5STxM2-nkZSfzulb5RWHfTH_jF4MJLbMOGFlJBFUWnbapdmLzQKxIhQ3d3ZeEGcxxZHf1QpXekd_vUo36mPczsgzwbxdbENe-TUDuuWpQNJvCpy4VEMwiKWEBiJrt7DSCdDk7n6jK2xBT2tkM5V-84fElKhQsTdXBkPfOe0z05lwNqfbLpFTTAJ54DRUmwaexOdZDcSiQrQH3dxv_kV7488FKtpPjBVpEqBgdprTaJvMlyD&amp;tracking_referrer=www.livescience.com\" target=\"_blank\" rel=\"noreferrer noopener nofollow\">Natural cell biology<\/a> -lehdess\u00e4 julkaistu tutkimus selvitti luonnostaan harmaantuvien hiusten ja sy\u00f6v\u00e4n v\u00e4list\u00e4 yhteytt\u00e4.<\/p>\n<p>K\u00e4vi ilmi, ett\u00e4 harmaus saattaa kieli\u00e4 my\u00f6s v\u00e4h\u00e4isemm\u00e4st\u00e4 sy\u00f6p\u00e4riskist\u00e4.<\/p>\n<p>Muun muassa kemikaalit ja ultraviolettis\u00e4teily aiheuttavat vaurioita DNA:han, ja t\u00e4m\u00e4 voi lis\u00e4t\u00e4 sy\u00f6v\u00e4n riski\u00e4. Samalla saattaa kuitenkin aktivoitua my\u00f6s puolustusmekanismi, joka johtaa ennenaikaiseen harmaantumiseen ja v\u00e4hent\u00e4\u00e4 sy\u00f6pien esiintymist\u00e4.<\/p>\n<p>Lue my\u00f6s: <a href=\"https:\/\/www.voice.fi\/ilmiot\/a-86365\" title=\"Miesten aivot vanhenevat naisten aivoja nopeammin\" class=\"underline-custom !font-montserrat !font-bold !underline-offset-4 !decoration-4 !decoration-tilt-light !text-md\" rel=\"nofollow noopener\" target=\"_blank\">Miesten aivot vanhenevat naisten aivoja nopeammin<\/a><\/p>\n<p>Lue my\u00f6s: <a href=\"https:\/\/www.voice.fi\/ilmiot\/a-78562\" title=\"Harvinainen hiusv\u00e4ri periytyi: Uskoisitko, ettei bloggaaja ole v\u00e4rj\u00e4nnyt kutrejaan?\" class=\"underline-custom !font-montserrat !font-bold !underline-offset-4 !decoration-4 !decoration-tilt-light !text-md\" rel=\"nofollow noopener\" target=\"_blank\">Harvinainen hiusv\u00e4ri periytyi: Uskoisitko, ettei bloggaaja ole v\u00e4rj\u00e4nnyt kutrejaan?<\/a><\/p>\n<p>Kun hiusten melaniinipigmentti\u00e4 tuottavien solujen toiminta hidastuu, hius harmaantuu. Samalla prosessien hidastuminen voi est\u00e4\u00e4 mutatoituneen DNA:n siirtymien uusiin soluihin ja n\u00e4in auttaa pienent\u00e4m\u00e4\u00e4n sy\u00f6p\u00e4riski\u00e4.<\/p>\n<p>Tokion yliopiston tekemiss\u00e4 hiirikokeissa havaittiin melaniinipigmentin tuottamisesta vastaavien melanosyyttikantasolujen reagoivan DNA-vaurioihin kahdella tavalla.<\/p>\n<p>Solut voivat joko lopettaa jakautumisen, joka johtaa harmaantumiseen ja samalla vaikuttaa sy\u00f6p\u00e4\u00e4 ehk\u00e4isev\u00e4sti. Kantasolut voivat vaurioitumisen j\u00e4lkeen my\u00f6s jatkaa jakautumista, mink\u00e4 ansiosta hiukset pit\u00e4v\u00e4t v\u00e4rins\u00e4, mutta kasvaimet kasvavat jopa nopeammin.<\/p>\n<p>Tutkijat kuitenkin alleviivaavat, ettei hiirill\u00e4 toteutettu tutkimus kerro, ett\u00e4 hiusten harmaantuminen automaattisesti ehk\u00e4isisi sy\u00f6p\u00e4\u00e4, vaan prosessi vaatii viel\u00e4 lis\u00e4\u00e4 tutkimuksia.<\/p>\n","protected":false},"excerpt":{"rendered":"Harmaat hiukset olivat joskus menneill\u00e4 vuosikymmenill\u00e4 asia, jota erityisesti naiset salailivat ja piilottelivat. Ensimm\u00e4isten harmaiden haituvien ilmestymist\u00e4 odotettiin&hellip;\n","protected":false},"author":2,"featured_media":114631,"comment_status":"","ping_status":"","sticky":false,"template":"","format":"standard","meta":{"footnotes":""},"categories":[130],"tags":[137,33,31,30,21022,32,17791,109],"class_list":{"0":"post-114630","1":"post","2":"type-post","3":"status-publish","4":"format-standard","5":"has-post-thumbnail","7":"category-viihde","8":"tag-entertainment","9":"tag-fi","10":"tag-finland","11":"tag-finnish","12":"tag-harmaantuminen","13":"tag-suomi","14":"tag-syu00f6pu00e4","15":"tag-viihde"},"share_on_mastodon":{"url":"https:\/\/pubeurope.com\/@fi\/115707488704670496","error":""},"_links":{"self":[{"href":"https:\/\/www.europesays.com\/fi\/wp-json\/wp\/v2\/posts\/114630","targetHints":{"allow":["GET"]}}],"collection":[{"href":"https:\/\/www.europesays.com\/fi\/wp-json\/wp\/v2\/posts"}],"about":[{"href":"https:\/\/www.europesays.com\/fi\/wp-json\/wp\/v2\/types\/post"}],"author":[{"embeddable":true,"href":"https:\/\/www.europesays.com\/fi\/wp-json\/wp\/v2\/users\/2"}],"replies":[{"embeddable":true,"href":"https:\/\/www.europesays.com\/fi\/wp-json\/wp\/v2\/comments?post=114630"}],"version-history":[{"count":0,"href":"https:\/\/www.europesays.com\/fi\/wp-json\/wp\/v2\/posts\/114630\/revisions"}],"wp:featuredmedia":[{"embeddable":true,"href":"https:\/\/www.europesays.com\/fi\/wp-json\/wp\/v2\/media\/114631"}],"wp:attachment":[{"href":"https:\/\/www.europesays.com\/fi\/wp-json\/wp\/v2\/media?parent=114630"}],"wp:term":[{"taxonomy":"category","embeddable":true,"href":"https:\/\/www.europesays.com\/fi\/wp-json\/wp\/v2\/categories?post=114630"},{"taxonomy":"post_tag","embeddable":true,"href":"https:\/\/www.europesays.com\/fi\/wp-json\/wp\/v2\/tags?post=114630"}],"curies":[{"name":"wp","href":"https:\/\/api.w.org\/{rel}","templated":true}]}}