{"id":114634,"date":"2025-12-12T16:18:08","date_gmt":"2025-12-12T16:18:08","guid":{"rendered":"https:\/\/www.europesays.com\/fi\/114634\/"},"modified":"2025-12-12T16:18:08","modified_gmt":"2025-12-12T16:18:08","slug":"miten-olisi-britannian-ja-saksan-puolustusakseli","status":"publish","type":"post","link":"https:\/\/www.europesays.com\/fi\/114634\/","title":{"rendered":"Miten olisi Britannian ja Saksan puolustusakseli?"},"content":{"rendered":"<p>Britannialla on kenraali evp <strong>Richard Barronsin<\/strong> mukaan ilmeisi\u00e4 vaikeuksia toteuttaa viimeisimm\u00e4ss\u00e4 puolustusselonteossaan m\u00e4\u00e4riteltyj\u00e4 asevoimien uudistuksia siin\u00e4 aikataulussa, jota samaan asiakirjaan sis\u00e4ltyv\u00e4 strateginen riskiarvio edellytt\u00e4isi.<\/p>\n<p>Samaan aikaan Saksa on h\u00e4nen mukaansa investoinut viiden l\u00e4hivuoden aikana voimakkaasti noustakseen Euroopan johtavaksi konventionaaliseksi sotilasmahdiksi. Jos maat yhdist\u00e4isiv\u00e4t voimansa, molemmat hy\u00f6tyisiv\u00e4t \u2013 ja niin my\u00f6s koko muu Eurooppa, maansa asevoimien strategiaesikunnan p\u00e4\u00e4llikk\u00f6n\u00e4 2013\u20132016 palvellut Barrons toteaa Britannian ulkopoliittisen instituutin eli Chatham Housen julkaisemassa <a href=\"https:\/\/www.chathamhouse.org\/2025\/11\/uk-and-germany-should-combine-their-strengths-address-weaknesses-european-defence\" target=\"_blank\" rel=\"nofollow noopener\">artikkelissa<\/a>.<\/p>\n<p>Kun Britannia vasta k\u00e4ynnistelee uudistuksiaan ja etsii malleja niiden rahoittamiseksi, Saksan Bundeswehri\u00e4 vahvistetaan h\u00e4nen mukaansa liittokansleri <strong>Friedrich Merzin <\/strong>johdolla olennaisesti nopeammassa tahdissa.<\/p>\n<p>\u2013 Saksan odotetaan nostavan puolustusmenonsa 3,5 prosenttiin bkt:sta eli 162 miljardiin euroon vuoteen 2029 menness\u00e4, Ukrainalle annettava tuki mukaan lukien, Barrons muistuttaa. T\u00e4m\u00e4 tarkoittaisi 649:\u00e4\u00e4 miljardia euroa seuraavien viiden vuoden aikana.<\/p>\n<p>Julkisuuteen vuotaneen <a href=\"https:\/\/www.politico.eu\/article\/germany-military-wish-list-defense-politics-budget-domestic-industry\/\" target=\"_blank\" rel=\"nofollow noopener\">asiakirjan<\/a> mukaan Saksan ensi vuoden budjettiin oltaisiin jo kirjaamassa 377 miljardin euron puolustustarvikehankinnat. Hankittavien 320 j\u00e4rjestelm\u00e4n toimittajistakin 178 n\u00e4ytt\u00e4isi olevan jo tiedossa.<\/p>\n<p>Britannialla on maansa tuoreimman puolustusselonteon valmisteluun itsekin osallistuneen kenraali Barronsin mielest\u00e4 hyvi\u00e4 ajatuksia sotilaallisten suorituskykyjen uudistamisesta, mutta vaikeuksia rahoittaa niiden toteutus.<\/p>\n<p>Saksalla on puolestaan poikkeukselliset edellytykset Euroopan mittakaavassa valtaviin investointeihin, mutta kenties puutteellisempi k\u00e4sitys modernin sodank\u00e4ynnin muuttuvista tarpeista. Euroopan puolustuksen kannalta olisikin h\u00e4nen mielest\u00e4\u00e4n mielekk\u00e4int\u00e4 yhdist\u00e4\u00e4 Britannian edistyksellinen ajattelutapa ja Saksan taloudelliset resurssit.<\/p>\n","protected":false},"excerpt":{"rendered":"Britannialla on kenraali evp Richard Barronsin mukaan ilmeisi\u00e4 vaikeuksia toteuttaa viimeisimm\u00e4ss\u00e4 puolustusselonteossaan m\u00e4\u00e4riteltyj\u00e4 asevoimien uudistuksia siin\u00e4 aikataulussa, jota&hellip;\n","protected":false},"author":2,"featured_media":114635,"comment_status":"","ping_status":"","sticky":false,"template":"","format":"standard","meta":{"footnotes":""},"categories":[14],"tags":[22,23,26,27,33,31,30,17,24,25,28,29,15,18,21,32,19,20,56,16,59,60,61],"class_list":{"0":"post-114634","1":"post","2":"type-post","3":"status-publish","4":"format-standard","5":"has-post-thumbnail","7":"category-ulkomaat","8":"tag-breaking-news","9":"tag-breakingnews","10":"tag-featured-news","11":"tag-featurednews","12":"tag-fi","13":"tag-finland","14":"tag-finnish","15":"tag-headlines","16":"tag-latest-news","17":"tag-latestnews","18":"tag-main-news","19":"tag-mainnews","20":"tag-news","21":"tag-otsikot","22":"tag-paauutiset","23":"tag-suomi","24":"tag-top-stories","25":"tag-topstories","26":"tag-ulkomaat","27":"tag-uutiset","28":"tag-world","29":"tag-world-news","30":"tag-worldnews"},"share_on_mastodon":{"url":"https:\/\/pubeurope.com\/@fi\/115707504616866014","error":""},"_links":{"self":[{"href":"https:\/\/www.europesays.com\/fi\/wp-json\/wp\/v2\/posts\/114634","targetHints":{"allow":["GET"]}}],"collection":[{"href":"https:\/\/www.europesays.com\/fi\/wp-json\/wp\/v2\/posts"}],"about":[{"href":"https:\/\/www.europesays.com\/fi\/wp-json\/wp\/v2\/types\/post"}],"author":[{"embeddable":true,"href":"https:\/\/www.europesays.com\/fi\/wp-json\/wp\/v2\/users\/2"}],"replies":[{"embeddable":true,"href":"https:\/\/www.europesays.com\/fi\/wp-json\/wp\/v2\/comments?post=114634"}],"version-history":[{"count":0,"href":"https:\/\/www.europesays.com\/fi\/wp-json\/wp\/v2\/posts\/114634\/revisions"}],"wp:featuredmedia":[{"embeddable":true,"href":"https:\/\/www.europesays.com\/fi\/wp-json\/wp\/v2\/media\/114635"}],"wp:attachment":[{"href":"https:\/\/www.europesays.com\/fi\/wp-json\/wp\/v2\/media?parent=114634"}],"wp:term":[{"taxonomy":"category","embeddable":true,"href":"https:\/\/www.europesays.com\/fi\/wp-json\/wp\/v2\/categories?post=114634"},{"taxonomy":"post_tag","embeddable":true,"href":"https:\/\/www.europesays.com\/fi\/wp-json\/wp\/v2\/tags?post=114634"}],"curies":[{"name":"wp","href":"https:\/\/api.w.org\/{rel}","templated":true}]}}