{"id":114636,"date":"2025-12-12T16:19:08","date_gmt":"2025-12-12T16:19:08","guid":{"rendered":"https:\/\/www.europesays.com\/fi\/114636\/"},"modified":"2025-12-12T16:19:08","modified_gmt":"2025-12-12T16:19:08","slug":"stubb-peruu-texasin-matkansa-berliinissa-maanantaina-merkittava-ukraina-kokous","status":"publish","type":"post","link":"https:\/\/www.europesays.com\/fi\/114636\/","title":{"rendered":"Stubb peruu Texasin-matkansa, Berliiniss\u00e4 maanantaina merkitt\u00e4v\u00e4 Ukraina-kokous"},"content":{"rendered":"<p>Ukraina|Stubb peruu vierailunsa Yhdysvaltoihin Ukrainan tilanteen vuoksi.<\/p>\n<p class=\"article-body mb-nof-24 px-nof-16\">Haag\/Helsinki<\/p>\n<p class=\"article-body mb-nof-24 px-nof-16\">Tasavallan presidentti <a class=\"article-personlink\" href=\"https:\/\/www.hs.fi\/haku\/?query=Alexander%20Stubb\" rel=\"nofollow noopener\" target=\"_blank\">Alexander Stubb<\/a> kertoi Hollannissa pit\u00e4m\u00e4ss\u00e4\u00e4n tiedotustilaisuudessa peruvansa Yhdysvaltain-matkansa Ukrainan tilanteen vuoksi.<\/p>\n<p class=\"article-body mb-nof-24 px-nof-16\">Stubbin oli tarkoitus vierailla maanantaina ja tiistaina Texasissa. H\u00e4nen oli m\u00e4\u00e4r\u00e4 osallistua F-35A-h\u00e4vitt\u00e4j\u00e4n julkistustilaisuuteen Fort Worthissa ja Suomen p\u00e4\u00e4konsulaatin avajaisiin Houstonissa.<\/p>\n<p class=\"article-body mb-nof-24 px-nof-16\">Vierailu kuitenkin peruuntuu, sill\u00e4 Ukrainan rauhanprosessissa tapahtuu t\u00e4ll\u00e4 hetkell\u00e4 paljon. Tasavallan presidentin kanslian tiedotteen mukaan Stubb osallistuu alkuviikosta Euroopassa k\u00e4yt\u00e4viin keskusteluihin, jotka liittyv\u00e4t Ukrainan rauhanneuvotteluihin.<\/p>\n<p class=\"article-body mb-nof-24 px-nof-16\">Saksa vahvisti perjantai-iltana mediatiedot siit\u00e4, ett\u00e4 liittokansleri <a class=\"article-personlink\" href=\"https:\/\/www.hs.fi\/haku\/?query=Friedrich%20Merz\" rel=\"nofollow noopener\" target=\"_blank\">Friedrich Merz<\/a> valmistelee Berliiniin Ukrainan-rauhankokousta maanantaiksi. Paikalle on tulossa muun muassa Ukrainan presidentti <a class=\"article-personlink\" href=\"https:\/\/www.hs.fi\/haku\/?query=Volodymyr%20Zelenskyi\" rel=\"nofollow noopener\" target=\"_blank\">Volodymyr Zelenskyi<\/a>. Keskusteluihin osallistuu my\u00f6s muita Euroopan johtajia ja EU:n ja Naton edustajia.<\/p>\n<p class=\"article-body mb-nof-24 px-nof-16\">Yhdysvaltojen ja esimerkiksi presidentti <a class=\"article-personlink\" href=\"https:\/\/www.hs.fi\/haku\/?query=Donald%20Trumpin\" rel=\"nofollow noopener\" target=\"_blank\">Donald Trumpin<\/a> osallistumisesta ei ole tietoa.<\/p>\n<p class=\"article-body mb-nof-24 px-nof-16\">Stubb sanoi jo torstaina suomalaistoimittajille Amsterdamissa valtiovierailun ensimm\u00e4isen\u00e4 p\u00e4iv\u00e4n\u00e4, ett\u00e4 h\u00e4n osallistuu Berliinin-kokoukseen ja peruu Yhdysvaltain-matkansa, jos Berliinin-kokous toteutuu.<\/p>\n<p class=\"article-body mb-nof-24 px-nof-16\">Stubb ja rouva <a class=\"article-personlink\" href=\"https:\/\/www.hs.fi\/haku\/?query=Suzanne%20Innes-Stubb\" rel=\"nofollow noopener\" target=\"_blank\">Suzanne Innes-Stubb<\/a> ovat valtiovierailulla Hollannissa.<\/p>\n<p class=\"article-body mb-nof-24 px-nof-16\">He ovat tavanneet kuningas <a class=\"article-personlink\" href=\"https:\/\/www.hs.fi\/haku\/?query=Willem-Alexanderin\" rel=\"nofollow noopener\" target=\"_blank\">Willem-Alexanderin<\/a> ja kuningatar <a class=\"article-personlink\" href=\"https:\/\/www.hs.fi\/haku\/?query=M%C3%A1ximan\" rel=\"nofollow noopener\" target=\"_blank\">M\u00e1ximan<\/a>. Vierailulla k\u00e4sitell\u00e4\u00e4n muun muassa maiden kahdenv\u00e4lisi\u00e4 suhteita, kokonaisturvallisuutta ja Ukrainan tukemista.<\/p>\n","protected":false},"excerpt":{"rendered":"Ukraina|Stubb peruu vierailunsa Yhdysvaltoihin Ukrainan tilanteen vuoksi. Haag\/Helsinki Tasavallan presidentti Alexander Stubb kertoi Hollannissa pit\u00e4m\u00e4ss\u00e4\u00e4n tiedotustilaisuudessa peruvansa Yhdysvaltain-matkansa&hellip;\n","protected":false},"author":2,"featured_media":114637,"comment_status":"","ping_status":"","sticky":false,"template":"","format":"standard","meta":{"footnotes":""},"categories":[12],"tags":[22,23,26,27,33,31,30,17,46,24,25,28,29,15,18,21,32,19,20,16],"class_list":{"0":"post-114636","1":"post","2":"type-post","3":"status-publish","4":"format-standard","5":"has-post-thumbnail","7":"category-suomi","8":"tag-breaking-news","9":"tag-breakingnews","10":"tag-featured-news","11":"tag-featurednews","12":"tag-fi","13":"tag-finland","14":"tag-finnish","15":"tag-headlines","16":"tag-helsingin-sanomat","17":"tag-latest-news","18":"tag-latestnews","19":"tag-main-news","20":"tag-mainnews","21":"tag-news","22":"tag-otsikot","23":"tag-paauutiset","24":"tag-suomi","25":"tag-top-stories","26":"tag-topstories","27":"tag-uutiset"},"share_on_mastodon":{"url":"https:\/\/pubeurope.com\/@fi\/115707508543581126","error":""},"_links":{"self":[{"href":"https:\/\/www.europesays.com\/fi\/wp-json\/wp\/v2\/posts\/114636","targetHints":{"allow":["GET"]}}],"collection":[{"href":"https:\/\/www.europesays.com\/fi\/wp-json\/wp\/v2\/posts"}],"about":[{"href":"https:\/\/www.europesays.com\/fi\/wp-json\/wp\/v2\/types\/post"}],"author":[{"embeddable":true,"href":"https:\/\/www.europesays.com\/fi\/wp-json\/wp\/v2\/users\/2"}],"replies":[{"embeddable":true,"href":"https:\/\/www.europesays.com\/fi\/wp-json\/wp\/v2\/comments?post=114636"}],"version-history":[{"count":0,"href":"https:\/\/www.europesays.com\/fi\/wp-json\/wp\/v2\/posts\/114636\/revisions"}],"wp:featuredmedia":[{"embeddable":true,"href":"https:\/\/www.europesays.com\/fi\/wp-json\/wp\/v2\/media\/114637"}],"wp:attachment":[{"href":"https:\/\/www.europesays.com\/fi\/wp-json\/wp\/v2\/media?parent=114636"}],"wp:term":[{"taxonomy":"category","embeddable":true,"href":"https:\/\/www.europesays.com\/fi\/wp-json\/wp\/v2\/categories?post=114636"},{"taxonomy":"post_tag","embeddable":true,"href":"https:\/\/www.europesays.com\/fi\/wp-json\/wp\/v2\/tags?post=114636"}],"curies":[{"name":"wp","href":"https:\/\/api.w.org\/{rel}","templated":true}]}}