{"id":114638,"date":"2025-12-12T16:20:10","date_gmt":"2025-12-12T16:20:10","guid":{"rendered":"https:\/\/www.europesays.com\/fi\/114638\/"},"modified":"2025-12-12T16:20:10","modified_gmt":"2025-12-12T16:20:10","slug":"hs-greta-thunbergille-syyte-niskoittelusta-suomessa","status":"publish","type":"post","link":"https:\/\/www.europesays.com\/fi\/114638\/","title":{"rendered":"HS: Greta Thunbergille syyte niskoittelusta Suomessa"},"content":{"rendered":"<p>Helsingin Sanomat kertoo ep\u00e4illyn rikoksen tapahtuneen Elokapinan mielenilmauksessa.<\/p>\n<p>Poliisi kantoi Greta Thunbergin ja muita mielenosoittajia Mannerheimintielt\u00e4 kes\u00e4kuussa 2024. <\/p>\n<p>Lue tiivistelm\u00e4<\/p>\n<p>Tiivistelm\u00e4 on teko\u00e4lyn tekem\u00e4 ja ihmisen tarkistama.<\/p>\n<p class=\"article-body mb-nof-24 px-nof-16 sndp-summary-bullet-point-font\">Ilmastoaktivisti Greta Thunbergia syytet\u00e4\u00e4n niskoittelusta poliisia vastaan Suomessa, uutisoi Helsingin Sanomat.<\/p>\n<p class=\"article-body mb-nof-24 px-nof-16 sndp-summary-bullet-point-font\">HS:n mukaan syyte liittyy viime vuoden kes\u00e4kuussa j\u00e4rjestettyyn Elokapinan mielenosoitukseen Helsingin ydinkeskustassa.<\/p>\n<p class=\"article-body mb-nof-24 px-nof-16 sndp-summary-bullet-point-font\">Poliisi kantoi Thunbergin pois risteysalueelta, kun mielenosoittajat estiv\u00e4t liikenteen kulun.<\/p>\n<p class=\"article-body mb-nof-24 px-nof-16\">Ilmastoaktivisti <a class=\"article-personlink\" href=\"https:\/\/www.is.fi\/haku\/?query=Greta%20Thunbergia\" rel=\"nofollow noopener\" target=\"_blank\">Greta Thunbergia<\/a>, 22, syytet\u00e4\u00e4n niskoittelusta Suomen poliisia vastaan. Asiasta uutisoi <a class=\"article-genericlink\" href=\"https:\/\/www.hs.fi\/suomi\/art-2000011688115.html\" rel=\"nofollow noopener\" target=\"_blank\">Helsingin Sanomat<\/a>, jonka mukaan syyte nostettiin perjantaina.<\/p>\n<p class=\"article-body mb-nof-24 px-nof-16\">Helsingin Sanomien tietojen mukaan ep\u00e4ilty rikos tapahtui viime vuoden kes\u00e4kuussa, kun Thunberg osallistui Elokapinan mielenosoitukseen Helsingin ydinkeskustassa.<\/p>\n<p class=\"article-body mb-nof-24 px-nof-16\">Osa mielenosoittajista oli istunut maahan Mannerheimintien ja Kaivokadun risteykseen 25. kes\u00e4kuuta. Mielenosoittajat estiv\u00e4t liikenteen kulun risteyksess\u00e4 raitiovaunuja lukuun ottamatta.<\/p>\n<p><img decoding=\"async\" src=\"https:\/\/www.europesays.com\/fi\/wp-content\/uploads\/2025\/12\/1765556410_539_468.jpg\" alt=\"Poliisi kantoi Thunbergin pois risteysalueelta kes\u00e4kuussa 2024.\" class=\"_Img_1rerz_1\" style=\"aspect-ratio:1.5\" loading=\"eager\"\/><\/p>\n<p class=\"article-picture-caption\">Poliisi kantoi Thunbergin pois risteysalueelta kes\u00e4kuussa 2024. Kuva:\u00a0Anton Kunnas \/ HS<\/p>\n<p class=\"article-body mb-nof-24 px-nof-16\">IS <a class=\"article-genericlink\" href=\"https:\/\/www.is.fi\/kotimaa\/art-2000010520744.html\" rel=\"nofollow noopener\" target=\"_blank\">seurasi<\/a> t\u00e4m\u00e4n mielenilmauksen kulkua tapahtumien aikaan.<\/p>\n<p class=\"article-body mb-nof-24 px-nof-16\">Poliisi alkoi pian poistumisk\u00e4skyn j\u00e4lkeen kantaa mielenosoittajia pois risteysalueelta. Yksi viranomaisten siirt\u00e4mist\u00e4 mielenosoittajista oli kansainv\u00e4lisesti tunnettu Thunberg.<\/p>\n<p class=\"article-body mb-nof-24 px-nof-16\">Paikalle oli tuotu HSL:n bussi, johon risteyksest\u00e4 kannettuja mielenosoittajia siirrettiin.<\/p>\n<p class=\"article-body mb-nof-24 px-nof-16\">Ennen kulkueen k\u00e4ynnistymist\u00e4 ja ajov\u00e4yl\u00e4lle siirtymist\u00e4 Thunberg oli pit\u00e4nyt puheen eduskuntatalon portailla. H\u00e4n sanoi puheessaan, ett\u00e4 sama j\u00e4rjestelm\u00e4, joka edist\u00e4\u00e4 ilmastonmuutosta edist\u00e4\u00e4 my\u00f6s ep\u00e4tasa-arvoa ja kansanmurhia.<\/p>\n<p class=\"article-body mb-nof-24 px-nof-16\">Thunberg osoitti puheensa erityisesti Suomen eduskunnalle ja hallitukselle.<\/p>\n<p class=\"article-body mb-nof-24 px-nof-16\">Elokapina j\u00e4rjesti viime vuoden kes\u00e4kuun aikana useampia mielenosoituksia, joissa pys\u00e4ytettiin liikennett\u00e4 Helsingin kantakaupungissa.<\/p>\n<p class=\"article-body mb-nof-24 px-nof-16\">HS:n tietojen mukaan viime vuosina tuomioistuimissa on k\u00e4sitelty satoja syytteit\u00e4 Elokapina-mielenosoitusten tapahtumista. Valtaosa syytteist\u00e4 koski niskoittelua poliisia vastaan. Rangaistukseksi niskoittelijoille on tyypillisesti m\u00e4\u00e4r\u00e4tty kymmenen p\u00e4iv\u00e4sakkoa.<\/p>\n","protected":false},"excerpt":{"rendered":"Helsingin Sanomat kertoo ep\u00e4illyn rikoksen tapahtuneen Elokapinan mielenilmauksessa. Poliisi kantoi Greta Thunbergin ja muita mielenosoittajia Mannerheimintielt\u00e4 kes\u00e4kuussa 2024.&hellip;\n","protected":false},"author":2,"featured_media":114639,"comment_status":"","ping_status":"","sticky":false,"template":"","format":"standard","meta":{"footnotes":""},"categories":[5],"tags":[22,23,26,27,33,31,30,17,34,24,25,28,29,15,18,21,32,19,20,16],"class_list":{"0":"post-114638","1":"post","2":"type-post","3":"status-publish","4":"format-standard","5":"has-post-thumbnail","7":"category-otsikot","8":"tag-breaking-news","9":"tag-breakingnews","10":"tag-featured-news","11":"tag-featurednews","12":"tag-fi","13":"tag-finland","14":"tag-finnish","15":"tag-headlines","16":"tag-ilta-sanomat","17":"tag-latest-news","18":"tag-latestnews","19":"tag-main-news","20":"tag-mainnews","21":"tag-news","22":"tag-otsikot","23":"tag-paauutiset","24":"tag-suomi","25":"tag-top-stories","26":"tag-topstories","27":"tag-uutiset"},"share_on_mastodon":{"url":"https:\/\/pubeurope.com\/@fi\/115707512535678313","error":""},"_links":{"self":[{"href":"https:\/\/www.europesays.com\/fi\/wp-json\/wp\/v2\/posts\/114638","targetHints":{"allow":["GET"]}}],"collection":[{"href":"https:\/\/www.europesays.com\/fi\/wp-json\/wp\/v2\/posts"}],"about":[{"href":"https:\/\/www.europesays.com\/fi\/wp-json\/wp\/v2\/types\/post"}],"author":[{"embeddable":true,"href":"https:\/\/www.europesays.com\/fi\/wp-json\/wp\/v2\/users\/2"}],"replies":[{"embeddable":true,"href":"https:\/\/www.europesays.com\/fi\/wp-json\/wp\/v2\/comments?post=114638"}],"version-history":[{"count":0,"href":"https:\/\/www.europesays.com\/fi\/wp-json\/wp\/v2\/posts\/114638\/revisions"}],"wp:featuredmedia":[{"embeddable":true,"href":"https:\/\/www.europesays.com\/fi\/wp-json\/wp\/v2\/media\/114639"}],"wp:attachment":[{"href":"https:\/\/www.europesays.com\/fi\/wp-json\/wp\/v2\/media?parent=114638"}],"wp:term":[{"taxonomy":"category","embeddable":true,"href":"https:\/\/www.europesays.com\/fi\/wp-json\/wp\/v2\/categories?post=114638"},{"taxonomy":"post_tag","embeddable":true,"href":"https:\/\/www.europesays.com\/fi\/wp-json\/wp\/v2\/tags?post=114638"}],"curies":[{"name":"wp","href":"https:\/\/api.w.org\/{rel}","templated":true}]}}