{"id":114650,"date":"2025-12-12T16:45:07","date_gmt":"2025-12-12T16:45:07","guid":{"rendered":"https:\/\/www.europesays.com\/fi\/114650\/"},"modified":"2025-12-12T16:45:07","modified_gmt":"2025-12-12T16:45:07","slug":"orava-helsinki-vantaan-lentokentalla-ilta-sanomat","status":"publish","type":"post","link":"https:\/\/www.europesays.com\/fi\/114650\/","title":{"rendered":"Orava Helsinki-Vantaan lentokent\u00e4ll\u00e4 &#8211; Ilta-Sanomat"},"content":{"rendered":"<p>Helsinki-Vantaan-lentoasemalla oli erikoisempi vieras.<\/p>\n<p class=\"article-body mb-nof-24 px-nof-16\">Rauno Pietarinen oli l\u00e4hd\u00f6ss\u00e4 vaimonsa kanssa 25-vuotish\u00e4\u00e4matkalle Varsovaan, kun he havaitsivat Helsinki-Vantaan lentoasemalla erikoisen n\u00e4yn.<\/p>\n<p class=\"article-body mb-nof-24 px-nof-16\">\u2013\u2009Istuttiin siin\u00e4 l\u00e4hell\u00e4 l\u00e4ht\u00f6porttia 23B, ja vaimo huomasi, ett\u00e4 tuollahan on orava, Pietarinen kertoo.<\/p>\n<p class=\"article-body mb-nof-24 px-nof-16\">Orava katosi n\u00e4kyvist\u00e4 sill\u00e4 aikaa, kun Vornanen kaivoi puhelimensa esiin ja alkoi kuvaamaan.<\/p>\n<p class=\"article-body mb-nof-24 px-nof-16\">\u2013\u2009Ajattelin, ett\u00e4 saan kyll\u00e4 videop\u00e4tk\u00e4n siit\u00e4. Orava sitten ilmaantuikin ja jonnekin se sitten katosi, Pietarinen sanoo.<\/p>\n<p class=\"article-body mb-nof-24 px-nof-16\">\u2013\u2009Oli todella outo tunne. Lintujahan voi joskus olla, mutta en ole koskaan oravaa n\u00e4hnyt.<\/p>\n<p class=\"article-body mb-nof-24 px-nof-16\">Liek\u00f6 orava halunnut l\u00e4hte\u00e4 lent\u00e4m\u00e4\u00e4n?<\/p>\n<p class=\"article-body mb-nof-24 px-nof-16\">\u2013\u2009Liito-orava se ei kyll\u00e4 minusta ollut, vaan ihan tavallinen orava.<\/p>\n","protected":false},"excerpt":{"rendered":"Helsinki-Vantaan-lentoasemalla oli erikoisempi vieras. Rauno Pietarinen oli l\u00e4hd\u00f6ss\u00e4 vaimonsa kanssa 25-vuotish\u00e4\u00e4matkalle Varsovaan, kun he havaitsivat Helsinki-Vantaan lentoasemalla erikoisen&hellip;\n","protected":false},"author":2,"featured_media":114651,"comment_status":"","ping_status":"","sticky":false,"template":"","format":"standard","meta":{"footnotes":""},"categories":[12],"tags":[22,23,26,27,33,31,30,17,34,24,25,28,29,15,18,21,32,19,20,16],"class_list":{"0":"post-114650","1":"post","2":"type-post","3":"status-publish","4":"format-standard","5":"has-post-thumbnail","7":"category-suomi","8":"tag-breaking-news","9":"tag-breakingnews","10":"tag-featured-news","11":"tag-featurednews","12":"tag-fi","13":"tag-finland","14":"tag-finnish","15":"tag-headlines","16":"tag-ilta-sanomat","17":"tag-latest-news","18":"tag-latestnews","19":"tag-main-news","20":"tag-mainnews","21":"tag-news","22":"tag-otsikot","23":"tag-paauutiset","24":"tag-suomi","25":"tag-top-stories","26":"tag-topstories","27":"tag-uutiset"},"share_on_mastodon":{"url":"https:\/\/pubeurope.com\/@fi\/115707610641525872","error":""},"_links":{"self":[{"href":"https:\/\/www.europesays.com\/fi\/wp-json\/wp\/v2\/posts\/114650","targetHints":{"allow":["GET"]}}],"collection":[{"href":"https:\/\/www.europesays.com\/fi\/wp-json\/wp\/v2\/posts"}],"about":[{"href":"https:\/\/www.europesays.com\/fi\/wp-json\/wp\/v2\/types\/post"}],"author":[{"embeddable":true,"href":"https:\/\/www.europesays.com\/fi\/wp-json\/wp\/v2\/users\/2"}],"replies":[{"embeddable":true,"href":"https:\/\/www.europesays.com\/fi\/wp-json\/wp\/v2\/comments?post=114650"}],"version-history":[{"count":0,"href":"https:\/\/www.europesays.com\/fi\/wp-json\/wp\/v2\/posts\/114650\/revisions"}],"wp:featuredmedia":[{"embeddable":true,"href":"https:\/\/www.europesays.com\/fi\/wp-json\/wp\/v2\/media\/114651"}],"wp:attachment":[{"href":"https:\/\/www.europesays.com\/fi\/wp-json\/wp\/v2\/media?parent=114650"}],"wp:term":[{"taxonomy":"category","embeddable":true,"href":"https:\/\/www.europesays.com\/fi\/wp-json\/wp\/v2\/categories?post=114650"},{"taxonomy":"post_tag","embeddable":true,"href":"https:\/\/www.europesays.com\/fi\/wp-json\/wp\/v2\/tags?post=114650"}],"curies":[{"name":"wp","href":"https:\/\/api.w.org\/{rel}","templated":true}]}}