{"id":114654,"date":"2025-12-12T16:58:10","date_gmt":"2025-12-12T16:58:10","guid":{"rendered":"https:\/\/www.europesays.com\/fi\/114654\/"},"modified":"2025-12-12T16:58:10","modified_gmt":"2025-12-12T16:58:10","slug":"ariana-grande-bongattiin-suomalaisissa-kengissa","status":"publish","type":"post","link":"https:\/\/www.europesays.com\/fi\/114654\/","title":{"rendered":"Ariana Grande bongattiin suomalaisissa kengiss\u00e4"},"content":{"rendered":"<p>New Yorkin kaduilla kopisivat suomalaiskeng\u00e4t, kun maailmant\u00e4hti edusti sellaiset jaloissaan t\u00e4ll\u00e4 viikolla.<\/p>\n<p><img decoding=\"async\" class=\"image image-show image-preview\" src=\"https:\/\/www.europesays.com\/fi\/wp-content\/uploads\/2025\/12\/80573e31dd501650e3281f4ee5589623577045e7641a69e8c6d64ae79d49cf3b.jpg\" alt=\"\"\/><img decoding=\"async\" class=\"image image-show\" src=\"https:\/\/www.europesays.com\/fi\/wp-content\/uploads\/2025\/12\/1765558690_102_80573e31dd501650e3281f4ee5589623577045e7641a69e8c6d64ae79d49cf3b.jpg\" alt=\"\"\/><\/p>\n<p>Ariana Grande promoaa t\u00e4ll\u00e4 hetkell\u00e4 elokuvateattereissa py\u00f6riv\u00e4\u00e4 Wicked-elokuvasarjan elokuvaansa, jota h\u00e4n t\u00e4hditt\u00e4\u00e4. All Over Press<\/p>\n<p class=\"paragraph\">Amerikkalainen muusikko ja n\u00e4yttelij\u00e4t\u00e4r Ariana Grande, 32, n\u00e4htiin New Yorkin kaduilla suomalaisen kenk\u00e4merkin nahkanilkkureissa. Kyseess\u00e4 ovat vaikuttaja <strong>Sandra Hagelstamin<\/strong>, 38, alkuvuodesta 2024 perustama kenk\u00e4br\u00e4ndi.<\/p>\n<p>Grande oli matkalla AMC-teatterissa pidett\u00e4v\u00e4\u00e4n Wicked-elokuvan Q&amp;A-fanitilaisuuteen s\u00e4h\u00e4k\u00e4n punaisessa asennetakissa, mustissa suorissa housuissa ja Hagelstam-suomalaismerkin nahkanilkkureissa 10.12.2025.  All Over Press<\/p>\n<p class=\"paragraph\">Granden jaloissa n\u00e4htiin Jet Pumps -niminen nahkanilkkurimalli, jossa on 10,5 senttinen, hieman kaartuva korko. Sen hinta on <a href=\"https:\/\/hagelstam.com\/products\/jet-pumps-noir\" target=\"_blank\" rel=\"noopener nofollow\">620 euroa<\/a>.<\/p>\n<p class=\"paragraph\">Sit\u00e4 on saatavilla kolmessa eri v\u00e4riss\u00e4: mustassa, ruskeassa ja sammaleenvihre\u00e4ss\u00e4 nahassa.<\/p>\n<p class=\"paragraph\">Tuotekuva: valmistaja.<\/p>\n","protected":false},"excerpt":{"rendered":"New Yorkin kaduilla kopisivat suomalaiskeng\u00e4t, kun maailmant\u00e4hti edusti sellaiset jaloissaan t\u00e4ll\u00e4 viikolla. Ariana Grande promoaa t\u00e4ll\u00e4 hetkell\u00e4 elokuvateattereissa&hellip;\n","protected":false},"author":2,"featured_media":114655,"comment_status":"","ping_status":"","sticky":false,"template":"","format":"standard","meta":{"footnotes":""},"categories":[136],"tags":[8673,407,2110,137,33,31,30,9265,408,8674,2351,9266,1390,106,3013,47,32,2350,109],"class_list":{"0":"post-114654","1":"post","2":"type-post","3":"status-publish","4":"format-standard","5":"has-post-thumbnail","7":"category-julkkikset","8":"tag-asusteet","9":"tag-celebrities","10":"tag-elamantapa-ja-vapaa-aika","11":"tag-entertainment","12":"tag-fi","13":"tag-finland","14":"tag-finnish","15":"tag-juhlakengat","16":"tag-julkkikset","17":"tag-kengat","18":"tag-kengat-ja-asusteet","19":"tag-korkokengat","20":"tag-kuukausi","21":"tag-muoti","22":"tag-muotisuunnittelu","23":"tag-musiikki","24":"tag-suomi","25":"tag-vaatekappaleet","26":"tag-viihde"},"share_on_mastodon":{"url":"https:\/\/pubeurope.com\/@fi\/115707662027694915","error":""},"_links":{"self":[{"href":"https:\/\/www.europesays.com\/fi\/wp-json\/wp\/v2\/posts\/114654","targetHints":{"allow":["GET"]}}],"collection":[{"href":"https:\/\/www.europesays.com\/fi\/wp-json\/wp\/v2\/posts"}],"about":[{"href":"https:\/\/www.europesays.com\/fi\/wp-json\/wp\/v2\/types\/post"}],"author":[{"embeddable":true,"href":"https:\/\/www.europesays.com\/fi\/wp-json\/wp\/v2\/users\/2"}],"replies":[{"embeddable":true,"href":"https:\/\/www.europesays.com\/fi\/wp-json\/wp\/v2\/comments?post=114654"}],"version-history":[{"count":0,"href":"https:\/\/www.europesays.com\/fi\/wp-json\/wp\/v2\/posts\/114654\/revisions"}],"wp:featuredmedia":[{"embeddable":true,"href":"https:\/\/www.europesays.com\/fi\/wp-json\/wp\/v2\/media\/114655"}],"wp:attachment":[{"href":"https:\/\/www.europesays.com\/fi\/wp-json\/wp\/v2\/media?parent=114654"}],"wp:term":[{"taxonomy":"category","embeddable":true,"href":"https:\/\/www.europesays.com\/fi\/wp-json\/wp\/v2\/categories?post=114654"},{"taxonomy":"post_tag","embeddable":true,"href":"https:\/\/www.europesays.com\/fi\/wp-json\/wp\/v2\/tags?post=114654"}],"curies":[{"name":"wp","href":"https:\/\/api.w.org\/{rel}","templated":true}]}}