{"id":114662,"date":"2025-12-12T17:09:07","date_gmt":"2025-12-12T17:09:07","guid":{"rendered":"https:\/\/www.europesays.com\/fi\/114662\/"},"modified":"2025-12-12T17:09:07","modified_gmt":"2025-12-12T17:09:07","slug":"r-kioski-lopettaa-nama-suositut-palvelut-vuodenvaihteessa","status":"publish","type":"post","link":"https:\/\/www.europesays.com\/fi\/114662\/","title":{"rendered":"R-kioski lopettaa n\u00e4m\u00e4 suositut palvelut vuodenvaihteessa"},"content":{"rendered":"<p>R-kioskin toiminta on supistunut rajusti.<\/p>\n<p>Hiljattain <a href=\"https:\/\/www.voice.fi\/ilmiot\/jopa-70-r-kioskia-suljetaan\" target=\"_blank\" rel=\"noreferrer noopener nofollow\">uutisoimme<\/a> kymmenien kioskien sulkemisesta, ja seuraavaksi hampaat iskeytyv\u00e4t R-kioskien palveluihin.<\/p>\n<p>Suositut \u00c4rr\u00e4paketti ja R-s\u00e4ilytys lakkautetaan kuluvan vuoden lopussa.<\/p>\n<p>Lue my\u00f6s: <a href=\"https:\/\/www.voice.fi\/ilmiot\/jopa-70-r-kioskia-suljetaan\" title=\"Jopa 70 R-kioskia suljetaan\" class=\"underline-custom !font-montserrat !font-bold !underline-offset-4 !decoration-4 !decoration-tilt-light !text-md\" rel=\"nofollow noopener\" target=\"_blank\">Jopa 70 R-kioskia suljetaan<\/a><\/p>\n<p>Lue my\u00f6s: <a href=\"https:\/\/www.voice.fi\/ilmiot\/joulun-kuumin-koira-etsinnassa-r-kioski-kaynnisti-koiranomistajille-kisan\" title=\"Joulun kuumin koira etsinn\u00e4ss\u00e4 \u2013 R-kioski k\u00e4ynnisti koiranomistajille kisan\" class=\"underline-custom !font-montserrat !font-bold !underline-offset-4 !decoration-4 !decoration-tilt-light !text-md\" rel=\"nofollow noopener\" target=\"_blank\">Joulun kuumin koira etsinn\u00e4ss\u00e4 \u2013 R-kioski k\u00e4ynnisti koiranomistajille kisan<\/a><\/p>\n<p>Uusia l\u00e4hetyksi\u00e4 tai s\u00e4ilytyksi\u00e4 ei siis en\u00e4\u00e4 oteta vastaan ensimm\u00e4inen tammikuuta alkaen.<\/p>\n<p>\u00c4rr\u00e4paketteja ja R-s\u00e4ilytyksi\u00e4 voi rekister\u00f6id\u00e4 ja l\u00e4hett\u00e4\u00e4 viel\u00e4 t\u00e4m\u00e4n vuoden viimeiseen p\u00e4iv\u00e4\u00e4n saakka.<\/p>\n<p>Lue my\u00f6s: <a href=\"https:\/\/www.voice.fi\/ilmiot\/a-234821\" title=\"R-kioskin salaatteja vedet\u00e4\u00e4n myynnist\u00e4 salmonellariskin vuoksi\" class=\"underline-custom !font-montserrat !font-bold !underline-offset-4 !decoration-4 !decoration-tilt-light !text-md\" rel=\"nofollow noopener\" target=\"_blank\">R-kioskin salaatteja vedet\u00e4\u00e4n myynnist\u00e4 salmonellariskin vuoksi<\/a><\/p>\n<p>Lue my\u00f6s: <a href=\"https:\/\/www.voice.fi\/viihde\/a-180778\" title=\"Antti Holman 18 vuoden takainen ty\u00f6p\u00e4iv\u00e4 oli katastrofi: &quot;Lopulta koko kioski oli pakko sulkea&quot;\" class=\"underline-custom !font-montserrat !font-bold !underline-offset-4 !decoration-4 !decoration-tilt-light !text-md\" rel=\"nofollow noopener\" target=\"_blank\">Antti Holman 18 vuoden takainen ty\u00f6p\u00e4iv\u00e4 oli katastrofi: &#8221;Lopulta koko kioski oli pakko sulkea&#8221;<\/a><\/p>\n<p><a href=\"https:\/\/www.iltalehti.fi\/kotimaa\/a\/dc4d4e7d-2f8b-4a22-aa2f-3d864a406c1a\" target=\"_blank\" rel=\"noreferrer noopener nofollow\">Iltalehden<\/a> tietojen mukaan kaikki t\u00e4m\u00e4n vuoden puolella kioskeille j\u00e4tetyt l\u00e4hetykset toimitetaan perille, vaikka nouto menisi ensi vuoden puolelle.<\/p>\n<p>Kioskien kauppiaille ja henkil\u00f6kunnalle tiedotettiin palveluiden lopettamisesta keskiviikkona.<\/p>\n","protected":false},"excerpt":{"rendered":"R-kioskin toiminta on supistunut rajusti. Hiljattain uutisoimme kymmenien kioskien sulkemisesta, ja seuraavaksi hampaat iskeytyv\u00e4t R-kioskien palveluihin. Suositut \u00c4rr\u00e4paketti&hellip;\n","protected":false},"author":2,"featured_media":114663,"comment_status":"","ping_status":"","sticky":false,"template":"","format":"standard","meta":{"footnotes":""},"categories":[76],"tags":[79,77,33,31,30,21027,21028,32,78],"class_list":{"0":"post-114662","1":"post","2":"type-post","3":"status-publish","4":"format-standard","5":"has-post-thumbnail","7":"category-talous","8":"tag-business","9":"tag-economy","10":"tag-fi","11":"tag-finland","12":"tag-finnish","13":"tag-palvelu-loppuu","14":"tag-r-kioski","15":"tag-suomi","16":"tag-talous"},"share_on_mastodon":{"url":"https:\/\/pubeurope.com\/@fi\/115707705058035306","error":""},"_links":{"self":[{"href":"https:\/\/www.europesays.com\/fi\/wp-json\/wp\/v2\/posts\/114662","targetHints":{"allow":["GET"]}}],"collection":[{"href":"https:\/\/www.europesays.com\/fi\/wp-json\/wp\/v2\/posts"}],"about":[{"href":"https:\/\/www.europesays.com\/fi\/wp-json\/wp\/v2\/types\/post"}],"author":[{"embeddable":true,"href":"https:\/\/www.europesays.com\/fi\/wp-json\/wp\/v2\/users\/2"}],"replies":[{"embeddable":true,"href":"https:\/\/www.europesays.com\/fi\/wp-json\/wp\/v2\/comments?post=114662"}],"version-history":[{"count":0,"href":"https:\/\/www.europesays.com\/fi\/wp-json\/wp\/v2\/posts\/114662\/revisions"}],"wp:featuredmedia":[{"embeddable":true,"href":"https:\/\/www.europesays.com\/fi\/wp-json\/wp\/v2\/media\/114663"}],"wp:attachment":[{"href":"https:\/\/www.europesays.com\/fi\/wp-json\/wp\/v2\/media?parent=114662"}],"wp:term":[{"taxonomy":"category","embeddable":true,"href":"https:\/\/www.europesays.com\/fi\/wp-json\/wp\/v2\/categories?post=114662"},{"taxonomy":"post_tag","embeddable":true,"href":"https:\/\/www.europesays.com\/fi\/wp-json\/wp\/v2\/tags?post=114662"}],"curies":[{"name":"wp","href":"https:\/\/api.w.org\/{rel}","templated":true}]}}