{"id":114687,"date":"2025-12-12T17:52:10","date_gmt":"2025-12-12T17:52:10","guid":{"rendered":"https:\/\/www.europesays.com\/fi\/114687\/"},"modified":"2025-12-12T17:52:10","modified_gmt":"2025-12-12T17:52:10","slug":"nanna-karalahti-kuuli-lapseltaan-sydantasarkevat-sanat-jere-karalahdesta","status":"publish","type":"post","link":"https:\/\/www.europesays.com\/fi\/114687\/","title":{"rendered":"Nanna Karalahti kuuli lapseltaan syd\u00e4nt\u00e4s\u00e4rkev\u00e4t sanat Jere Karalahdesta"},"content":{"rendered":"<p>Nanna Karalahti jakaa h\u00e4nen ja Jere Karalahden lasten syd\u00e4nt\u00e4s\u00e4rkev\u00e4t sanat.<\/p>\n<p><img decoding=\"async\" class=\"image image-show image-preview\" src=\"https:\/\/www.europesays.com\/fi\/wp-content\/uploads\/2025\/12\/f0a06f1341a0e5fc8ee7389db0c66c217f1a8b68af451f84a60cbd9eebdf9c5c.jpg\" alt=\"\"\/><img decoding=\"async\" class=\"image image-show\" src=\"https:\/\/www.europesays.com\/fi\/wp-content\/uploads\/2025\/12\/1765223650_740_f0a06f1341a0e5fc8ee7389db0c66c217f1a8b68af451f84a60cbd9eebdf9c5c.jpg\" alt=\"\"\/><\/p>\n<p>Nanna Karalahdella on kolme lasta ex-aviomiehens\u00e4 Jere Karalahden kanssa. Kaisa Vehkalahti<\/p>\n<p class=\"paragraph\">Hyvinvointivalmentaja ja podcastjuontaja <strong>Nanna Karalahti<\/strong>, 38, jakaa koskettavan hetken lastensa kanssa.<\/p>\n<p class=\"paragraph\">Nannalla on lapset <strong>Jax<\/strong>, 9, <strong>Alexia<\/strong>, 7, ja <strong>Felicia<\/strong>, 3, aiemmasta avioliitostaan ex-j\u00e4\u00e4kiekkoilija <strong>Jere Karalahden<\/strong>, 50, kanssa. Jere Karalahti <a href=\"https:\/\/www.iltalehti.fi\/jaakiekko\/7eb921a0-68d2-4fda-ad41-572863111dd0\" rel=\"nofollow noopener\" target=\"_blank\">vangittiin<\/a> lokakuussa todenn\u00e4k\u00f6isin syin ep\u00e4iltyn\u00e4 t\u00f6rke\u00e4st\u00e4 huumausainerikoksesta.<\/p>\n<p class=\"paragraph\">Nanna kertoo Instagram-tarinoissaan lastensa toiveikkuudesta sen suhteen, ett\u00e4 he p\u00e4\u00e4sisiv\u00e4t viel\u00e4 tapaamaan is\u00e4ns\u00e4. Instagram-tarinat ovat n\u00e4ht\u00e4viss\u00e4 24 tuntia julkaisusta.<\/p>\n<p class=\"paragraph\">\u2013 Felicia sanoi aamulla, ett\u00e4 pian min\u00e4 varmaan n\u00e4en isin. Toivotaan, ett\u00e4 he saisivat parhaan joululahjan, Nanna kirjoittaa valkoisen syd\u00e4nemojin kera.<\/p>\n<p>Jere Karalahti on yh\u00e4 vangittuna t\u00f6rke\u00e4st\u00e4 huumausainerikoksesta ep\u00e4iltyn\u00e4. Matti Matikainen<\/p>\n<p class=\"paragraph\">Seuraavassa tarinaosioissaan Nanna istuu tuolilla rennoissa vaatteissa, eik\u00e4 n\u00e4yt\u00e4 kasvojaan kameraan. Kuvan yhteydess\u00e4 h\u00e4n kertoo itkuisesta hetkest\u00e4\u00e4n.<\/p>\n<p class=\"paragraph\">\u2013 Tuli pienet kyyneleet poistamaan stressihormonia elimist\u00f6st\u00e4 ja aktivoimaan parasympaattista hermostoa, Nanna kirjoittaa.<\/p>\n<p class=\"paragraph\">\u2013 Tunnekyyneleet siirt\u00e4v\u00e4t meid\u00e4t aina taistele-pakene-tilasta turvaan. Aika ihana ajatus, vai mit\u00e4? h\u00e4n pohtii lopuksi.<\/p>\n<p class=\"paragraph\">Kyseess\u00e4 ei ole ensimm\u00e4inen kerta, kun Nanna on jakanut lastensa ajatuksia is\u00e4st\u00e4\u00e4n. Esimerkiksi marraskuussa Nanna julkaisi Instagram-tarinoissaan kuvia <a href=\"https:\/\/www.iltalehti.fi\/viihdeuutiset\/bf3e8b61-0e96-491f-a813-498e75d2e345\" rel=\"nofollow noopener\" target=\"_blank\">lastensa askartelemista is\u00e4np\u00e4iv\u00e4korteista<\/a>. Jaxin is\u00e4np\u00e4iv\u00e4kortissa oli sanasokkelo, johon h\u00e4n oli piilottanut is\u00e4\u00e4ns\u00e4 kuvailevia sanoja. Alleviivatuista sanoista l\u00f6ytyi muun muassa adjektiivit \u201dparas\u201d, \u201drakas\u201d, \u201dp\u00e4\u00e4llikk\u00f6\u201d ja \u201dsuper\u201d.<\/p>\n<p class=\"paragraph\">Alexian kortissa puolestaan oli allekkain kirjoitettuja kuvailuja h\u00e4nen is\u00e4st\u00e4\u00e4n. Kuvailuihin kuuluivat muun muassa lauseet \u201dis\u00e4n kanssa on kivaa\u201d ja \u201dis\u00e4 rakastaa mua\u201d.<\/p>\n<p>Karalahtien suhde p\u00e4\u00e4ttyi avioeroon virallisesti vuonna 2024. Pasi Liesimaa<\/p>\n<p class=\"paragraph\">Karalahtien suhde p\u00e4\u00e4ttyi avioeroon virallisesti vuonna 2024. Nanna kertoi hiljattain <a href=\"https:\/\/www.iltalehti.fi\/viihdeuutiset\/b73bef1a-c62f-4a31-b391-eed2d4327d4e\" rel=\"nofollow noopener\" target=\"_blank\">Iltalehden Ukkola-ohjelmassa<\/a>, mit\u00e4 on kertonut Jeren vangitsemisesta lapsilleen.<\/p>\n<p class=\"paragraph\">\u2013 Kukaan ei tied\u00e4, mit\u00e4 tapahtuu, Nanna sanoi.<\/p>\n<p class=\"paragraph\">Perjantaina Helsingin poliisi <a href=\"https:\/\/www.iltalehti.fi\/kotimaa\/dae7a3a5-b91d-4a7c-b329-77760139e691\" rel=\"nofollow noopener\" target=\"_blank\">tiedotti<\/a>, ett\u00e4 Karalahteen linkittyneen ison huumausainevyyhdin esitutkinta on valmistunut. Iltalehden tietojen mukaan Karalahden pakastimesta l\u00f6ytyi esitutkinnan aikana pienehk\u00f6 m\u00e4\u00e4r\u00e4 amfetamiinia. L\u00f6yt\u00f6 ei ole merkitt\u00e4v\u00e4, kun vertaa muihin huumetakavarikkoihin.<\/p>\n<p class=\"paragraph\">Ep\u00e4ilty huumekauppa on poliisin mukaan osa j\u00e4rjest\u00e4ytynytt\u00e4 rikollisuutta. Ep\u00e4illyt ovat sek\u00e4 Suomen kansalaisia ett\u00e4 Suomen ja Somalian kaksoiskansalaisia. Yksi ep\u00e4illyist\u00e4 on virolainen.<\/p>\n","protected":false},"excerpt":{"rendered":"Nanna Karalahti jakaa h\u00e4nen ja Jere Karalahden lasten syd\u00e4nt\u00e4s\u00e4rkev\u00e4t sanat. Nanna Karalahdella on kolme lasta ex-aviomiehens\u00e4 Jere Karalahden&hellip;\n","protected":false},"author":2,"featured_media":81924,"comment_status":"","ping_status":"","sticky":false,"template":"","format":"standard","meta":{"footnotes":""},"categories":[136],"tags":[35,407,137,33,31,30,101,408,99,100,98,38,32,109],"class_list":{"0":"post-114687","1":"post","2":"type-post","3":"status-publish","4":"format-standard","5":"has-post-thumbnail","7":"category-julkkikset","8":"tag-24h","9":"tag-celebrities","10":"tag-entertainment","11":"tag-fi","12":"tag-finland","13":"tag-finnish","14":"tag-ihmissuhteet","15":"tag-julkkikset","16":"tag-lapset","17":"tag-lapset-ja-nuoret","18":"tag-perhe","19":"tag-rikos","20":"tag-suomi","21":"tag-viihde"},"share_on_mastodon":{"url":"https:\/\/pubeurope.com\/@fi\/115707874519256337","error":""},"_links":{"self":[{"href":"https:\/\/www.europesays.com\/fi\/wp-json\/wp\/v2\/posts\/114687","targetHints":{"allow":["GET"]}}],"collection":[{"href":"https:\/\/www.europesays.com\/fi\/wp-json\/wp\/v2\/posts"}],"about":[{"href":"https:\/\/www.europesays.com\/fi\/wp-json\/wp\/v2\/types\/post"}],"author":[{"embeddable":true,"href":"https:\/\/www.europesays.com\/fi\/wp-json\/wp\/v2\/users\/2"}],"replies":[{"embeddable":true,"href":"https:\/\/www.europesays.com\/fi\/wp-json\/wp\/v2\/comments?post=114687"}],"version-history":[{"count":0,"href":"https:\/\/www.europesays.com\/fi\/wp-json\/wp\/v2\/posts\/114687\/revisions"}],"wp:featuredmedia":[{"embeddable":true,"href":"https:\/\/www.europesays.com\/fi\/wp-json\/wp\/v2\/media\/81924"}],"wp:attachment":[{"href":"https:\/\/www.europesays.com\/fi\/wp-json\/wp\/v2\/media?parent=114687"}],"wp:term":[{"taxonomy":"category","embeddable":true,"href":"https:\/\/www.europesays.com\/fi\/wp-json\/wp\/v2\/categories?post=114687"},{"taxonomy":"post_tag","embeddable":true,"href":"https:\/\/www.europesays.com\/fi\/wp-json\/wp\/v2\/tags?post=114687"}],"curies":[{"name":"wp","href":"https:\/\/api.w.org\/{rel}","templated":true}]}}