{"id":114688,"date":"2025-12-12T17:56:08","date_gmt":"2025-12-12T17:56:08","guid":{"rendered":"https:\/\/www.europesays.com\/fi\/114688\/"},"modified":"2025-12-12T17:56:08","modified_gmt":"2025-12-12T17:56:08","slug":"14-vuotias-tamperelaispoika-julkaisi-musiikkia-ja-nousi-nopeasti-julkisuuteen-yli-20-vuotta-sitten-nyt-han-on-perheenisa-ja-psykologi","status":"publish","type":"post","link":"https:\/\/www.europesays.com\/fi\/114688\/","title":{"rendered":"14-vuotias tamperelaispoika julkaisi musiikkia ja nousi nopeasti julkisuuteen yli 20 vuotta sitten \u2013 Nyt h\u00e4n on perheenis\u00e4 ja psykologi"},"content":{"rendered":"<p><img decoding=\"async\" src=\"https:\/\/www.europesays.com\/fi\/wp-content\/uploads\/2025\/12\/1765562168_409_978.jpg\" alt=\"Teppo Sola on psykologi ja r\u00e4pp\u00e4ri, joka tekee paluun 13 vuoden tauon j\u00e4lkeen.\" class=\"_Img_1rerz_1\" style=\"aspect-ratio:0.6666666666666666\" loading=\"eager\"\/><\/p>\n<p class=\"article-picture-caption\">Teppo Sola on psykologi ja r\u00e4pp\u00e4ri, joka tekee paluun 13 vuoden tauon j\u00e4lkeen. Kuva:\u00a0Jukka Ritola \/ Aamulehti<\/p>\n<p>Teppo Sola alias Raimssi julkaisi ensimm\u00e4isen albuminsa teini-ik\u00e4isen\u00e4 vuosituhannen alussa. Nyt h\u00e4n on viitt\u00e4 vaille valmis psykologian tohtori ja palaa r\u00e4pp\u00e4riksi 13 vuoden tauon j\u00e4lkeen. Aamulehden Mansehopin veteraanit -juttusarjassa kerrotaan hiphop-kulttuurin Tampereelle tuoneista r\u00e4pp\u00e4reist\u00e4. T\u00e4m\u00e4 on sarjan ensimm\u00e4inen osa.<\/p>\n<p class=\"article-body mb-nof-24 px-nof-16\">Ideat, mist\u00e4 ne oikein tulevat? Jos r\u00e4pp\u00e4ri on siviiliammatiltaan psykologi, voisi ajatella, ett\u00e4 ammatilla ja r\u00e4ppi-ideoilla on jokin yhteys.<\/p>\n<p class=\"article-body mb-nof-24 px-nof-16\">Tamperelainen <a class=\"article-personlink\" href=\"https:\/\/www.aamulehti.fi\/haku\/?query=Teppo%20Sola\" rel=\"nofollow noopener\" target=\"_blank\">Teppo Sola<\/a> alias Raimssi kielt\u00e4\u00e4 moisen, ainakin omalla kohdallaan.<\/p>\n<p class=\"article-body mb-nof-24 px-nof-16\">No pahus, sill\u00e4 olisi ollut kiehtovaa kuulla, mill\u00e4 tavalla tammikuussa ilmestyv\u00e4n Vaihdokas-albumin avaruusaiheiset kappaleet ja kantta koristavat ufot ovat miehitt\u00e4neet Solan alitajunnan.<\/p>\n","protected":false},"excerpt":{"rendered":"Teppo Sola on psykologi ja r\u00e4pp\u00e4ri, joka tekee paluun 13 vuoden tauon j\u00e4lkeen. Kuva:\u00a0Jukka Ritola \/ Aamulehti Teppo&hellip;\n","protected":false},"author":2,"featured_media":114689,"comment_status":"","ping_status":"","sticky":false,"template":"","format":"standard","meta":{"footnotes":""},"categories":[132],"tags":[157,137,33,31,30,195,47,32,109],"class_list":{"0":"post-114688","1":"post","2":"type-post","3":"status-publish","4":"format-standard","5":"has-post-thumbnail","7":"category-musiikki","8":"tag-aamulehti","9":"tag-entertainment","10":"tag-fi","11":"tag-finland","12":"tag-finnish","13":"tag-music","14":"tag-musiikki","15":"tag-suomi","16":"tag-viihde"},"share_on_mastodon":{"url":"https:\/\/pubeurope.com\/@fi\/115707890124569248","error":""},"_links":{"self":[{"href":"https:\/\/www.europesays.com\/fi\/wp-json\/wp\/v2\/posts\/114688","targetHints":{"allow":["GET"]}}],"collection":[{"href":"https:\/\/www.europesays.com\/fi\/wp-json\/wp\/v2\/posts"}],"about":[{"href":"https:\/\/www.europesays.com\/fi\/wp-json\/wp\/v2\/types\/post"}],"author":[{"embeddable":true,"href":"https:\/\/www.europesays.com\/fi\/wp-json\/wp\/v2\/users\/2"}],"replies":[{"embeddable":true,"href":"https:\/\/www.europesays.com\/fi\/wp-json\/wp\/v2\/comments?post=114688"}],"version-history":[{"count":0,"href":"https:\/\/www.europesays.com\/fi\/wp-json\/wp\/v2\/posts\/114688\/revisions"}],"wp:featuredmedia":[{"embeddable":true,"href":"https:\/\/www.europesays.com\/fi\/wp-json\/wp\/v2\/media\/114689"}],"wp:attachment":[{"href":"https:\/\/www.europesays.com\/fi\/wp-json\/wp\/v2\/media?parent=114688"}],"wp:term":[{"taxonomy":"category","embeddable":true,"href":"https:\/\/www.europesays.com\/fi\/wp-json\/wp\/v2\/categories?post=114688"},{"taxonomy":"post_tag","embeddable":true,"href":"https:\/\/www.europesays.com\/fi\/wp-json\/wp\/v2\/tags?post=114688"}],"curies":[{"name":"wp","href":"https:\/\/api.w.org\/{rel}","templated":true}]}}