{"id":114692,"date":"2025-12-12T18:00:13","date_gmt":"2025-12-12T18:00:13","guid":{"rendered":"https:\/\/www.europesays.com\/fi\/114692\/"},"modified":"2025-12-12T18:00:13","modified_gmt":"2025-12-12T18:00:13","slug":"erika-vikman-peruu-keikkansa-euroviisu-tahti-jakaa-ikavia-uutisia","status":"publish","type":"post","link":"https:\/\/www.europesays.com\/fi\/114692\/","title":{"rendered":"Erika Vikman peruu keikkansa \u2013 Euroviisu-t\u00e4hti jakaa ik\u00e4vi\u00e4 uutisia"},"content":{"rendered":"<p>\n            20250208, Tampere. UMK25 pressi. Kuvassa Erika Vikman.<br \/>\n            Timo Korhonen\n        <\/p>\n<p class=\"subtitle \">Huippupoppari Erika Vikman kertoi ik\u00e4vi\u00e4 uutisia.<\/p>\n<p class=\"article-content article-content-width !bg-background\">Suomen Euroviisuedustajana s\u00e4v\u00e4ytt\u00e4nyt  tunnetaan laulutaitojensa lis\u00e4ksi r\u00e4v\u00e4kkyydest\u00e4\u00e4n. Ich komme -viisuhitill\u00e4\u00e4n kansainv\u00e4lisille markkinoille ponnistanut Erika on ollut kovassa nousukiidossa Euroviisuista l\u00e4htien.\u00a0<\/p>\n<p class=\"font-weight-bold m-font-weight-bold article-content article-content-width !bg-background\">Video: Erika Vikman Linnan juhlissa<\/p>\n<p class=\"article-content article-content-width !bg-background\">Erikan <a href=\"https:\/\/www.instagram.com\/erikavikman\/\" aria-label=\"Erika Vikmanin Instagram\" target=\"_blank\" rel=\"nofollow noopener\">Instagram-tilin<\/a> tarinat-osioon t\u00e4n\u00e4\u00e4n (12.12.) tehdyst\u00e4 julkaisusta selvi\u00e4\u00e4 kuitenkin ik\u00e4v\u00e4 uutinen:\u00a0h\u00e4n on joutunut perumaan keikkansa t\u00e4lt\u00e4 ja huomiselta p\u00e4iv\u00e4lt\u00e4. <\/p>\n<p>        <a itemprop=\"url\" href=\"https:\/\/www.seiska.fi\/kotimaa\/erika-vikman-pusukuva-yllattavan-henkilon-kanssa\/2014364\" rel=\"nofollow noopener\" target=\"_blank\"><\/p>\n<p>\nErika Vikman\n<\/p>\n<p class=\"section-date\">\n        <strong class=\"article-section\" data-section=\"kotimaa\"><br \/>\n            kotimaa<br \/>\n        <\/strong><br \/>\n        7.12. 20:30\n    <\/p>\n<p>Erika Vikman \u2013 Pusukuva yll\u00e4tt\u00e4v\u00e4n henkil\u00f6n kanssa!\n    <\/p>\n<p itemprop=\"description\" class=\"subtitle \">\n    Muusikko Erika Vikman taltioitiin yll\u00e4tt\u00e4v\u00e4ss\u00e4 pusukuvassa.\n<\/p>\n<p>        <\/a><\/p>\n<p class=\"article-content article-content-width !bg-background\">T\u00e4n\u00e4 viikonloppuna popt\u00e4hden oli tarkoitus esiinty\u00e4 kahdesti: t\u00e4n\u00e4\u00e4n perjantaina Turussa ja huomenna lauantaina Sein\u00e4joella.<\/p>\n<p>&#8221;Hei kaikki&#8221;<\/p>\n<p class=\"article-content article-content-width !bg-background\">Erika joutui kuitenkin kertomaan faneilleen ik\u00e4vi\u00e4 uutisia:<\/p>\n<p class=\"article-content article-content-width !bg-background\">\u2013 Hei kaikki, olen sairastunut, enk\u00e4 pysty esiintym\u00e4\u00e4n t\u00e4n\u00e4 viikonloppuna, h\u00e4n kirjoittaa julkaisemansa kuvan p\u00e4\u00e4lle.<\/p>\n<p>                <img decoding=\"async\" src=\"https:\/\/www.europesays.com\/fi\/wp-content\/uploads\/2025\/12\/1765562411_743_2014056.webp\" width=\"576\" height=\"274\" alt=\"T\u00e4llaisessa asussa Erika s\u00e4v\u00e4ytti t\u00e4m\u00e4n vuoden Linnan juhlissa.\" loading=\"lazy\" \/>            <\/p>\n<p>\n            T\u00e4llaisessa asussa Erika s\u00e4v\u00e4ytti t\u00e4m\u00e4n vuoden Linnan juhlissa.<br \/>\n            Timo Korhonen\n        <\/p>\n<p class=\"article-content article-content-width !bg-background\">Sen tarkemmin h\u00e4n ei\u00a0 keikkaperuutusten syyst\u00e4 kerro.<\/p>\n<p>Kansainv\u00e4list\u00e4 menestyst\u00e4<\/p>\n<p class=\"article-content article-content-width !bg-background\">Tangokuningattareksi vuonna 2016 kruunattu Erika edusti Suomea viimeisimmiss\u00e4, Sveitsin Baselissa j\u00e4rjestetyiss\u00e4 Euroviisuissa.\u00a0<\/p>\n<p>                <img decoding=\"async\" src=\"https:\/\/www.europesays.com\/fi\/wp-content\/uploads\/2025\/12\/2020697.webp\" width=\"576\" height=\"274\" alt=\"J\u00e4ttimikrofoni oli oleellinen osa Erikan Euroviisuesityksen lavashow'ta. Kuva UMK:n finaalista Nokia Areenalta helmikuulta.\" loading=\"lazy\" \/>            <\/p>\n<p>\n            J\u00e4ttimikrofoni oli oleellinen osa Erikan Euroviisuesityksen lavashow&#8217;ta. Kuva UMK:n finaalista Nokia Areenalta helmikuulta.<br \/>\n            Timo Korhonen\n        <\/p>\n<p class=\"article-content article-content-width !bg-background\">Rohkealla lavaesiintymisell\u00e4 kuorrutettu Ich komme -kappale voitti yleis\u00f6n todella puolelleen: finaaliesityksen j\u00e4lkeen yleis\u00f6 huusi, ja palkitsi h\u00e4nen esityksens\u00e4 106 pisteell\u00e4.\u00a0<\/p>\n<p>        <a itemprop=\"url\" href=\"https:\/\/www.seiska.fi\/kotimaa\/huh-erika-vikman-saapui-linnan-juhliin-syvaan-uurretussa-asussa\/2013790\" rel=\"nofollow noopener\" target=\"_blank\"><\/p>\n<p>\nHuh, mik\u00e4 kaula-aukko!\n<\/p>\n<p class=\"section-date\">\n        <strong class=\"article-section\" data-section=\"kotimaa\"><br \/>\n            kotimaa<br \/>\n        <\/strong><br \/>\n        6.12. 19:17\n    <\/p>\n<p>Huh! Erika Vikman saapui Linnan juhliin syv\u00e4\u00e4n uurretussa asussa\n    <\/p>\n<p itemprop=\"description\" class=\"subtitle \">\n    Erika toi s\u00e4v\u00e4yksens\u00e4 Linnan juhliin.\n<\/p>\n<p>        <\/a><\/p>\n<p class=\"article-content article-content-width !bg-background\">Kun ammattilaisraadit antoivat yhteens\u00e4 88 pistett\u00e4, 196 pisteen saalis riitti laulukarkeloiden 11. sijaan.<\/p>\n<p class=\"article-content article-content-width !bg-background\">Kilpailun voitti It\u00e4valtaa edustanut artisti  kappaleellaan Wasted Love.<\/p>\n<p><script async src=\"\/\/www.instagram.com\/embed.js\"><\/script><\/p>\n","protected":false},"excerpt":{"rendered":"20250208, Tampere. UMK25 pressi. Kuvassa Erika Vikman. Timo Korhonen Huippupoppari Erika Vikman kertoi ik\u00e4vi\u00e4 uutisia. Suomen Euroviisuedustajana s\u00e4v\u00e4ytt\u00e4nyt&hellip;\n","protected":false},"author":2,"featured_media":114693,"comment_status":"","ping_status":"","sticky":false,"template":"","format":"standard","meta":{"footnotes":""},"categories":[130],"tags":[137,11144,909,33,31,30,12730,21033,21034,32,109],"class_list":{"0":"post-114692","1":"post","2":"type-post","3":"status-publish","4":"format-standard","5":"has-post-thumbnail","7":"category-viihde","8":"tag-entertainment","9":"tag-erika-vikman","10":"tag-euroviisut","11":"tag-fi","12":"tag-finland","13":"tag-finnish","14":"tag-ich-komme","15":"tag-kansainvalinen-menestys","16":"tag-keikkaperuutus","17":"tag-suomi","18":"tag-viihde"},"share_on_mastodon":{"url":"https:\/\/pubeurope.com\/@fi\/115707906293500276","error":""},"_links":{"self":[{"href":"https:\/\/www.europesays.com\/fi\/wp-json\/wp\/v2\/posts\/114692","targetHints":{"allow":["GET"]}}],"collection":[{"href":"https:\/\/www.europesays.com\/fi\/wp-json\/wp\/v2\/posts"}],"about":[{"href":"https:\/\/www.europesays.com\/fi\/wp-json\/wp\/v2\/types\/post"}],"author":[{"embeddable":true,"href":"https:\/\/www.europesays.com\/fi\/wp-json\/wp\/v2\/users\/2"}],"replies":[{"embeddable":true,"href":"https:\/\/www.europesays.com\/fi\/wp-json\/wp\/v2\/comments?post=114692"}],"version-history":[{"count":0,"href":"https:\/\/www.europesays.com\/fi\/wp-json\/wp\/v2\/posts\/114692\/revisions"}],"wp:featuredmedia":[{"embeddable":true,"href":"https:\/\/www.europesays.com\/fi\/wp-json\/wp\/v2\/media\/114693"}],"wp:attachment":[{"href":"https:\/\/www.europesays.com\/fi\/wp-json\/wp\/v2\/media?parent=114692"}],"wp:term":[{"taxonomy":"category","embeddable":true,"href":"https:\/\/www.europesays.com\/fi\/wp-json\/wp\/v2\/categories?post=114692"},{"taxonomy":"post_tag","embeddable":true,"href":"https:\/\/www.europesays.com\/fi\/wp-json\/wp\/v2\/tags?post=114692"}],"curies":[{"name":"wp","href":"https:\/\/api.w.org\/{rel}","templated":true}]}}