{"id":114700,"date":"2025-12-12T18:06:11","date_gmt":"2025-12-12T18:06:11","guid":{"rendered":"https:\/\/www.europesays.com\/fi\/114700\/"},"modified":"2025-12-12T18:06:11","modified_gmt":"2025-12-12T18:06:11","slug":"hirmuista-jalkea-suomen-supertahdelle-mm-ennatys","status":"publish","type":"post","link":"https:\/\/www.europesays.com\/fi\/114700\/","title":{"rendered":"Hirmuista j\u00e4lke\u00e4 \u2013 Suomen supert\u00e4hdelle MM-enn\u00e4tys"},"content":{"rendered":"<p>Veera Kauppi maalasi itsens\u00e4 kaikkien aikojen MM-p\u00f6rssin k\u00e4rkeen. <\/p>\n<p><img decoding=\"async\" class=\"image image-show image-preview\" src=\"https:\/\/www.europesays.com\/fi\/wp-content\/uploads\/2025\/12\/32a6646aab547ed39f98348e0a655641620048b9e4acfd8d27e15126b7f94b84.jpg\" alt=\"\"\/><img decoding=\"async\" class=\"image image-show\" src=\"https:\/\/www.europesays.com\/fi\/wp-content\/uploads\/2025\/12\/1765562771_280_32a6646aab547ed39f98348e0a655641620048b9e4acfd8d27e15126b7f94b84.jpg\" alt=\"\"\/><\/p>\n<p>Veera Kauppi on MM-turnauksen pistep\u00f6rssiss\u00e4 toisena pistein 11+5=16.  AOP<\/p>\n<p class=\"paragraph\">Suomi voitti Tanskan 14\u20132 ja eteni puoliv\u00e4lieriin naisten salibandyn MM-kilpailuissa.<\/p>\n<p class=\"paragraph\">Lauantaina pelattavassa v\u00e4lier\u00e4ss\u00e4 vastaan asettuu kisojen em\u00e4nt\u00e4maa T\u0161ekki, joka kukisti omassa puoliv\u00e4lier\u00e4ss\u00e4\u00e4n Norjan 9\u20132.<\/p>\n<p class=\"paragraph\">Tanskaa riepotteli eritoten huimavireinen <strong>Veera Kauppi<\/strong>, joka taiteili tehot 4+2.<\/p>\n<p class=\"paragraph\">Suomen maajoukkueen kaikkien aikojen pisteidentekij\u00e4 nousi MM-historian maalitilaston k\u00e4rkeen 62 osumalla. Kauppi j\u00e4tti taaksensa yhden kerran v\u00e4hemm\u00e4n maailmanmestaruuskisoissa osuneen Sveitsin <strong>Corin R\u00fcttimannin<\/strong>.<strong\/><\/p>\n<p class=\"paragraph\">Suomen parhaana palkittiin hattutempun tehnyt <strong>Suvi H\u00e4m\u00e4l\u00e4inen<\/strong>.<\/p>\n","protected":false},"excerpt":{"rendered":"Veera Kauppi maalasi itsens\u00e4 kaikkien aikojen MM-p\u00f6rssin k\u00e4rkeen. Veera Kauppi on MM-turnauksen pistep\u00f6rssiss\u00e4 toisena pistein 11+5=16. AOP Suomi&hellip;\n","protected":false},"author":2,"featured_media":114701,"comment_status":"","ping_status":"","sticky":false,"template":"","format":"standard","meta":{"footnotes":""},"categories":[5],"tags":[35,22,23,26,27,33,31,30,17,24,25,41,28,29,15,2406,18,21,721,2408,32,19,20,161,16],"class_list":{"0":"post-114700","1":"post","2":"type-post","3":"status-publish","4":"format-standard","5":"has-post-thumbnail","7":"category-otsikot","8":"tag-24h","9":"tag-breaking-news","10":"tag-breakingnews","11":"tag-featured-news","12":"tag-featurednews","13":"tag-fi","14":"tag-finland","15":"tag-finnish","16":"tag-headlines","17":"tag-latest-news","18":"tag-latestnews","19":"tag-liikunta-ja-urheilu","20":"tag-main-news","21":"tag-mainnews","22":"tag-news","23":"tag-osakkeet-arvopaperit","24":"tag-otsikot","25":"tag-paauutiset","26":"tag-rahoitus","27":"tag-rahoitusmarkkinat","28":"tag-suomi","29":"tag-top-stories","30":"tag-topstories","31":"tag-urheilutapahtumat","32":"tag-uutiset"},"share_on_mastodon":{"url":"https:\/\/pubeurope.com\/@fi\/115707929243586338","error":""},"_links":{"self":[{"href":"https:\/\/www.europesays.com\/fi\/wp-json\/wp\/v2\/posts\/114700","targetHints":{"allow":["GET"]}}],"collection":[{"href":"https:\/\/www.europesays.com\/fi\/wp-json\/wp\/v2\/posts"}],"about":[{"href":"https:\/\/www.europesays.com\/fi\/wp-json\/wp\/v2\/types\/post"}],"author":[{"embeddable":true,"href":"https:\/\/www.europesays.com\/fi\/wp-json\/wp\/v2\/users\/2"}],"replies":[{"embeddable":true,"href":"https:\/\/www.europesays.com\/fi\/wp-json\/wp\/v2\/comments?post=114700"}],"version-history":[{"count":0,"href":"https:\/\/www.europesays.com\/fi\/wp-json\/wp\/v2\/posts\/114700\/revisions"}],"wp:featuredmedia":[{"embeddable":true,"href":"https:\/\/www.europesays.com\/fi\/wp-json\/wp\/v2\/media\/114701"}],"wp:attachment":[{"href":"https:\/\/www.europesays.com\/fi\/wp-json\/wp\/v2\/media?parent=114700"}],"wp:term":[{"taxonomy":"category","embeddable":true,"href":"https:\/\/www.europesays.com\/fi\/wp-json\/wp\/v2\/categories?post=114700"},{"taxonomy":"post_tag","embeddable":true,"href":"https:\/\/www.europesays.com\/fi\/wp-json\/wp\/v2\/tags?post=114700"}],"curies":[{"name":"wp","href":"https:\/\/api.w.org\/{rel}","templated":true}]}}