{"id":114703,"date":"2025-12-12T18:19:09","date_gmt":"2025-12-12T18:19:09","guid":{"rendered":"https:\/\/www.europesays.com\/fi\/114703\/"},"modified":"2025-12-12T18:19:09","modified_gmt":"2025-12-12T18:19:09","slug":"loviisanpassin-sillan-arkkitehtuurikilpailun-voitti-alyvalaistusta-hyodyntava-tummanpuhuva-silta-paijat-hame","status":"publish","type":"post","link":"https:\/\/www.europesays.com\/fi\/114703\/","title":{"rendered":"Loviisanp\u00e4ssin sillan arkkitehtu\u00aduri\u00ad\u00adkilpailun voitti \u00e4lyvalaistusta hy\u00f6dynt\u00e4v\u00e4 tummanpuhuva silta | P\u00e4ij\u00e4t-H\u00e4me"},"content":{"rendered":"<p class=\"aw-1gybjub aw-5vja16 kEtdKx kmuxyA yle__article__paragraph\">Kaupungin tavoitteena on k\u00e4ynnist\u00e4\u00e4 seuraavaksi sillan toteutuss\u00aduunnittelu. Sillan rakentamis\u00adaikataulu selvi\u00e4\u00e4 vasta my\u00f6hemmin.<\/p>\n<p><img decoding=\"async\" alt=\"Havainnekuva, jossa tumma silta kulkee kadun yli. Sillan pinta n\u00e4ytt\u00e4\u00e4 el\u00e4v\u00e4isen ep\u00e4tasaiselta.\" src=\"https:\/\/www.europesays.com\/fi\/wp-content\/uploads\/2025\/12\/39-1569016693c200fb8b83.jpeg\" class=\"aw-1l9m598 hKVVvP\"\/><\/p>\n<p>Avaa kuvien katselu<\/p>\n<p>Suunnittelukilpailun voittaja Varjo sulautuu osaksi puustoa. Kuva: LUO arkkitehdit<\/p>\n<p>17:30\u2022P\u00e4ivitetty 17:43<\/p>\n<p class=\"aw-1gybjub aw-1p7kakr kEtdKx cEmitX yle__article__paragraph\">Lahden kaupunki valitsi Loviisanp\u00e4ssin vanhan ratauoman yli kulkevan sillan suunnittelukilpailun voittajaksi ehdotuksen Varjo.<\/p>\n<p class=\"aw-1gybjub aw-1p7kakr kEtdKx cEmitX yle__article__paragraph\">Sillassa on ter\u00e4sristikkorakenne, jossa on hiilletty kierr\u00e4tyspuuverhous. Tummanpuhuva hiiletty puu viittaa aikaan, jolloin taakkoja on siirretty kivihiilen ja h\u00f6yryn avulla.<\/p>\n<p class=\"aw-1gybjub aw-1p7kakr kEtdKx cEmitX yle__article__paragraph\">Sillan alapinnan puuelementtien v\u00e4leihin on integroitu lepakoiden p\u00e4iv\u00e4piiloja. Lajikartoituksen mukaan alue ei kuitenkaan ole erityinen lepakkoalue, joten p\u00f6ntt\u00f6jen hy\u00f6dyllisyytt\u00e4 arvioidaan viel\u00e4.<\/p>\n<p class=\"aw-1gybjub aw-1p7kakr kEtdKx cEmitX yle__article__paragraph\">\u00c4lyvalaistuksen on tarkoitus v\u00e4hent\u00e4\u00e4 valosaastetta. Valaistus kirkastuu ja himmentyy kulkijan mukana.<\/p>\n<p class=\"aw-1gybjub aw-1p7kakr kEtdKx cEmitX yle__article__paragraph\">Valmistuessaan kevyen liikenteen sillan on tarkoitus yhdist\u00e4\u00e4 Vesij\u00e4rvenkatua kulkevat Kaupunginsairaalan m\u00e4en palveluihin.<\/p>\n<p class=\"aw-1gybjub aw-1p7kakr kEtdKx cEmitX yle__article__paragraph\">Kilpailulla haluttiin l\u00f6yt\u00e4\u00e4 ratkaisu, joka rikastuttaisi historiallista maisemaa ja sulautuisi vihreyteen.<\/p>\n<p class=\"aw-1gybjub aw-1p7kakr kEtdKx cEmitX yle__article__paragraph\">Kilpailuun osallistui nelj\u00e4 arkkitehtuuritoimistoa.<\/p>\n<p class=\"aw-1gybjub aw-1p7kakr kEtdKx cEmitX yle__article__paragraph\">Lahden kaupunki kuvailee tiedotteessaan voittajaehdotuksen olevan tyylik\u00e4s, toimiva ja kokemuksellinen.<\/p>\n<p class=\"aw-1gybjub aw-1p7kakr kEtdKx cEmitX yle__article__paragraph\">Lahtelaiset saivat osallistua kilpailun arviointiin kertomalla ajatuksistaan verkossa. Kaupunkilaiset kiittiv\u00e4t Varjo-ehdotuksen muotoilua ja tapaa, jolla silta sulautuu kaupunkiluontoon.<\/p>\n<p class=\"aw-1gybjub aw-1p7kakr kEtdKx cEmitX yle__article__paragraph\">Sillan suunnitteli LUO Arkkitehdit. Voittajaty\u00f6n suunnittelijat ovat <strong class=\"aw-ak79eh KyCXm yle__article__strong\">Riikka Kuittinen, Mikko K\u00e4m\u00e4r\u00e4inen, Miia M\u00e4kinen ja Virve V\u00e4is\u00e4nen<\/strong>, avustajanaan Nelly Isopahkala. Rakennesuunnittelusta vastasi <strong class=\"aw-ak79eh KyCXm yle__article__strong\">A-Insin\u00f6\u00f6rit Oy<\/strong> ja visualisoinnista <strong class=\"aw-ak79eh KyCXm yle__article__strong\">Janou\u0161ek &amp; Havl\u00ed\u010dek visualizations<\/strong>.<\/p>\n<p class=\"aw-1gybjub aw-1p7kakr kEtdKx cEmitX yle__article__paragraph\">Seuraavaksi kaupungin tavoitteena on k\u00e4ynnist\u00e4\u00e4 sillan toteutussuunnittelu. Sillan rakentamisaikataulu selvi\u00e4\u00e4 vasta my\u00f6hemmin.<\/p>\n<p><img decoding=\"async\" alt=\"Havainnekuva sillasta. Vaaleapuinen silta kiemurtelee hieman puiden keskell\u00e4.\" src=\"https:\/\/www.europesays.com\/fi\/wp-content\/uploads\/2025\/12\/39-1569038693c23862e657.jpeg\" loading=\"lazy\" class=\"aw-1l9m598 hKVVvP\"\/><\/p>\n<p>Avaa kuvien katselu<\/p>\n<p>Suunnittelukilpailun voittaja olisi verhottu puulla. Kuva: LUO arkkitehdit<\/p>\n","protected":false},"excerpt":{"rendered":"Kaupungin tavoitteena on k\u00e4ynnist\u00e4\u00e4 seuraavaksi sillan toteutuss\u00aduunnittelu. Sillan rakentamis\u00adaikataulu selvi\u00e4\u00e4 vasta my\u00f6hemmin. Avaa kuvien katselu Suunnittelukilpailun voittaja Varjo&hellip;\n","protected":false},"author":2,"featured_media":114704,"comment_status":"","ping_status":"","sticky":false,"template":"","format":"standard","meta":{"footnotes":""},"categories":[135],"tags":[12175,1001,21037,389,387,388,390,137,33,31,30,1833,1801,1268,17786,32,394,393,391,392,109],"class_list":{"0":"post-114703","1":"post","2":"type-post","3":"status-publish","4":"format-standard","5":"has-post-thumbnail","7":"category-taiteet-ja-suunnittelu","8":"tag-arkkitehdit","9":"tag-arkkitehtuuri","10":"tag-arkkitehtuurikilpailu","11":"tag-arts","12":"tag-arts-and-design","13":"tag-artsanddesign","14":"tag-design","15":"tag-entertainment","16":"tag-fi","17":"tag-finland","18":"tag-finnish","19":"tag-kunnat","20":"tag-lahti","21":"tag-paijat-hame","22":"tag-sillat","23":"tag-suomi","24":"tag-suunnittelu","25":"tag-taiteet","26":"tag-taiteet-ja-suunnittelu","27":"tag-taiteetsuunnittelu","28":"tag-viihde"},"share_on_mastodon":{"url":"https:\/\/pubeurope.com\/@fi\/115707980490680514","error":""},"_links":{"self":[{"href":"https:\/\/www.europesays.com\/fi\/wp-json\/wp\/v2\/posts\/114703","targetHints":{"allow":["GET"]}}],"collection":[{"href":"https:\/\/www.europesays.com\/fi\/wp-json\/wp\/v2\/posts"}],"about":[{"href":"https:\/\/www.europesays.com\/fi\/wp-json\/wp\/v2\/types\/post"}],"author":[{"embeddable":true,"href":"https:\/\/www.europesays.com\/fi\/wp-json\/wp\/v2\/users\/2"}],"replies":[{"embeddable":true,"href":"https:\/\/www.europesays.com\/fi\/wp-json\/wp\/v2\/comments?post=114703"}],"version-history":[{"count":0,"href":"https:\/\/www.europesays.com\/fi\/wp-json\/wp\/v2\/posts\/114703\/revisions"}],"wp:featuredmedia":[{"embeddable":true,"href":"https:\/\/www.europesays.com\/fi\/wp-json\/wp\/v2\/media\/114704"}],"wp:attachment":[{"href":"https:\/\/www.europesays.com\/fi\/wp-json\/wp\/v2\/media?parent=114703"}],"wp:term":[{"taxonomy":"category","embeddable":true,"href":"https:\/\/www.europesays.com\/fi\/wp-json\/wp\/v2\/categories?post=114703"},{"taxonomy":"post_tag","embeddable":true,"href":"https:\/\/www.europesays.com\/fi\/wp-json\/wp\/v2\/tags?post=114703"}],"curies":[{"name":"wp","href":"https:\/\/api.w.org\/{rel}","templated":true}]}}