{"id":114714,"date":"2025-12-12T18:30:11","date_gmt":"2025-12-12T18:30:11","guid":{"rendered":"https:\/\/www.europesays.com\/fi\/114714\/"},"modified":"2025-12-12T18:30:11","modified_gmt":"2025-12-12T18:30:11","slug":"trump-julkisti-miljoonan-dollarin-kultakortin","status":"publish","type":"post","link":"https:\/\/www.europesays.com\/fi\/114714\/","title":{"rendered":"Trump julkisti miljoonan dollarin kultakortin"},"content":{"rendered":"<p><strong class=\"typography-bold\">Hakemuksen j\u00e4tt\u00e4miseksi hakijan on maksettava 15\u00a0000 dollarin palauttamaton k\u00e4sittelymaksu.<\/strong><\/p>\n<p>Yhdysvaltain presidentti <strong class=\"typography-bold\">Donald Trump <\/strong>julkisti keskiviikkona uuden viisumiohjelman, joka kantaa nime\u00e4 kultakortti. Kortista l\u00f6ytyy my\u00f6s Trumpin omat kasvot.<\/p>\n<p>T\u00e4m\u00e4n uuden j\u00e4rjestelm\u00e4n kautta varakkaat ulkomaalaiset voivat nopeuttaa viisumiprosessiaan maksamalla miljoona dollaria, eli noin 850\u00a0000 euroa.<\/p>\n<p>Yrityksille vastaavaa mahdollisuutta puolestaan tarjotaan kahden miljoonan dollarin hinnalla, jolla he voivat sponsoroida ulkomaalaista ty\u00f6ntekij\u00e4\u00e4, jonka he haluavat tuoda Yhdysvaltoihin.<\/p>\n<p>Asiasta kertovat muun muassa <a class=\"underline\" data-testid=\"external-link\" href=\"https:\/\/edition.cnn.com\/2025\/12\/10\/politics\/trump-gold-card-1-million-dollar-visa\" rel=\"noopener noreferrer nofollow\" target=\"_blank\" data-sentry-component=\"ExternalLink\" data-sentry-source-file=\"ExternalLink.tsx\">CNN<\/a> ja <a class=\"underline\" data-testid=\"external-link\" href=\"https:\/\/www.bbc.com\/news\/articles\/cj4q1lddj8go\" rel=\"noopener noreferrer nofollow\" target=\"_blank\" data-sentry-component=\"ExternalLink\" data-sentry-source-file=\"ExternalLink.tsx\">BBC<\/a>.<\/p>\n<p>Trump kommentoi asiaa sosiaalisessa mediassaan Truth Socialissa keskiviikkona sanomalla, ett\u00e4 kyseess\u00e4 on &#8221;suora polku kansalaisuuteen kaikille p\u00e4teville ja seulotuilla henkil\u00f6ille&#8221;.<\/p>\n<p>\u2013 NIIN J\u00c4NNITT\u00c4V\u00c4\u00c4! Suuret amerikkalaiset yrityksemme voivat vihdoin pit\u00e4\u00e4 arvokkaat osaajansa, h\u00e4n kirjoitti.<\/p>\n<p>Korttia voi hakea sille omistetulta nettisivulta. Siell\u00e4 kerrotaan, ett\u00e4 kyseess\u00e4 on viisumi, &#8221;joka perustuu henkil\u00f6n kykyyn tuottaa merkitt\u00e4v\u00e4\u00e4 hy\u00f6ty\u00e4 Yhdysvalloille&#8221;.<\/p>\n","protected":false},"excerpt":{"rendered":"Hakemuksen j\u00e4tt\u00e4miseksi hakijan on maksettava 15\u00a0000 dollarin palauttamaton k\u00e4sittelymaksu. Yhdysvaltain presidentti Donald Trump julkisti keskiviikkona uuden viisumiohjelman, joka&hellip;\n","protected":false},"author":2,"featured_media":114715,"comment_status":"","ping_status":"","sticky":false,"template":"","format":"standard","meta":{"footnotes":""},"categories":[14],"tags":[22,23,26,27,33,31,30,17,24,25,28,29,15,18,21,32,19,20,56,16,59,60,61],"class_list":{"0":"post-114714","1":"post","2":"type-post","3":"status-publish","4":"format-standard","5":"has-post-thumbnail","7":"category-ulkomaat","8":"tag-breaking-news","9":"tag-breakingnews","10":"tag-featured-news","11":"tag-featurednews","12":"tag-fi","13":"tag-finland","14":"tag-finnish","15":"tag-headlines","16":"tag-latest-news","17":"tag-latestnews","18":"tag-main-news","19":"tag-mainnews","20":"tag-news","21":"tag-otsikot","22":"tag-paauutiset","23":"tag-suomi","24":"tag-top-stories","25":"tag-topstories","26":"tag-ulkomaat","27":"tag-uutiset","28":"tag-world","29":"tag-world-news","30":"tag-worldnews"},"share_on_mastodon":{"url":"https:\/\/pubeurope.com\/@fi\/115708023686502130","error":""},"_links":{"self":[{"href":"https:\/\/www.europesays.com\/fi\/wp-json\/wp\/v2\/posts\/114714","targetHints":{"allow":["GET"]}}],"collection":[{"href":"https:\/\/www.europesays.com\/fi\/wp-json\/wp\/v2\/posts"}],"about":[{"href":"https:\/\/www.europesays.com\/fi\/wp-json\/wp\/v2\/types\/post"}],"author":[{"embeddable":true,"href":"https:\/\/www.europesays.com\/fi\/wp-json\/wp\/v2\/users\/2"}],"replies":[{"embeddable":true,"href":"https:\/\/www.europesays.com\/fi\/wp-json\/wp\/v2\/comments?post=114714"}],"version-history":[{"count":0,"href":"https:\/\/www.europesays.com\/fi\/wp-json\/wp\/v2\/posts\/114714\/revisions"}],"wp:featuredmedia":[{"embeddable":true,"href":"https:\/\/www.europesays.com\/fi\/wp-json\/wp\/v2\/media\/114715"}],"wp:attachment":[{"href":"https:\/\/www.europesays.com\/fi\/wp-json\/wp\/v2\/media?parent=114714"}],"wp:term":[{"taxonomy":"category","embeddable":true,"href":"https:\/\/www.europesays.com\/fi\/wp-json\/wp\/v2\/categories?post=114714"},{"taxonomy":"post_tag","embeddable":true,"href":"https:\/\/www.europesays.com\/fi\/wp-json\/wp\/v2\/tags?post=114714"}],"curies":[{"name":"wp","href":"https:\/\/api.w.org\/{rel}","templated":true}]}}