{"id":114718,"date":"2025-12-12T18:32:13","date_gmt":"2025-12-12T18:32:13","guid":{"rendered":"https:\/\/www.europesays.com\/fi\/114718\/"},"modified":"2025-12-12T18:32:13","modified_gmt":"2025-12-12T18:32:13","slug":"milan-jaff-lahti-suomesta-ps-juhlii-ministeria-myoten-tervemenoa","status":"publish","type":"post","link":"https:\/\/www.europesays.com\/fi\/114718\/","title":{"rendered":"Milan Jaff l\u00e4hti Suomesta \u2013\u2009PS juhlii ministeri\u00e4 my\u00f6ten: \u201dTervemenoa!\u201d"},"content":{"rendered":"<p>Moni perussuomalainen kansanedustaja ministeri\u00e4 my\u00f6ten iloitsee useista rikoksista tuomitun Milan Jaffin karkotuslentoa, josta Iltalehti uutisoi.<\/p>\n<p><img decoding=\"async\" class=\"image image-show image-preview\" src=\"https:\/\/www.europesays.com\/fi\/wp-content\/uploads\/2025\/12\/909a8df29d68bdac14e7359e99b7a201ff96ea22c4abc343567519ac8bd61306.jpg\" alt=\"\"\/><img decoding=\"async\" class=\"image image-show\" src=\"https:\/\/www.europesays.com\/fi\/wp-content\/uploads\/2025\/12\/1765564333_669_909a8df29d68bdac14e7359e99b7a201ff96ea22c4abc343567519ac8bd61306.jpg\" alt=\"\"\/><\/p>\n<p>Useista rikoksista tuomittu Milan Jaff on Iltalehden tietojen mukaan karkotettu Suomesta. Arkistokuva. PASI LIESIMAA<\/p>\n<p class=\"paragraph\">Useat perussuomalaiset kansanedustajat kommentoivat tyytyv\u00e4isin sanank\u00e4\u00e4ntein katujengihahmo <strong>Milan Jaffin<\/strong>, 25, l\u00e4ht\u00f6\u00e4.<\/p>\n<p class=\"paragraph\">Iltalehden <a href=\"https:\/\/www.iltalehti.fi\/kotimaa\/9690d372-6ae2-4e67-b901-269c919f82e6\" rel=\"nofollow noopener\" target=\"_blank\">tietojen mukaan<\/a> lukuisista rikoksista tuomittu Jaff on karkotettu Suomesta ja palautuslento Irakiin l\u00e4hti maanantain ja tiistain v\u00e4lisen\u00e4 y\u00f6n\u00e4. Iltalehti <a href=\"https:\/\/www.iltalehti.fi\/kotimaa\/e161756e-4361-49b6-ae31-23a79251d147\" rel=\"nofollow noopener\" target=\"_blank\">uutisoi sunnuntaina<\/a>, ett\u00e4 Helsingin hallinto-oikeus hylk\u00e4si Jaffin karkotusp\u00e4\u00e4t\u00f6ksest\u00e4\u00e4n tekem\u00e4n valituksen.<\/p>\n<p class=\"paragraph\">\u2013\u2009Tervemenoa! Lis\u00e4\u00e4 samankaltaisia p\u00e4\u00e4t\u00f6ksi\u00e4 odotellaan, toteaa liikenne- ja viestint\u00e4ministeri <strong>Lulu Ranne<\/strong> (ps) viestipalvelu X:ss\u00e4.<\/p>\n<p class=\"paragraph\">\u2013\u2009Milan Jaff ulkona Suomesta! huudahtaa my\u00f6s ex-elinkeinoministeri <strong>Wille Rydman<\/strong> (ps) X:ss\u00e4.<\/p>\n<p class=\"paragraph\">Rydman antaa ymm\u00e4rt\u00e4\u00e4, ett\u00e4 karkotus on ollut mahdollinen nimenomaan perussuomalaisten ajamien maahanmuuttoa koskevien lainkiristysten vuoksi samoin kuin europarlamentaarikko <strong>Sebastian Tynkkynen<\/strong> (ps).<\/p>\n<p class=\"paragraph\">\u2013\u2009T\u00e4t\u00e4 lis\u00e4\u00e4. Siksi PS, Tynkkynen toteaa X:ss\u00e4.<\/p>\n<p class=\"paragraph\">Kansanedustaja <strong>Miko Bergbom<\/strong> (ps) toivoo, ett\u00e4 Iltalehden kertoma tieto pit\u00e4\u00e4 paikkansa.<\/p>\n<p class=\"paragraph\">\u2013\u2009Hyv\u00e4\u00e4 joulua suomalaisille, h\u00e4n kommentoi uutista X:ss\u00e4.<\/p>\n<p class=\"paragraph\">\u2013\u2009Hieno uutinen. Kiitos Suomen poliisi. Milan Jaffit ja muut rikolliset ulkomaalaiset: menk\u00e4\u00e4 takaisin kotiin, teit\u00e4 ei t\u00e4nne haluta, s\u00e4est\u00e4\u00e4 kansanedustaja <strong>Sanna Antikainen<\/strong> (ps).<\/p>\n","protected":false},"excerpt":{"rendered":"Moni perussuomalainen kansanedustaja ministeri\u00e4 my\u00f6ten iloitsee useista rikoksista tuomitun Milan Jaffin karkotuslentoa, josta Iltalehti uutisoi. Useista rikoksista tuomittu&hellip;\n","protected":false},"author":2,"featured_media":114719,"comment_status":"","ping_status":"","sticky":false,"template":"","format":"standard","meta":{"footnotes":""},"categories":[5],"tags":[35,22,23,26,27,33,31,30,17,24,25,28,29,15,18,21,637,17332,886,885,887,32,19,20,16],"class_list":{"0":"post-114718","1":"post","2":"type-post","3":"status-publish","4":"format-standard","5":"has-post-thumbnail","7":"category-otsikot","8":"tag-24h","9":"tag-breaking-news","10":"tag-breakingnews","11":"tag-featured-news","12":"tag-featurednews","13":"tag-fi","14":"tag-finland","15":"tag-finnish","16":"tag-headlines","17":"tag-latest-news","18":"tag-latestnews","19":"tag-main-news","20":"tag-mainnews","21":"tag-news","22":"tag-otsikot","23":"tag-paauutiset","24":"tag-politiikka","25":"tag-populistiset-puolueet","26":"tag-puolueet","27":"tag-suomen-poliittiset-puolueet","28":"tag-suomen-politiikka","29":"tag-suomi","30":"tag-top-stories","31":"tag-topstories","32":"tag-uutiset"},"share_on_mastodon":{"url":"https:\/\/pubeurope.com\/@fi\/115708031517060905","error":""},"_links":{"self":[{"href":"https:\/\/www.europesays.com\/fi\/wp-json\/wp\/v2\/posts\/114718","targetHints":{"allow":["GET"]}}],"collection":[{"href":"https:\/\/www.europesays.com\/fi\/wp-json\/wp\/v2\/posts"}],"about":[{"href":"https:\/\/www.europesays.com\/fi\/wp-json\/wp\/v2\/types\/post"}],"author":[{"embeddable":true,"href":"https:\/\/www.europesays.com\/fi\/wp-json\/wp\/v2\/users\/2"}],"replies":[{"embeddable":true,"href":"https:\/\/www.europesays.com\/fi\/wp-json\/wp\/v2\/comments?post=114718"}],"version-history":[{"count":0,"href":"https:\/\/www.europesays.com\/fi\/wp-json\/wp\/v2\/posts\/114718\/revisions"}],"wp:featuredmedia":[{"embeddable":true,"href":"https:\/\/www.europesays.com\/fi\/wp-json\/wp\/v2\/media\/114719"}],"wp:attachment":[{"href":"https:\/\/www.europesays.com\/fi\/wp-json\/wp\/v2\/media?parent=114718"}],"wp:term":[{"taxonomy":"category","embeddable":true,"href":"https:\/\/www.europesays.com\/fi\/wp-json\/wp\/v2\/categories?post=114718"},{"taxonomy":"post_tag","embeddable":true,"href":"https:\/\/www.europesays.com\/fi\/wp-json\/wp\/v2\/tags?post=114718"}],"curies":[{"name":"wp","href":"https:\/\/api.w.org\/{rel}","templated":true}]}}