{"id":114720,"date":"2025-12-12T18:43:07","date_gmt":"2025-12-12T18:43:07","guid":{"rendered":"https:\/\/www.europesays.com\/fi\/114720\/"},"modified":"2025-12-12T18:43:07","modified_gmt":"2025-12-12T18:43:07","slug":"applen-iphone-foldin-odotetaan-rajayttavan-taittuvien-puhelinten-markkinat","status":"publish","type":"post","link":"https:\/\/www.europesays.com\/fi\/114720\/","title":{"rendered":"Applen iPhone Foldin odotetaan r\u00e4j\u00e4ytt\u00e4v\u00e4n taittuvien puhelinten markkinat"},"content":{"rendered":"<p>iPhone Fold saattaa vauhdittaa taittuvan\u00e4ytt\u00f6isten puhelinten markkinaa jopa 30 prosentilla.<\/p>\n<p>Markkinatutkimusyhti\u00f6 <a href=\"https:\/\/my.idc.com\/getdoc.jsp?containerId=prUS54017625\" target=\"_blank\" rel=\"noreferrer noopener nofollow\">IDC arvioi<\/a>, ett\u00e4 <a href=\"https:\/\/muropaketti.com\/avainsana\/apple\/\" rel=\"nofollow noopener\" target=\"_blank\">Applen<\/a> ensimm\u00e4inen taittuvan\u00e4ytt\u00f6inen puhelin, joka voi saada nimekseen iPhone Fold, tulee ravistelemaan koko taittuvien laitteiden markkinaa ensi vuonna.<\/p>\n<p>Raportin mukaan iPhone Fold nappaa yli 22 prosentin taittuvan\u00e4ytt\u00f6isten puhelinten globaalista markkinaosuudesta vuonna 2026. Arvon perusteella osuus kohoaa jopa 34 prosenttiin, mik\u00e4 johtuu laitteen huhutusta noin 2 400 dollarin hinnasta.<\/p>\n<p>Kuluttajien kiinnostuksen odotetaan kasvavan my\u00f6s muiden huippumallien my\u00f6t\u00e4, kuten Samsung Galaxy Z TriFold ja Huawei-laitteet. IDC:n mukaan taittuvat puhelimet jatkavat muuta \u00e4lypuhelinmarkkinaa selv\u00e4sti parempaa kasvua ja muodostavat yli 10 prosenttia \u00e4lypuhelinmarkkinan kokonaisarvosta vuoteen 2029 menness\u00e4.<\/p>\n<p>Huhujen mukaan iPhone Foldissa olisi 5,8 tuuman kansin\u00e4ytt\u00f6, 7,58 tuuman sis\u00e4n\u00e4ytt\u00f6 sek\u00e4 iPhone 17 Pro Maxia suurempi akku. <\/p>\n","protected":false},"excerpt":{"rendered":"iPhone Fold saattaa vauhdittaa taittuvan\u00e4ytt\u00f6isten puhelinten markkinaa jopa 30 prosentilla. Markkinatutkimusyhti\u00f6 IDC arvioi, ett\u00e4 Applen ensimm\u00e4inen taittuvan\u00e4ytt\u00f6inen puhelin,&hellip;\n","protected":false},"author":2,"featured_media":100618,"comment_status":"","ping_status":"","sticky":false,"template":"","format":"standard","meta":{"footnotes":""},"categories":[85],"tags":[1029,33,31,30,419,418,32,3908,91,92],"class_list":{"0":"post-114720","1":"post","2":"type-post","3":"status-publish","4":"format-standard","5":"has-post-thumbnail","7":"category-mobiili","8":"tag-apple","9":"tag-fi","10":"tag-finland","11":"tag-finnish","12":"tag-mobiili","13":"tag-mobile","14":"tag-suomi","15":"tag-taittuvanayttoiset-puhelimet","16":"tag-technology","17":"tag-teknologia"},"share_on_mastodon":{"url":"https:\/\/pubeurope.com\/@fi\/115708074798148309","error":""},"_links":{"self":[{"href":"https:\/\/www.europesays.com\/fi\/wp-json\/wp\/v2\/posts\/114720","targetHints":{"allow":["GET"]}}],"collection":[{"href":"https:\/\/www.europesays.com\/fi\/wp-json\/wp\/v2\/posts"}],"about":[{"href":"https:\/\/www.europesays.com\/fi\/wp-json\/wp\/v2\/types\/post"}],"author":[{"embeddable":true,"href":"https:\/\/www.europesays.com\/fi\/wp-json\/wp\/v2\/users\/2"}],"replies":[{"embeddable":true,"href":"https:\/\/www.europesays.com\/fi\/wp-json\/wp\/v2\/comments?post=114720"}],"version-history":[{"count":0,"href":"https:\/\/www.europesays.com\/fi\/wp-json\/wp\/v2\/posts\/114720\/revisions"}],"wp:featuredmedia":[{"embeddable":true,"href":"https:\/\/www.europesays.com\/fi\/wp-json\/wp\/v2\/media\/100618"}],"wp:attachment":[{"href":"https:\/\/www.europesays.com\/fi\/wp-json\/wp\/v2\/media?parent=114720"}],"wp:term":[{"taxonomy":"category","embeddable":true,"href":"https:\/\/www.europesays.com\/fi\/wp-json\/wp\/v2\/categories?post=114720"},{"taxonomy":"post_tag","embeddable":true,"href":"https:\/\/www.europesays.com\/fi\/wp-json\/wp\/v2\/tags?post=114720"}],"curies":[{"name":"wp","href":"https:\/\/api.w.org\/{rel}","templated":true}]}}