{"id":114721,"date":"2025-12-12T18:44:08","date_gmt":"2025-12-12T18:44:08","guid":{"rendered":"https:\/\/www.europesays.com\/fi\/114721\/"},"modified":"2025-12-12T18:44:08","modified_gmt":"2025-12-12T18:44:08","slug":"ramona-sailytti-gifflar-korvapuusteja-17-vuotta","status":"publish","type":"post","link":"https:\/\/www.europesays.com\/fi\/114721\/","title":{"rendered":"Ramona s\u00e4ilytti Gifflar-korvapuusteja 17 vuotta"},"content":{"rendered":"<p>Ruotsalaisnainen ihmettelee, miten pullat voivat s\u00e4ily\u00e4 n\u00e4in kauan.<\/p>\n<p class=\"article-body mb-nof-24 px-nof-16\">17 vuotta sitten ruotsalainen <a class=\"article-personlink\" href=\"https:\/\/www.is.fi\/haku\/?query=Ramona%20Byr%C3%B6\" rel=\"nofollow noopener\" target=\"_blank\">Ramona Byr\u00f6<\/a> j\u00e4rjesti l\u00e4hes tuhannen ihmisen tapahtuman, joihin h\u00e4n hankki kahvipullaksi Gifflar-merkin korvapuusteja. Yksi paketti j\u00e4i avaamatta, ja se on Byr\u00f6lla edelleen tallessa \u2013 viiden muuton j\u00e4lkeenkin, <a class=\"article-genericlink\" href=\"https:\/\/www.aftonbladet.se\/nyheter\/a\/6qn5XQ\/ramona-har-sparat-en-giffelpase-i-17-ar\" rel=\"nofollow noopener\" target=\"_blank\">kertoo Aftonbladet<\/a>.<\/p>\n<p class=\"article-body mb-nof-24 px-nof-16\">\u2013\u2009Halusin testata, kuinka kauan pullat s\u00e4ilyv\u00e4t, Byr\u00f6 kertoo lehdelle.<\/p>\n<p class=\"article-body mb-nof-24 px-nof-16\">H\u00e4n kertoi vuosien varrella hukanneensa ja menett\u00e4neens\u00e4 paljon tavaroita, mutta pullapussi on kulkenut mukana.<\/p>\n<p class=\"article-body mb-nof-24 px-nof-16\">\u2013\u2009T\u00e4m\u00e4 on pisin suhteeni, Byr\u00f6 sanoo huumorilla.<\/p>\n<p class=\"article-body mb-nof-24 px-nof-16\">Hiljattain Byr\u00f6 tutkiskeli pullien kuntoa. Ne vaikuttivat edelleen pehmeilt\u00e4 ja n\u00e4yttiv\u00e4t samalta kuin 17 vuotta sitten.<\/p>\n<p class=\"article-body mb-nof-24 px-nof-16\">Byr\u00f6n mielest\u00e4 t\u00e4m\u00e4 on jopa ep\u00e4ilytt\u00e4v\u00e4\u00e4.<\/p>\n<p class=\"article-body mb-nof-24 px-nof-16\">Aftonbladet kysyi pullien valmistajalta P\u00e5genilta, kuinka niiden s\u00e4ilyminen n\u00e4in kauan on mahdollista.<\/p>\n<p class=\"article-body mb-nof-24 px-nof-16\">Valmistajan mukaan t\u00e4rkein syy on se, ett\u00e4 pakkaus on t\u00e4ysin tiiviisti suljettu. Sen vuoksi homeiti\u00f6t tai kosteus eiv\u00e4t ole p\u00e4\u00e4sseet pussiin.<\/p>\n<p class=\"article-body mb-nof-24 px-nof-16\">Valmistaja suosittelee kuitenkin, ettei pullia maisteta, koska niiden laatua ei voida taata.<\/p>\n<p class=\"article-body mb-nof-24 px-nof-16\">Vuonna 2013<a class=\"article-genericlink\" href=\"https:\/\/www.is.fi\/ruokala\/ajankohtaista\/art-2000000591758.html\" rel=\"nofollow noopener\" target=\"_blank\"> Ilta-Sanomat testasi<\/a>, milt\u00e4 maistuvat vuosikausia vanhat elintarvikkeet.<\/p>\n<p class=\"article-body mb-nof-24 px-nof-16\">IS ker\u00e4si testiin kaappeihin unohtunutta ruokaa. Mukana oli 15 vuotta vanhaa kuppikeittoa, 7 vuotta vanhoja mikropopcorneja, samanik\u00e4ist\u00e4 Coca-Colaa sek\u00e4 parivuotiaat t\u00f6lkkilonkero ja -olut.<\/p>\n<p class=\"article-body mb-nof-24 px-nof-16\">\u201dTeini-ik\u00e4\u00e4n ehtinyt Knorrin kukkakaali-kinkku-kuppikeitto on s\u00e4ilynyt ilmeisen hyv\u00e4n\u00e4. Varsinainen parasta ennen -p\u00e4iv\u00e4ys n\u00e4ytt\u00e4\u00e4 huhtikuuta 1998, joten on ihan kohtuullista laulaa sille ensin onnittelulaulu ja vasta sitten sekoittaa se h\u00f6yry\u00e4v\u00e4\u00e4n veteen\u201d, toimittaja <a class=\"article-personlink\" href=\"https:\/\/www.is.fi\/haku\/?query=Simo%20Holopainen\" rel=\"nofollow noopener\" target=\"_blank\">Simo Holopainen<\/a> kirjoitti tuolloin.<\/p>\n","protected":false},"excerpt":{"rendered":"Ruotsalaisnainen ihmettelee, miten pullat voivat s\u00e4ily\u00e4 n\u00e4in kauan. 17 vuotta sitten ruotsalainen Ramona Byr\u00f6 j\u00e4rjesti l\u00e4hes tuhannen ihmisen&hellip;\n","protected":false},"author":2,"featured_media":114722,"comment_status":"","ping_status":"","sticky":false,"template":"","format":"standard","meta":{"footnotes":""},"categories":[136],"tags":[407,137,33,31,30,34,408,32,109],"class_list":{"0":"post-114721","1":"post","2":"type-post","3":"status-publish","4":"format-standard","5":"has-post-thumbnail","7":"category-julkkikset","8":"tag-celebrities","9":"tag-entertainment","10":"tag-fi","11":"tag-finland","12":"tag-finnish","13":"tag-ilta-sanomat","14":"tag-julkkikset","15":"tag-suomi","16":"tag-viihde"},"share_on_mastodon":{"url":"https:\/\/pubeurope.com\/@fi\/115708078674954402","error":""},"_links":{"self":[{"href":"https:\/\/www.europesays.com\/fi\/wp-json\/wp\/v2\/posts\/114721","targetHints":{"allow":["GET"]}}],"collection":[{"href":"https:\/\/www.europesays.com\/fi\/wp-json\/wp\/v2\/posts"}],"about":[{"href":"https:\/\/www.europesays.com\/fi\/wp-json\/wp\/v2\/types\/post"}],"author":[{"embeddable":true,"href":"https:\/\/www.europesays.com\/fi\/wp-json\/wp\/v2\/users\/2"}],"replies":[{"embeddable":true,"href":"https:\/\/www.europesays.com\/fi\/wp-json\/wp\/v2\/comments?post=114721"}],"version-history":[{"count":0,"href":"https:\/\/www.europesays.com\/fi\/wp-json\/wp\/v2\/posts\/114721\/revisions"}],"wp:featuredmedia":[{"embeddable":true,"href":"https:\/\/www.europesays.com\/fi\/wp-json\/wp\/v2\/media\/114722"}],"wp:attachment":[{"href":"https:\/\/www.europesays.com\/fi\/wp-json\/wp\/v2\/media?parent=114721"}],"wp:term":[{"taxonomy":"category","embeddable":true,"href":"https:\/\/www.europesays.com\/fi\/wp-json\/wp\/v2\/categories?post=114721"},{"taxonomy":"post_tag","embeddable":true,"href":"https:\/\/www.europesays.com\/fi\/wp-json\/wp\/v2\/tags?post=114721"}],"curies":[{"name":"wp","href":"https:\/\/api.w.org\/{rel}","templated":true}]}}