{"id":11473,"date":"2025-08-20T19:52:09","date_gmt":"2025-08-20T19:52:09","guid":{"rendered":"https:\/\/www.europesays.com\/fi\/11473\/"},"modified":"2025-08-20T19:52:09","modified_gmt":"2025-08-20T19:52:09","slug":"iso-kaanne-redissa-new-articles","status":"publish","type":"post","link":"https:\/\/www.europesays.com\/fi\/11473\/","title":{"rendered":"Iso k\u00e4\u00e4nne Rediss\u00e4 | New Articles"},"content":{"rendered":"<p>Redin ravintolamaailmassa on tapahtunut t\u00e4m\u00e4n vuoden aikana iso k\u00e4\u00e4nne. Ainakin kauppakeskuksen n\u00e4k\u00f6kulmasta muutos on ollut parempaan suuntaan.<\/p>\n<p>\t\t\t\t\t<img class=\"diks-card__image\" src=\"https:\/\/www.europesays.com\/fi\/wp-content\/uploads\/2025\/08\/10617066.jpg\" loading=\"lazy\"   decoding=\"sync\" alt=\"\"\/><\/p>\n<p>\t\t<a class=\"diks-gallery__link\" href=\"https:\/\/i.media.fi\/incoming\/t3stwu\/10999191.jpg\/alternates\/FREE_1440\/10999191.jpg\" data-thumbnail=\"\" data-sub-html=\"Texmex-ketju Pancho Villa avattiin Rediin kes\u00e4kuussa. Aapo Siippainen\" aria-label=\"Katso isompi kuva\" rel=\"nofollow noopener\" target=\"_blank\"><br \/>\n\t\t\t\t<img class=\"diks-figure__image\" src=\"https:\/\/www.europesays.com\/fi\/wp-content\/uploads\/2025\/08\/10999191.jpg\" loading=\"lazy\" decoding=\"sync\" alt=\"\"\/><br \/>\n\t\t\t<\/a><br \/>\n\t\t\t\t\tTexmex-ketju Pancho Villa avattiin Rediin kes\u00e4kuussa. Aapo Siippainen<\/p>\n<p>Kev\u00e4\u00e4ll\u00e4 2024 Helsingin Uutiset <a href=\"https:\/\/www.helsinginuutiset.fi\/paikalliset\/6689703\" rel=\"nofollow noopener\" target=\"_blank\">kertoi<\/a>, ett\u00e4 ravintolamaailman laajennus ei ole juurikaan kiinnostanut yrityksi\u00e4. Tuolloin moni ravintolatila oli avajaisten aikaan tyhjill\u00e4\u00e4n ilman yritt\u00e4j\u00e4\u00e4. Ravintolamaailmaan oli rakennettu juuri kymmenen uutta liiketilaa. Ennest\u00e4\u00e4n Food Port -ravintolamaailmassa oli 11 ravintolaa. Ne avattiin vuonna 2023, jonka j\u00e4lkeen osa ravintoloista suljettiin nopeasti ja tilalle avattiin uusia.<\/p>\n<p>\t\t<a class=\"diks-gallery__link\" href=\"https:\/\/i.media.fi\/incoming\/d2xfl3\/10999188.jpg\/alternates\/FREE_1440\/10999188.jpg\" data-thumbnail=\"\" data-sub-html=\"Redin Boneless valittiin vuonna 2023 Helsingin Uutisten lukija\u00e4\u00e4nestyksess\u00e4 kaupungin parhaaksi hampurilaisravintolaksi. Aapo Siippainen\" aria-label=\"Katso isompi kuva\" rel=\"nofollow noopener\" target=\"_blank\"><br \/>\n\t\t\t\t<img class=\"diks-figure__image\" src=\"https:\/\/www.europesays.com\/fi\/wp-content\/uploads\/2025\/08\/10999188.jpg\" loading=\"lazy\" decoding=\"sync\" alt=\"\"\/><br \/>\n\t\t\t<\/a><br \/>\n\t\t\t\t\tRedin Boneless valittiin vuonna 2023 Helsingin Uutisten lukija\u00e4\u00e4nestyksess\u00e4 kaupungin parhaaksi hampurilaisravintolaksi. Aapo Siippainen<\/p>\n<p>Nyt erityisesti isot ketjut ovat l\u00f6yt\u00e4neet Redin ravintolamaailman. Kes\u00e4ll\u00e4 ravintolamaailmaan avautui Pancho Villa -ketjun 52. ravintola. My\u00f6s vauhdilla laajeneva Elias D\u00f6ner -ketju perusti oman ravintolansa.<\/p>\n<p>\t\t<a class=\"diks-gallery__link\" href=\"https:\/\/i.media.fi\/incoming\/z98vib\/10999542.jpg\/alternates\/FREE_1440\/10999542.jpg\" data-thumbnail=\"\" data-sub-html=\"Havainnekuva Redin KFC-ravintolasta. KFC\" aria-label=\"Katso isompi kuva\" rel=\"nofollow noopener\" target=\"_blank\"><br \/>\n\t\t\t\t<img class=\"diks-figure__image\" src=\"https:\/\/www.europesays.com\/fi\/wp-content\/uploads\/2025\/08\/10999542.jpg\" loading=\"lazy\" decoding=\"sync\" alt=\"\"\/><br \/>\n\t\t\t<\/a><br \/>\n\t\t\t\t\tHavainnekuva Redin KFC-ravintolasta. KFC<\/p>\n<p>Loppuvuodesta mukaan hypp\u00e4\u00e4 yksi maailman suurimmista pikaruokaketjuista, KFC.<\/p>\n<p>\u2013\u2009Lis\u00e4ksi neuvottelut ovat pitk\u00e4ll\u00e4 kolmesta uudesta ravintolasta, jonka j\u00e4lkeen ravintolamaailmassa on en\u00e4\u00e4 pari tilaa vapaana. Redin k\u00e4vij\u00e4m\u00e4\u00e4r\u00e4t kehittyv\u00e4t upeasti ja ovat enn\u00e4tyskorkealla. T\u00e4m\u00e4 lis\u00e4\u00e4 luonnollisesti kysynt\u00e4\u00e4 meill\u00e4, sanoo kauppakeskusjohtaja <strong>Mika Mustasilta Helsingin Uutisille<\/strong>.<\/p>\n<p>Kansainv\u00e4lisiin ketjuihin kuuluu my\u00f6s uusi Pizza Hut.<\/p>\n<p>\t\t<a class=\"diks-gallery__link\" href=\"https:\/\/i.media.fi\/incoming\/auzqg1\/10999189.jpg\/alternates\/FREE_1440\/10999189.jpg\" data-thumbnail=\"\" data-sub-html=\"Korealainen Oppa BBQ on suljettu. Ravintolassa jokaisessa p\u00f6yd\u00e4ss\u00e4 oli oma grilli. Aktiivihiilisuodattimet roikkuvat viel\u00e4 katosta. Aapo Siippainen\" aria-label=\"Katso isompi kuva\" rel=\"nofollow noopener\" target=\"_blank\"><br \/>\n\t\t\t\t<img class=\"diks-figure__image\" src=\"https:\/\/www.europesays.com\/fi\/wp-content\/uploads\/2025\/08\/10999189.jpg\" loading=\"lazy\" decoding=\"sync\" alt=\"\"\/><br \/>\n\t\t\t<\/a><br \/>\n\t\t\t\t\tKorealainen Oppa BBQ on suljettu. Ravintolassa jokaisessa p\u00f6yd\u00e4ss\u00e4 oli oma grilli. Aktiivihiilisuodattimet roikkuvat viel\u00e4 katosta. Aapo Siippainen<\/p>\n<p>KFC palkkaa Rediin noin 25 ty\u00f6ntekij\u00e4\u00e4.<\/p>\n<p>\u2013\u2009Redi on meille hyv\u00e4 sijainti \u2013 se on risteys kohta, joka kokoaa yhteen Kallion, Kalasataman ja S\u00f6rn\u00e4isten asukkaat ja k\u00e4vij\u00e4t, mik\u00e4 tekee siit\u00e4 meille luontevan paikan laajentua. Redill\u00e4 on keskeisen sijainti Helsingin keskustan ja It\u00e4-Helsingin v\u00e4lill\u00e4 ja alue kokonaisuudessaan jatkaa kehittymist\u00e4 viel\u00e4 kauan. kertoo KFC Suomen maajohtaja <strong>Ville Myllyniemi <\/strong>tiedotteessa.<\/p>\n<p>Suomen ensimm\u00e4inen KFC avattiin Itikseen vuonna 2021. Uusia ravintoloita avattiin Suomeen suunniteltua hitaammalla tahdilla. Nyt vauhti on kiihtym\u00e4ss\u00e4. Kes\u00e4kuun alussa KFC avattiin Triplan kauppakeskukseen.<\/p>\n<p>Redin avauksen lis\u00e4ksi KFC laajenee viel\u00e4 vuoden 2025 aikana Kauppakeskus Kamppiin.<\/p>\n<p>\u2013\u2009Tavoitteena on rakentaa valtakunnallinen verkosto, joka palvelee asiakkaita kellon ymp\u00e4ri, Myllyniemi sanoo..<\/p>\n<p>\u2013\u2009Etsimme parhaillaan uusia sijainteja eri puolilta maata.<\/p>\n<p>\t\t\t\tRedin Foodportin ravintolat<\/p>\n<p>Eat Poke<\/p>\n<p>Boneless<\/p>\n<p>Bamilami<\/p>\n<p>Crazy Bing<\/p>\n<p>Elias D\u00f6ner Kebab<\/p>\n<p>Espresso House 1. krs<\/p>\n<p>Hummus House Street Style<\/p>\n<p>Malai Indian Cuisine<\/p>\n<p>Villa Nepal Express<\/p>\n<p>Pancho Villa<\/p>\n<p>Pizza Hut<\/p>\n<p>Pretty Boy <\/p>\n<p>SaiGon Cafe<\/p>\n<p>Tulossa: KFC<\/p>\n<p class=\"diks-storyline__source\">Rediss\u00e4 on lis\u00e4ksi lukuisia muita ravintoloita ja kahviloita.<\/p>\n","protected":false},"excerpt":{"rendered":"Redin ravintolamaailmassa on tapahtunut t\u00e4m\u00e4n vuoden aikana iso k\u00e4\u00e4nne. Ainakin kauppakeskuksen n\u00e4k\u00f6kulmasta muutos on ollut parempaan suuntaan. Texmex-ketju&hellip;\n","protected":false},"author":2,"featured_media":11474,"comment_status":"","ping_status":"","sticky":false,"template":"","format":"standard","meta":{"footnotes":""},"categories":[12],"tags":[22,23,26,27,33,31,30,17,3721,104,898,24,25,28,29,15,18,21,5002,402,3723,900,32,19,20,16],"class_list":{"0":"post-11473","1":"post","2":"type-post","3":"status-publish","4":"format-standard","5":"has-post-thumbnail","7":"category-suomi","8":"tag-breaking-news","9":"tag-breakingnews","10":"tag-featured-news","11":"tag-featurednews","12":"tag-fi","13":"tag-finland","14":"tag-finnish","15":"tag-headlines","16":"tag-helsingin-ravintolat","17":"tag-helsinki","18":"tag-kulutustavarat","19":"tag-latest-news","20":"tag-latestnews","21":"tag-main-news","22":"tag-mainnews","23":"tag-news","24":"tag-otsikot","25":"tag-paauutiset","26":"tag-pizzat","27":"tag-rakentaminen-kiinteistot","28":"tag-ravintolat","29":"tag-ruoka","30":"tag-suomi","31":"tag-top-stories","32":"tag-topstories","33":"tag-uutiset"},"share_on_mastodon":{"url":"","error":""},"_links":{"self":[{"href":"https:\/\/www.europesays.com\/fi\/wp-json\/wp\/v2\/posts\/11473","targetHints":{"allow":["GET"]}}],"collection":[{"href":"https:\/\/www.europesays.com\/fi\/wp-json\/wp\/v2\/posts"}],"about":[{"href":"https:\/\/www.europesays.com\/fi\/wp-json\/wp\/v2\/types\/post"}],"author":[{"embeddable":true,"href":"https:\/\/www.europesays.com\/fi\/wp-json\/wp\/v2\/users\/2"}],"replies":[{"embeddable":true,"href":"https:\/\/www.europesays.com\/fi\/wp-json\/wp\/v2\/comments?post=11473"}],"version-history":[{"count":0,"href":"https:\/\/www.europesays.com\/fi\/wp-json\/wp\/v2\/posts\/11473\/revisions"}],"wp:featuredmedia":[{"embeddable":true,"href":"https:\/\/www.europesays.com\/fi\/wp-json\/wp\/v2\/media\/11474"}],"wp:attachment":[{"href":"https:\/\/www.europesays.com\/fi\/wp-json\/wp\/v2\/media?parent=11473"}],"wp:term":[{"taxonomy":"category","embeddable":true,"href":"https:\/\/www.europesays.com\/fi\/wp-json\/wp\/v2\/categories?post=11473"},{"taxonomy":"post_tag","embeddable":true,"href":"https:\/\/www.europesays.com\/fi\/wp-json\/wp\/v2\/tags?post=11473"}],"curies":[{"name":"wp","href":"https:\/\/api.w.org\/{rel}","templated":true}]}}