{"id":114742,"date":"2025-12-12T19:16:11","date_gmt":"2025-12-12T19:16:11","guid":{"rendered":"https:\/\/www.europesays.com\/fi\/114742\/"},"modified":"2025-12-12T19:16:11","modified_gmt":"2025-12-12T19:16:11","slug":"matti-sairastui-alzheimeriin-tyoikaisena-nain-elama-on-muuttunut","status":"publish","type":"post","link":"https:\/\/www.europesays.com\/fi\/114742\/","title":{"rendered":"Matti sairastui Alzheimeriin ty\u00f6ik\u00e4isen\u00e4 \u2013 n\u00e4in el\u00e4m\u00e4 on muuttunut"},"content":{"rendered":"<p class=\"ingress\">Anne, 66, tiet\u00e4\u00e4, ett\u00e4 puolison sairastuminen ty\u00f6ik\u00e4isen\u00e4 Alzheimerin tautiin muuttaa v\u00e4\u00e4j\u00e4\u00e4m\u00e4tt\u00e4 parisuhdetta. Kumppanien v\u00e4list\u00e4 rakkautta sairaus ei kuitenkaan vie mukanaan.<\/p>\n<p><strong>Anne<\/strong> oli kotona et\u00e4t\u00f6iss\u00e4 p\u00e4iv\u00e4n\u00e4, jona h\u00e4nen puolisonsa <strong>Matti <\/strong>sai Alzheimer-diagnoosin. Ennen kuin pariskunta oli ehtinyt vaihtaa sanaakaan, Anne tiesi, mit\u00e4 tuleman piti.<\/p>\n<p>\u201dN\u00e4in Matin kasvoista, h\u00e4nen silmist\u00e4\u00e4n, mit\u00e4 h\u00e4n tulisi minulle pian kertomaan\u201d, Anne muistelee.<\/p>\n<p>Tuosta p\u00e4iv\u00e4st\u00e4 tulee tammikuussa nelj\u00e4 vuotta. Matti sai Alzheimerin taudin diagnoosin 61-vuotiaana \u2013 yh\u00e4 ty\u00f6ik\u00e4isen\u00e4, keskell\u00e4 kiireist\u00e4 arkea. Anne oli tuolloin 62-vuotias.<\/p>\n<p>Heill\u00e4 oli takanaan 41 vuoden avioliitto. Onnea t\u00e4ydensi nelj\u00e4 lasta ja useampi lapsenlapsi.<\/p>\n<p>Pian alkavia el\u00e4kep\u00e4ivi\u00e4 oli jo suunniteltu yhdess\u00e4: Enemm\u00e4n aikaa kahdestaan, v\u00e4hemm\u00e4n aikatauluja. Talvet vietett\u00e4isiin ehk\u00e4 Espanjassa.<\/p>\n<p>Matti huolestui muistiongelmistaan itse<\/p>\n<p>Ep\u00e4ilys muistisairaudesta alkoi virit\u00e4, kun Matti alkoi kysell\u00e4 ja kertoa samoja juttuja uudestaan. T\u00f6iss\u00e4 h\u00e4nen t\u00e4ytyi alkaa varmistella, ettei soita samaa asiaa asiakkaalle uudestaan. H\u00e4nen oli kirjattava muistiin asioita, jotka ennen pysyiv\u00e4t p\u00e4\u00e4ss\u00e4 itsest\u00e4\u00e4n.<\/p>\n<p>Matti oli yksinyritt\u00e4j\u00e4: valmentaja ja kouluttaja. H\u00e4nen t\u00e4rkein ty\u00f6kalunsa olivat aivot ja esiintymiskyky.<\/p>\n<p>\u201dMeid\u00e4n el\u00e4m\u00e4\u00e4mme kotona Matin unohtelu ei juuri h\u00e4irinnyt. Min\u00e4 ja lapset saatoimme vain todeta, ett\u00e4 \u2019hei, kysyit t\u00e4t\u00e4 asiaa jo\u2019. Matti huolestui muistamattomuudestaan itse. On ollut meille iso onni, ett\u00e4 h\u00e4nt\u00e4 ei tarvinnut patistaa tutkimuksiin vaan h\u00e4n hakeutui niihin itse\u201d, Anne sanoo.<\/p>\n<p><strong>Lue my\u00f6s<\/strong>: <a href=\"https:\/\/anna.fi\/hyvinvointi\/terveys\/sirpa-sai-musertavan-diagnoosin-viisikymppisena\" rel=\"nofollow noopener\" target=\"_blank\">Ty\u00f6ik\u00e4isten Alzheimer yleistyy \u2013 n\u00e4ist\u00e4 merkeist\u00e4 Sirpa, 57, tunnisti alkavan taudin<\/a><\/p>\n<p>Terveydenhuollossa asiat eteniv\u00e4t nopeasti<\/p>\n<p>Kun Matti hakeutui tutkimuksiin, h\u00e4nt\u00e4 kuunneltiin ja asia otettiin oitis vakavasti. Prosessi eteni nopeasti perusterveydenhuollosta erikoissairaanhoitoon. Matti hakeutui tutkimuksiin syksyll\u00e4 2020, ja diagnoosin Alzheimerin taudista h\u00e4n sai tammikuussa 2021.<\/p>\n<p>\u201dMeid\u00e4n kohdallamme terveydenhuollon polku toimi todella hyvin. Vertaisten kanssa k\u00e4ymieni keskustelujen takia tied\u00e4n, ett\u00e4 moni joutuu kuulemaan ennen diagnoosin saamista arvuutteluja v\u00e4symyksest\u00e4, stressist\u00e4 tai masennuksesta\u201d, Anne toteaa.<\/p>\n<p>Ty\u00f6ik\u00e4isten muistisairaudet Suomessa<\/p>\n<ul class=\"wp-block-list\">\n<li>Suomessa on 2 700 ty\u00f6ik\u00e4isen\u00e4 muistisairauteen sairastunutta.<\/li>\n<li>600 ty\u00f6ik\u00e4ist\u00e4 sairastuu muistisairauteen vuosittain.<\/li>\n<li>Ty\u00f6ik\u00e4isen\u00e4 eli alle 65-vuotiaana diagnoosin saaneilla Alzheimerin tauti on yleisin muistisairaus.<\/li>\n<li>Alkuvaiheen oireet \u2013 kuten keskittymisvaikeudet, muistipulmat ja v\u00e4symys \u2013 muistuttavat usein ty\u00f6uupumusta, stressi\u00e4 tai masennusta. Lis\u00e4ksi runsas p\u00e4ihteiden k\u00e4ytt\u00f6 voi aiheuttaa samankaltaisia kognitiivisia (tiedonk\u00e4sittelyyn liittyvi\u00e4) h\u00e4iri\u00f6it\u00e4. T\u00e4m\u00e4n vuoksi muistisairaus voi j\u00e4\u00e4d\u00e4 pitk\u00e4\u00e4n huomaamatta ja oikea diagnoosi viiv\u00e4sty\u00e4.<\/li>\n<\/ul>\n<p>L\u00e4hde: <a href=\"https:\/\/muistiliitto.fi\/muistisairaudet\/muistisairaudet-tyoikaisilla\/\" target=\"_blank\" rel=\"noreferrer noopener nofollow\">Muistiliitto<\/a><\/p>\n<p>Matin suvussa Alzheimerin tauti ei ollut tuntematon asia. Matin edesmennyt \u00e4iti sairasti samaa tautia, samoin iso\u00e4iti. Ajatus sairastumisen mahdollisuudesta oli siis kulkenut mukana niin Matin itsens\u00e4 kuin Annenkin takaraivossa. Silti diagnoosi iski kuin kylm\u00e4 vesi.<\/p>\n<p>\u201dDiagnoosi oli minulle suuri j\u00e4rkytys, shokkikin. Hiukseni alkoivat tippua, ja minulle tuli p\u00e4lvikalju, kun kehoni reagoi asiaan niin vahvasti. Onnekseni hiukset kasvoivat kuitenkin takaisin. Matti sopeutui tietoon asiasta nopeammin. H\u00e4n on luonteeltaan sellainen.\u201d<\/p>\n<p>Kelan sopeutumisvalmennus auttoi Annea k\u00e4sittelem\u00e4\u00e4n Alzheimer-diagnoosin aiheuttamaa j\u00e4rkytyst\u00e4.<\/p>\n<p>\u201dOlin kuitenkin pitk\u00e4\u00e4n asiasta vihainen ja katkera. Nyky\u00e4\u00e4n olen en\u00e4\u00e4 vain surullinen.\u201d<\/p>\n<p>\u201dTieto siit\u00e4, ett\u00e4 sairaus etenee, istuu hartioilla\u201d<\/p>\n<p>Alzheimerin tautiin sairastuneen omaisen surussa on Annen mukaan monta s\u00e4vy\u00e4. Se ei ole pelkk\u00e4\u00e4 lopullisen menett\u00e4misen pelkoa vaan ennen kaikkea pelkoa sit\u00e4, ett\u00e4 rakas ihminen alkaa liukua hitaasti koko ajan hieman kauemmas.<\/p>\n<p>\u201dTieto siit\u00e4, ett\u00e4 sairaus etenee eik\u00e4 siihen ole parantavaa hoitoa, istuu jatkuvasti hartioilla.\u201d<\/p>\n<p>Alzheimer ei vie vain muistia \u2013 se muuttaa pariskunnan vuorovaikutusta, rooleja sek\u00e4 arjen tasapainoa.<\/p>\n<p>Heti diagnoosin j\u00e4lkeen Matin yritystoiminta ajettiin alas. Sovittiin, ett\u00e4 Anne alkaisi hoitaa parin raha-asioita. He tekiv\u00e4t my\u00f6s edunvalvontavaltuutuksen.<\/p>\n<p>\u201dMatti sanoi, ett\u00e4 tehd\u00e4\u00e4n se nyt, kun h\u00e4n ymm\u00e4rt\u00e4\u00e4 ja pystyy. Oli helpottavaa, ettei asiasta tarvinnut riidell\u00e4.\u201d<\/p>\n<p>Arjessa Matti on edelleen toimintakykyinen: ajaa autoa, tekee ruokaa, k\u00e4y kaupassa. Mutta v\u00e4hitellen vastuu on siirtynyt enemm\u00e4n Annelle. H\u00e4n on t\u00e4n\u00e4 p\u00e4iv\u00e4n\u00e4 se, joka varmistaa, ett\u00e4 asiat hoituvat.<\/p>\n<p>Kun ennen Matti tajusi omatoimisesti, ett\u00e4 nurmikko on ajettava, Annen on t\u00e4n\u00e4 p\u00e4iv\u00e4n\u00e4 pyydett\u00e4v\u00e4 Mattia ajamaan nurmikko.<\/p>\n<p>\u201dHuomaan, ett\u00e4 minulle on vaikeaa, ett\u00e4 ennen meist\u00e4 se nopealiikkeisempi saattaa nyky\u00e4\u00e4n vain istua tekem\u00e4tt\u00e4 mit\u00e4\u00e4n. Eih\u00e4n siit\u00e4 pit\u00e4isi \u00e4rsyynty\u00e4, mutta huomaan sen olevan minulle kova paikka.\u201d<\/p>\n<p><strong>Lue my\u00f6s Kotiliesi.fi<\/strong>: <a href=\"https:\/\/kotiliesi.fi\/hyvinvointi\/terveys\/alzheimer-nakyy-aivoissa-vuosia-ennen-oireita-pian-kauppoihin-tulee-laite-joka-paljastaa-muistisairauden-esiasteen\/\" target=\"_blank\" rel=\"noreferrer noopener nofollow\">Alzheimer n\u00e4kyy aivoissa vuosia ennen oireita \u2013 pian kauppoihin tulee laite, joka paljastaa muistisairauden esiasteen<\/a><\/p>\n<p>Rakkaus pysyy, mutta parisuhde muuttaa muotoaan<\/p>\n<p>Vaikka Annen rakkaus Mattiin pysyy, on Alzheimer v\u00e4ist\u00e4m\u00e4tt\u00e4 muuttanut parisuhdetta.<\/p>\n<p>\u201dEmme ole en\u00e4\u00e4 samalla tavalla tasavertaisia kuin ennen. Meill\u00e4 on ollut hirve\u00e4n hyv\u00e4, rakastava avioliitto\u201d, Anne sanoo ja etsii hetken sanoja.<\/p>\n<p>\u201dHuonoina p\u00e4ivin\u00e4 tuntuu kuin rakastaisin uhmaik\u00e4ist\u00e4 lasta. Se on hirve\u00e4n surullista sanoa \u00e4\u00e4neen.\u201d<\/p>\n<p>Kukapa ei joskus turhautuisi, jos toinen kyselee samoja kysymyksi\u00e4 ja t\u00e4t\u00e4 joutuu ohjeistamaan. Annen mukaan on oltava armollinen paitsi sairastunutta my\u00f6s itse\u00e4\u00e4n kohtaan.<\/p>\n<p>\u201dKukaan ei ole pyhimys. Jos hermostun toiselle, osaan pyyt\u00e4\u00e4 anteeksi.\u201d<\/p>\n<p>Huumori on edelleen Annen ja Matin yhteinen kieli. Jopa hieman ronskikin huumori auttaa usein niiss\u00e4 hetkiss\u00e4, kun todellisuus alkaa painaa.<\/p>\n<p>\u201dEmme voi aina vain itke\u00e4 ja m\u00e4rist\u00e4, silloin el\u00e4m\u00e4 olisi kauheaa. Kun olimme sopeutumisvalmennuksessa ja mietin, ett\u00e4 minulta l\u00e4htee hiuksetkin p\u00e4\u00e4st\u00e4, Matti totesi, ett\u00e4 onneksi minulta l\u00e4htee vain hiukset, kun h\u00e4nell\u00e4 kato k\u00e4y p\u00e4\u00e4n sis\u00e4osissa.\u201d<\/p>\n<p>Avoimuus kantaa \u2013 ja vertaiset ymm\u00e4rt\u00e4v\u00e4t<\/p>\n<p>Perheess\u00e4 avoimuudesta tuli kannatinpalkki. Lapset tiesiv\u00e4t is\u00e4ns\u00e4 diagnoosista alusta asti. My\u00f6s lapsenlapsille on kerrottu asiasta ik\u00e4tasoisesti. Annella ja Matilla on per\u00e4ti yhdeks\u00e4n lastenlasta, kymmenes tulossa.<\/p>\n<p>\u201dAlakouluik\u00e4isist\u00e4 yl\u00f6sp\u00e4in olemme kertoneet, ett\u00e4 ukki ei muista ja jos ukki kysyy samaa asiaa useampaan kertaan, siit\u00e4 ei tarvitse v\u00e4litt\u00e4\u00e4. Voi vain sanoa, ett\u00e4 \u2019ukki, kysyit jo tuon\u2019.\u201d<\/p>\n<p>Lapsenlapset eiv\u00e4t ole asian kuulemisesta sen kummemmin h\u00e4keltyneet.<\/p>\n<p>\u201dHeille ukki on sama kuin aina ennenkin, ja he puuhaavat t\u00e4m\u00e4n kanssa yhdess\u00e4 entiseen malliin.\u201d<\/p>\n<p>Tietenkin on kuitenkin my\u00f6s ihmisi\u00e4, joille asia ei ole n\u00e4in mutkaton. Joidenkin yst\u00e4vien yhteydenotot harvenivat diagnoosista kuulemisen j\u00e4lkeen.<\/p>\n<p>\u201dParantumaton sairaus pelottaa. Osalle se on liian vaikea asia k\u00e4sitell\u00e4.\u201d<\/p>\n<p>Annella on l\u00e4heinen sisko, johon h\u00e4n voi luottaa tilanteessa kuin tilanteessa. Lis\u00e4ksi Anne on l\u00f6yt\u00e4nyt vertaistuen turvakseen. Vertaisten joukossa ei tarvitse selitt\u00e4\u00e4, miksi jokin pieni asia satuttaa niin paljon tai miksi joskus suututtaa.<\/p>\n<p>\u201dYhdess\u00e4 itket\u00e4\u00e4n ja kiroillaan. Vertaisten seurassa on turvallista sanoa, milt\u00e4 oikeasti tuntuu.\u201d<\/p>\n<p>    <a href=\"https:\/\/anna.fi\/wp-content\/uploads\/2025\/12\/vertaistuki.jpg\" rel=\"nofollow noopener\" target=\"_blank\"><img fetchpriority=\"high\" decoding=\"async\" alt=\"Alzheimeriin sairastuminen ty\u00f6ik\u00e4isen\u00e4: kuvassa vertaistapaaminen.\" class=\"wp-image-686597 awpo-lqip awpo-lazy\" width=\"1400\" height=\"2100\" style=\"--aspect-ratio: 0.67\" src=\"https:\/\/www.europesays.com\/fi\/wp-content\/uploads\/2025\/12\/vertaistuki.jpg\"\/><\/a><br \/>\n      Rakkaan siskon tarjoaman tuen lis\u00e4ksi Anne saa voimaa vertaistuesta.      <\/p>\n<p>          \u00a9 iStock        <\/p>\n<p>\u201dEmme tee en\u00e4\u00e4 suunnitelmia kahden vuoden p\u00e4\u00e4h\u00e4n\u201d<\/p>\n<p>Anne j\u00e4i itse suunniteltua aiemmin el\u00e4kkeelle. Yksi syy siihen oli, ett\u00e4 h\u00e4n halusi viett\u00e4\u00e4 Matin kanssa yhteist\u00e4 aikaa, kun hyv\u00e4\u00e4 aikaa viel\u00e4 on.<\/p>\n<p>He ovatkin yhdess\u00e4 varsin aktiivisia: nousevat metrosta pys\u00e4keill\u00e4, joissa eiv\u00e4t ole ennen k\u00e4yneet, kiert\u00e4v\u00e4t museoita Museokortin turvin, k\u00e4yv\u00e4t teatterissa, uivat ja lenkkeilev\u00e4t.<\/p>\n<p>K\u00e4yt\u00e4nn\u00f6n ratkaisuja tulevaisuuden varalle tehd\u00e4\u00e4n hyviss\u00e4 ajoin. He muuttavat pian pienemp\u00e4\u00e4n, helpompaan asuntoon tutulle alueelle, l\u00e4helle metroa ja junaa \u2013 silt\u00e4 varalta, ett\u00e4 Matti ei joskus en\u00e4\u00e4 aja autoa.<\/p>\n<p>\u201dAjattelen el\u00e4m\u00e4\u00e4mme lyhyemmiss\u00e4 periodeissa. En mieti, mit\u00e4 kymmenen tai edes kahden vuoden p\u00e4\u00e4st\u00e4 tapahtuu.\u201d<\/p>\n<p>Arjen rutiinit ovat nousseet suureen arvoon. Niiden muuttumisella voi olla sellaisia seurauksia, joita harva tulee ajatelleeksi, jos l\u00e4heisell\u00e4 ei ole muistisairautta.<\/p>\n<p>Esimerkiksi kun Matti sai taannoin <a href=\"https:\/\/anna.fi\/hyvinvointi\/terveys\/ruusu-jalassa-on-yleinen-bakteeri-infektio-naista-oireista-hakeudu-pikaisesti-laakariin\" rel=\"nofollow noopener\" target=\"_blank\">bakteeri-infektio ruusun<\/a> jalkaansa, kes\u00e4n maauimalak\u00e4ynnit j\u00e4iv\u00e4t hetkeksi pois \u2013 eik\u00e4 paluu uinnin pariin sujunut ongelmitta.<\/p>\n<p>Kun he tauon j\u00e4lkeen taas suuntasivat maauimalaan, Matti ei yht\u00e4kki\u00e4 l\u00f6yt\u00e4nyt pyyhett\u00e4\u00e4n pukuhuoneesta. Eik\u00e4 Annekaan juuri sill\u00e4 kerralla ollut katsonut, millaisen pyyhkeen Matti oli mukaan ottanut. T\u00e4m\u00e4n takia h\u00e4n ei voinut pyyt\u00e4\u00e4 esimerkiksi jotakuta miesty\u00f6ntekij\u00e4\u00e4 Matin kanssa pyyhett\u00e4 etsim\u00e4\u00e4n. Eik\u00e4 h\u00e4n voinut itsek\u00e4\u00e4n menn\u00e4 miesten pukuhuoneeseen pyyhett\u00e4 hakemaan.<\/p>\n<p>\u201dT\u00e4llaiset hetket pys\u00e4ytt\u00e4v\u00e4t. Tulee pelko, ett\u00e4 n\u00e4in voi k\u00e4yd\u00e4 uudestaan. Ja sitten pit\u00e4\u00e4 muuttaa toimintatapoja.\u201d<\/p>\n<p>Sill\u00e4 kertaa he joutuivat l\u00e4htem\u00e4\u00e4n kotiin. Pyyhe l\u00f6ytyi my\u00f6hemmin l\u00f6yt\u00f6tavaroista, mutta toimintatapoja muutettiin, jottei sama toistu. Jatkossa pyyhkeess\u00e4 on selv\u00e4 merkki, jonka Matti tunnistaa.<\/p>\n<p>\u201dMinulle n\u00e4iss\u00e4 tilanteissa vaikeinta on k\u00e4det\u00f6n olo. Lis\u00e4ksi on vaikeaa yritt\u00e4\u00e4 pysy\u00e4 rauhallisena, kun n\u00e4kee toisen h\u00e4d\u00e4n.\u201d<\/p>\n<p>Kenenk\u00e4\u00e4n ei pit\u00e4isi j\u00e4\u00e4d\u00e4 yksin<\/p>\n<p>Jos Anne saisi sanoa yhden asian muille Alzheimerin tautiin sairastuneen l\u00e4heisille, h\u00e4n sanoisi t\u00e4m\u00e4n: \u00e4l\u00e4 j\u00e4\u00e4 yksin.<\/p>\n<p>\u201dAvoimuus auttaa. Ja tuki. On t\u00e4rke\u00e4\u00e4 osata hy\u00f6dynt\u00e4\u00e4 palveluja ja uskaltaa sanoa \u00e4\u00e4neen, milt\u00e4 tuntuu. Kannattaa opetella l\u00f6yt\u00e4m\u00e4\u00e4n iloa pienist\u00e4 asioista \u2013 koska arki on se, mist\u00e4 el\u00e4m\u00e4 oikeasti koostuu. Ihan jokainen p\u00e4iv\u00e4 on t\u00e4rke\u00e4. Et voi tiet\u00e4\u00e4 huomisesta.\u201d<\/p>\n<p>Annen ja Matin nimet on muutettu. Haastateltavan ja h\u00e4nen puolisonsa henkil\u00f6llisyys on toimituksen tiedossa.<\/p>\n<p>    Sinua voi kiinnostaa my\u00f6s:<\/p>\n<ol class=\"read-also__list\">\n<li>\n<p>            <img loading=\"lazy\" decoding=\"async\" class=\"card__image awpo-lqip awpo-lazy\" width=\"2000\" height=\"1333\" src=\"https:\/\/www.europesays.com\/fi\/wp-content\/uploads\/2025\/12\/anna_matkanaiseksi_helenatervo_jkl15112024_kuva3vaaka.jpg\"\/>                <a href=\"https:\/\/anna.fi\/kategoria\/ihmiset\" class=\"card__vignette\" rel=\"nofollow noopener\" target=\"_blank\"><br \/>\n            Ihmiset          <\/a><\/p>\n<p>      <a href=\"https:\/\/anna.fi\/ihmiset\/omaishoitaja-helena\" class=\"card__link-overlay\" rel=\"nofollow noopener\" target=\"_blank\">Puoliso piti ottaa mukaan kampaajalle ja l\u00e4\u00e4k\u00e4riinkin \u2013 Helena hoiti Alzheimeriin sairastunutta miest\u00e4\u00e4n vuosien ajan<\/a><\/p>\n<\/li>\n<li>\n<p>            <img loading=\"lazy\" decoding=\"async\" class=\"card__image awpo-lqip awpo-lazy\" width=\"1260\" height=\"800\" src=\"https:\/\/www.europesays.com\/fi\/wp-content\/uploads\/2025\/12\/5402337.jpeg\"\/>                <a href=\"https:\/\/anna.fi\/kategoria\/ihmiset\/suhteet\" class=\"card__vignette\" rel=\"nofollow noopener\" target=\"_blank\"><br \/>\n            Suhteet          <\/a><\/p>\n<p>      <a href=\"https:\/\/anna.fi\/ihmiset\/suhteet\/minnan-puoliso-sairastui-alzheimerin-tautiin-viisikymppisena-mietin-miten-kestan-jos-hanen-kasvoiltaan-katoavat-ilmeet\" class=\"card__link-overlay\" rel=\"nofollow noopener\" target=\"_blank\">Minnan puoliso sairastui Alzheimerin tautiin viisikymppisen\u00e4: \u201dMietin miten kest\u00e4n, jos h\u00e4nen kasvoiltaan katoavat ilmeet\u201d<\/a><\/p>\n<\/li>\n<li>\n<p>            <img loading=\"lazy\" decoding=\"async\" class=\"card__image awpo-lqip awpo-lazy\" width=\"1260\" height=\"800\" src=\"https:\/\/www.europesays.com\/fi\/wp-content\/uploads\/2025\/12\/4440113.jpg\"\/>                <a href=\"https:\/\/anna.fi\/kategoria\/hyvinvointi\/terveys\" class=\"card__vignette\" rel=\"nofollow noopener\" target=\"_blank\"><br \/>\n            Terveys          <\/a><\/p>\n<p>      <a href=\"https:\/\/anna.fi\/hyvinvointi\/terveys\/istuminen-heikentaa-aivotoimintaa\" class=\"card__link-overlay\" rel=\"nofollow noopener\" target=\"_blank\">Istuminen heikent\u00e4\u00e4 aivotoimintaa ja voi altistaa Alzheimerin taudille\u00a0\u2013 tunnista, millainen istuja olet ja katso l\u00e4\u00e4k\u00e4rin ohjeet, miten voit v\u00e4hent\u00e4\u00e4 istumista<\/a><\/p>\n<\/li>\n<\/ol>\n","protected":false},"excerpt":{"rendered":"Anne, 66, tiet\u00e4\u00e4, ett\u00e4 puolison sairastuminen ty\u00f6ik\u00e4isen\u00e4 Alzheimerin tautiin muuttaa v\u00e4\u00e4j\u00e4\u00e4m\u00e4tt\u00e4 parisuhdetta. Kumppanien v\u00e4list\u00e4 rakkautta sairaus ei kuitenkaan&hellip;\n","protected":false},"author":2,"featured_media":114743,"comment_status":"","ping_status":"","sticky":false,"template":"","format":"standard","meta":{"footnotes":""},"categories":[165],"tags":[12096,33,31,30,166,4402,1496,32,167],"class_list":{"0":"post-114742","1":"post","2":"type-post","3":"status-publish","4":"format-standard","5":"has-post-thumbnail","7":"category-terveys","8":"tag-alzheimerin-tauti","9":"tag-fi","10":"tag-finland","11":"tag-finnish","12":"tag-health","13":"tag-muistisairaudet","14":"tag-parisuhde","15":"tag-suomi","16":"tag-terveys"},"share_on_mastodon":{"url":"https:\/\/pubeurope.com\/@fi\/115708204649764048","error":""},"_links":{"self":[{"href":"https:\/\/www.europesays.com\/fi\/wp-json\/wp\/v2\/posts\/114742","targetHints":{"allow":["GET"]}}],"collection":[{"href":"https:\/\/www.europesays.com\/fi\/wp-json\/wp\/v2\/posts"}],"about":[{"href":"https:\/\/www.europesays.com\/fi\/wp-json\/wp\/v2\/types\/post"}],"author":[{"embeddable":true,"href":"https:\/\/www.europesays.com\/fi\/wp-json\/wp\/v2\/users\/2"}],"replies":[{"embeddable":true,"href":"https:\/\/www.europesays.com\/fi\/wp-json\/wp\/v2\/comments?post=114742"}],"version-history":[{"count":0,"href":"https:\/\/www.europesays.com\/fi\/wp-json\/wp\/v2\/posts\/114742\/revisions"}],"wp:featuredmedia":[{"embeddable":true,"href":"https:\/\/www.europesays.com\/fi\/wp-json\/wp\/v2\/media\/114743"}],"wp:attachment":[{"href":"https:\/\/www.europesays.com\/fi\/wp-json\/wp\/v2\/media?parent=114742"}],"wp:term":[{"taxonomy":"category","embeddable":true,"href":"https:\/\/www.europesays.com\/fi\/wp-json\/wp\/v2\/categories?post=114742"},{"taxonomy":"post_tag","embeddable":true,"href":"https:\/\/www.europesays.com\/fi\/wp-json\/wp\/v2\/tags?post=114742"}],"curies":[{"name":"wp","href":"https:\/\/api.w.org\/{rel}","templated":true}]}}