{"id":114756,"date":"2025-12-12T19:36:10","date_gmt":"2025-12-12T19:36:10","guid":{"rendered":"https:\/\/www.europesays.com\/fi\/114756\/"},"modified":"2025-12-12T19:36:10","modified_gmt":"2025-12-12T19:36:10","slug":"teemu-selanne-kehuu-leevi-poikaansa-taytyy-nostaa-hattua","status":"publish","type":"post","link":"https:\/\/www.europesays.com\/fi\/114756\/","title":{"rendered":"Teemu Sel\u00e4nne kehuu Leevi-poikaansa: \u201dT\u00e4ytyy nostaa hattua\u201d"},"content":{"rendered":"<p>Teemu Sel\u00e4nne ilmestyi perheens\u00e4 kanssa Suomi-sarjan otteluun.<\/p>\n<p class=\"article-body mb-nof-24 px-nof-16\">J\u00e4rvenp\u00e4\u00e4<\/p>\n<p>Lue tiivistelm\u00e4<\/p>\n<p>Tiivistelm\u00e4 on teko\u00e4lyn tekem\u00e4 ja ihmisen tarkistama.<\/p>\n<p class=\"article-body mb-nof-24 px-nof-16 sndp-summary-bullet-point-font\">Kiekkolegenda Teemu Sel\u00e4nne aiheutti yleis\u00f6rynt\u00e4yksen J\u00e4rvenp\u00e4\u00e4n j\u00e4\u00e4hallissa perjantai-iltana.<\/p>\n<p class=\"article-body mb-nof-24 px-nof-16 sndp-summary-bullet-point-font\">55-vuotias Sel\u00e4nne saapui vaimonsa Sirpan ja tytt\u00e4rens\u00e4 Veeran kanssa seuraamaan 25-vuotiaan poikansa Leevi Sel\u00e4nteen pelaamista Suomi-sarjassa.<\/p>\n<p class=\"article-body mb-nof-24 px-nof-16 sndp-summary-bullet-point-font\">Leevi Sel\u00e4nne siirtyi J\u00e4rvenp\u00e4\u00e4n Haukkoihin marraskuussa ja on tehnyt viidess\u00e4 ottelussa tehot 4+3.<\/p>\n<p class=\"article-body mb-nof-24 px-nof-16\">J\u00e4rvenp\u00e4\u00e4n j\u00e4\u00e4hallissa k\u00e4vi poikkeuksellinen kuhina perjantai-iltana.<\/p>\n<p class=\"article-body mb-nof-24 px-nof-16\">Suomi-sarjan ottelu J\u00e4rvenp\u00e4\u00e4n Haukkoja ja Kotkan Titaanien v\u00e4lill\u00e4 tuntui hetken aikaa sivuseikalta, kun kahviossa yksi hahmo vei kaiken huomion.<\/p>\n<p class=\"article-body mb-nof-24 px-nof-16\">Kiekkolegenda <a class=\"article-personlink\" href=\"https:\/\/www.is.fi\/haku\/?query=Teemu%20Sel%C3%A4nne\" rel=\"nofollow noopener\" target=\"_blank\">Teemu Sel\u00e4nne<\/a>, 55, ker\u00e4si pikavauhtia innokkaita junioreita ymp\u00e4rilleen. Yhteiskuvat ja nimikirjoitukset tekiv\u00e4t kauppansa.<\/p>\n<p class=\"article-body mb-nof-24 px-nof-16\">\u2013 Eih\u00e4n t\u00e4ss\u00e4 oikein meinaa ehti\u00e4 katsomaan peli\u00e4, hyv\u00e4ntuulinen Sel\u00e4nne leiskauttaa yhteiskuvien lomassa.<\/p>\n<p class=\"article-body mb-nof-24 px-nof-16\">Sel\u00e4nne ei saapunut <a class=\"article-personlink\" href=\"https:\/\/www.is.fi\/haku\/?query=Sirpa\" rel=\"nofollow noopener\" target=\"_blank\">Sirpa<\/a>-vaimonsa ja <a class=\"article-personlink\" href=\"https:\/\/www.is.fi\/haku\/?query=Veera\" rel=\"nofollow noopener\" target=\"_blank\">Veera<\/a>-tytt\u00e4rens\u00e4 kanssa sattumalta J\u00e4rvenp\u00e4\u00e4n j\u00e4\u00e4halliin. Perhe saapui seuraamaan <a class=\"article-personlink\" href=\"https:\/\/www.is.fi\/haku\/?query=Leevi%20Sel%C3%A4nteen\" rel=\"nofollow noopener\" target=\"_blank\">Leevi Sel\u00e4nteen<\/a> pelaamista Haukkojen riveiss\u00e4.<\/p>\n<p><img decoding=\"async\" src=\"https:\/\/www.europesays.com\/fi\/wp-content\/uploads\/2025\/12\/1765568168_714_468.jpg\" alt=\"Sel\u00e4nteen perhe seurasi J\u00e4rvenp\u00e4\u00e4n j\u00e4\u00e4hallissa Leevi Sel\u00e4nteen pelaamista.\" class=\"_Img_1rerz_1\" style=\"aspect-ratio:1.3079019073569482\" loading=\"eager\"\/><\/p>\n<p class=\"article-picture-caption\">Sel\u00e4nteen perhe seurasi J\u00e4rvenp\u00e4\u00e4n j\u00e4\u00e4hallissa Leevi Sel\u00e4nteen pelaamista. Kuva:\u00a0Jussi Eskola<\/p>\n<p class=\"article-body mb-nof-24 px-nof-16\">Sel\u00e4nne, 25, siirtyi Haukkoihin marraskuussa. Sit\u00e4 ennen h\u00e4n lunasti koeajan kautta pelipaikan Mestiksess\u00e4 pelaavasta Joensuun Kiekko-Pojista. Sel\u00e4nne pelasi joensuulaisten riveiss\u00e4 kuitenkin vain yhden ottelun.<\/p>\n<p class=\"article-body mb-nof-24 px-nof-16\">Haukoissa Sel\u00e4nne on takonut viidess\u00e4 ottelussa tehot 4+3.<\/p>\n<p class=\"article-body mb-nof-24 px-nof-16\">\u2013 Hieno homma, ett\u00e4 Leevi on p\u00e4\u00e4ssyt pelaamaan t\u00e4\u00e4ll\u00e4 ja saanut vastuuta. Hyv\u00e4lt\u00e4 on n\u00e4ytt\u00e4nyt, Teemu Sel\u00e4nne iloitsee.<\/p>\n<p class=\"article-body mb-nof-24 px-nof-16\">Sel\u00e4nne on seurannut innoissaan Leevi-pojan edesottamuksia Suomi-sarjassa t\u00e4ll\u00e4 kaudella.<\/p>\n<p class=\"article-body mb-nof-24 px-nof-16\">\u2013 Olen katsonut muutkin matsit Leijona-tv:st\u00e4. Kun pelin heijastaa isoon telkkariin, niin se n\u00e4ytt\u00e4\u00e4 ihan aidolta l\u00e4hetykselt\u00e4. Hyv\u00e4 homma, ett\u00e4 on tuollainen systeemi, niin voi katsoa matseja toiselta puolelta Atlanttia, Sel\u00e4nne kertoo.<\/p>\n<p><img decoding=\"async\" src=\"https:\/\/www.europesays.com\/fi\/wp-content\/uploads\/2025\/12\/1765568169_3_468.jpg\" alt=\"Leevi Sel\u00e4nne pelasi viidennen ottelunsa Haukkojen paidassa. Haukat kaatoi perjantaina Titaanit 6\u20132. Sel\u00e4nne j\u00e4i t\u00e4ll\u00e4 kertaa pisteitt\u00e4.\" class=\"_Img_1rerz_1\" style=\"aspect-ratio:1.4201183431952662\" loading=\"eager\"\/><\/p>\n<p class=\"article-picture-caption\">Leevi Sel\u00e4nne pelasi viidennen ottelunsa Haukkojen paidassa. Haukat kaatoi perjantaina Titaanit 6\u20132. Sel\u00e4nne j\u00e4i t\u00e4ll\u00e4 kertaa pisteitt\u00e4. Kuva:\u00a0Jussi Eskola<\/p>\n<p class=\"article-body mb-nof-24 px-nof-16\">Sel\u00e4nne on ehtinyt jo tehd\u00e4 pienen vierasreissunkin poikansa per\u00e4ss\u00e4. Taannoin h\u00e4n oli seuraamassa Forssassa Haukkojen ottelua.<\/p>\n<p class=\"article-body mb-nof-24 px-nof-16\">\u2013 Se oli kunnon road trip!<\/p>\n<p class=\"article-body mb-nof-24 px-nof-16\">Minne tahansa j\u00e4\u00e4halliin NHL:n kaikkien aikojen paras suomalainen pistemies meneek\u00e4\u00e4n, kuhina h\u00e4nen ymp\u00e4rill\u00e4\u00e4n on poikkeuksellista.<\/p>\n<p class=\"article-body mb-nof-24 px-nof-16\">Suomen-visiitin aikana on sattunut my\u00f6s hauskoja tilanteita. Nuoremmalle polvelle Sel\u00e4nne ei v\u00e4ltt\u00e4m\u00e4tt\u00e4 ole en\u00e4\u00e4 tuttu NHL-legendana.<\/p>\n<p class=\"article-body mb-nof-24 px-nof-16\">\u2013 Jotkut nuoremmat kundit ovat tunnistaneet ja sanoneet, ett\u00e4 tuossahan on se automies! Ei paljon oma peliura painanut vaakakupissa, Sel\u00e4nne naurahtaa viitaten h\u00e4nen tv-esiintymisiin Top Gear Suomessa.<\/p>\n<p><img decoding=\"async\" src=\"https:\/\/www.europesays.com\/fi\/wp-content\/uploads\/2025\/12\/1765568169_599_468.jpg\" alt=\"Sel\u00e4nteell\u00e4 on aina aikaa faneille ja junioreille.\" class=\"_Img_1rerz_1\" style=\"aspect-ratio:1.4138438880706923\" loading=\"eager\"\/><\/p>\n<p class=\"article-picture-caption\">Sel\u00e4nteell\u00e4 on aina aikaa faneille ja junioreille. Kuva:\u00a0Jussi Eskola<\/p>\n<p class=\"article-body mb-nof-24 px-nof-16\">Sel\u00e4nne on seurannut ylpe\u00e4n\u00e4 Leevi-poikansa kehittymist\u00e4.<\/p>\n<p class=\"article-body mb-nof-24 px-nof-16\">\u2013 Viime kes\u00e4 oli Leeville ensimm\u00e4inen, kun h\u00e4n treenasi kovaa. Nyt h\u00e4n halusi tulla paremmaksi pelaajaksi ja paiski kovasti hommia.<\/p>\n<p class=\"article-body mb-nof-24 px-nof-16\">\u2013 On kiva n\u00e4hd\u00e4, millaisella intohimolla Leevi suhtautuu pelaamiseen ja harjoitteluun. T\u00e4ytyy nostaa hattua siit\u00e4, koska eih\u00e4n ket\u00e4\u00e4n voi pakottaa treenaamaan. Sen palon pit\u00e4\u00e4 tulla itselt\u00e4, Teemu Sel\u00e4nne sanoo.<\/p>\n<p class=\"article-body mb-nof-24 px-nof-16\">Sel\u00e4nteen kiekkoperheess\u00e4 <a class=\"article-personlink\" href=\"https:\/\/www.is.fi\/haku\/?query=Eetu%20Sel%C3%A4nne\" rel=\"nofollow noopener\" target=\"_blank\">Eetu Sel\u00e4nne<\/a> on ollut luontaisin harjoittelija. Isoveli on inspiroinut my\u00f6s Leevi\u00e4 panostamaan l\u00e4tk\u00e4\u00e4n.<\/p>\n<p class=\"article-body mb-nof-24 px-nof-16\">\u2013 Eetu teki aina kaiken oikein, harjoitteli kovaa ja pelasi niin pitk\u00e4\u00e4n kuin pystyi. Se on nyt tarttunut Leeviinkiin, Teemu Sel\u00e4nne sanoo.<\/p>\n<p><img decoding=\"async\" src=\"https:\/\/www.europesays.com\/fi\/wp-content\/uploads\/2025\/12\/1765568170_780_468.jpg\" alt=\"Leevi Sel\u00e4nne vauhdissa perjantain kotiottelussa.\" class=\"_Img_1rerz_1\" style=\"aspect-ratio:1.2938005390835579\" loading=\"eager\"\/><\/p>\n<p class=\"article-picture-caption\">Leevi Sel\u00e4nne vauhdissa perjantain kotiottelussa. Kuva:\u00a0Jussi Eskola<\/p>\n<p class=\"article-body mb-nof-24 px-nof-16\">Sel\u00e4nne muistuttaa, ettei kiekkolegendan poikana kasvaminen ole aina herkkua.<\/p>\n<p class=\"article-body mb-nof-24 px-nof-16\">\u2013 Se on v\u00e4lill\u00e4 ep\u00e4reiluakin, millaisia odotuksia he joutuvat kohtaamaan. T\u00e4ytyy nostaa hattua niille, joiden pojistakin on tullut NHL-pelaajia. Se ei ole ihan helppo homma.<\/p>\n<p class=\"article-body mb-nof-24 px-nof-16\">\u2013 T\u00e4ytyy my\u00f6s sanoa, ett\u00e4 Kalifornian olosuhteissa ei ole helppoa kasvaa j\u00e4\u00e4kiekkoilijana. Tunnit j\u00e4\u00e4ll\u00e4 ovat niin pieni\u00e4. Kolme kertaa viikossa oli treenit ja kerran j\u00e4\u00e4 piti jakaa kahden jengin kesken. Siin\u00e4 on jo satoja tunteja per\u00e4ss\u00e4 parin vuoden aikana.<\/p>\n<p class=\"article-body mb-nof-24 px-nof-16\">Kiekkolegenda ei ole halunnut koskaan liikaa tuputtaa neuvojaan kiekkoileville pojilleen.<\/p>\n<p class=\"article-body mb-nof-24 px-nof-16\">\u2013 Aika v\u00e4h\u00e4n olen antanut vinkkej\u00e4. V\u00e4lill\u00e4 tietenkin annan palautetta kun katson pelej\u00e4. Katsoin melkein kaikki pelit jo silloin, kun pojat pelasivat Mestiksess\u00e4.<\/p>\n<p class=\"article-body mb-nof-24 px-nof-16\">\u2013 Siit\u00e4 olen iloinen, ett\u00e4 koulunk\u00e4ynti on ollut lapsille t\u00e4rke\u00e4\u00e4. Eetu ja Leevi hoitivat my\u00f6s intin hienosti ja saivat hienoja kokemuksia.<\/p>\n<p class=\"article-body mb-nof-24 px-nof-16\">Sel\u00e4nteen perhe saapui Kaliforniasta Suomeen viikko sitten. Sel\u00e4nteet viett\u00e4v\u00e4t Suomessa joulun ja palaavat sen j\u00e4lkeen takaisin Yhdysvaltoihin.<\/p>\n<p class=\"article-body mb-nof-24 px-nof-16\">\u2013 Pyrimme aina tulemaan jouluksi Suomeen, kun is\u00e4ni ja Sirpan \u00e4iti ovat viel\u00e4 hyv\u00e4ss\u00e4 kunnossa. Sirpan \u00e4iti t\u00e4ytti juuri 90 vuotta. Nyt on ollut v\u00e4h\u00e4n juhlia t\u00e4m\u00e4n reissun aikana.<\/p>\n<p class=\"article-body mb-nof-24 px-nof-16\">\u2013 Suomessa on aina kiva k\u00e4yd\u00e4. T\u00e4n\u00e4\u00e4n tuli jopa aurinko esiin, Sel\u00e4nne naurahtaa.<\/p>\n<p class=\"article-body mb-nof-24 px-nof-16\">\u2013 Kyll\u00e4 t\u00e4m\u00e4 pimeys tuntuu v\u00e4lill\u00e4 ihan hirve\u00e4lt\u00e4, kun on tottunut aurinkoon.<\/p>\n","protected":false},"excerpt":{"rendered":"Teemu Sel\u00e4nne ilmestyi perheens\u00e4 kanssa Suomi-sarjan otteluun. J\u00e4rvenp\u00e4\u00e4 Lue tiivistelm\u00e4 Tiivistelm\u00e4 on teko\u00e4lyn tekem\u00e4 ja ihmisen tarkistama. Kiekkolegenda&hellip;\n","protected":false},"author":2,"featured_media":114757,"comment_status":"","ping_status":"","sticky":false,"template":"","format":"standard","meta":{"footnotes":""},"categories":[136],"tags":[407,137,33,31,30,34,408,32,109],"class_list":{"0":"post-114756","1":"post","2":"type-post","3":"status-publish","4":"format-standard","5":"has-post-thumbnail","7":"category-julkkikset","8":"tag-celebrities","9":"tag-entertainment","10":"tag-fi","11":"tag-finland","12":"tag-finnish","13":"tag-ilta-sanomat","14":"tag-julkkikset","15":"tag-suomi","16":"tag-viihde"},"share_on_mastodon":{"url":"https:\/\/pubeurope.com\/@fi\/115708283215760352","error":""},"_links":{"self":[{"href":"https:\/\/www.europesays.com\/fi\/wp-json\/wp\/v2\/posts\/114756","targetHints":{"allow":["GET"]}}],"collection":[{"href":"https:\/\/www.europesays.com\/fi\/wp-json\/wp\/v2\/posts"}],"about":[{"href":"https:\/\/www.europesays.com\/fi\/wp-json\/wp\/v2\/types\/post"}],"author":[{"embeddable":true,"href":"https:\/\/www.europesays.com\/fi\/wp-json\/wp\/v2\/users\/2"}],"replies":[{"embeddable":true,"href":"https:\/\/www.europesays.com\/fi\/wp-json\/wp\/v2\/comments?post=114756"}],"version-history":[{"count":0,"href":"https:\/\/www.europesays.com\/fi\/wp-json\/wp\/v2\/posts\/114756\/revisions"}],"wp:featuredmedia":[{"embeddable":true,"href":"https:\/\/www.europesays.com\/fi\/wp-json\/wp\/v2\/media\/114757"}],"wp:attachment":[{"href":"https:\/\/www.europesays.com\/fi\/wp-json\/wp\/v2\/media?parent=114756"}],"wp:term":[{"taxonomy":"category","embeddable":true,"href":"https:\/\/www.europesays.com\/fi\/wp-json\/wp\/v2\/categories?post=114756"},{"taxonomy":"post_tag","embeddable":true,"href":"https:\/\/www.europesays.com\/fi\/wp-json\/wp\/v2\/tags?post=114756"}],"curies":[{"name":"wp","href":"https:\/\/api.w.org\/{rel}","templated":true}]}}