{"id":114766,"date":"2025-12-12T19:48:11","date_gmt":"2025-12-12T19:48:11","guid":{"rendered":"https:\/\/www.europesays.com\/fi\/114766\/"},"modified":"2025-12-12T19:48:11","modified_gmt":"2025-12-12T19:48:11","slug":"analyysi-tuoreet-epstein-kuvat-jatkavat-trumpin-painajaista-ulkomaat","status":"publish","type":"post","link":"https:\/\/www.europesays.com\/fi\/114766\/","title":{"rendered":"Analyysi: Tuoreet Epstein-kuvat jatkavat Trumpin painajaista | Ulkomaat"},"content":{"rendered":"<p class=\"aw-1gybjub aw-5vja16 kEtdKx kmuxyA yle__article__paragraph\">Epstein-aineiston poliittinen merkitys paisuu entisest\u00e4\u00e4n ja se voi n\u00e4ky\u00e4 tulevissa v\u00e4livaaleissa, kirjoittaa ulkomaan\u00adtoimittaja Hanna Visala.<\/p>\n<p><img decoding=\"async\" alt=\"Yhdysvaltain kongressin valvontavaliokunnan demokraattien julkaisema kuva Epstein-aineistosta.\" src=\"https:\/\/www.europesays.com\/fi\/wp-content\/uploads\/2025\/12\/39-1569095693c36f9d8302.jpeg\" class=\"aw-1l9m598 hKVVvP\"\/><\/p>\n<p>Avaa kuvien katselu<\/p>\n<p>Yhdysvaltain kongressin valvontavaliokunnan demokraatit julkaisivat 12.12.2025 uusia kuvia, jotka ovat osa Jeffrey Epsteinin tutkinnan aineistoa. Kuva: Yhdysvaltain kongressin valvontavaliokunta<img decoding=\"async\" alt=\"Toimittaja Hanna Visalan kasvokuva.\" src=\"https:\/\/www.europesays.com\/fi\/wp-content\/uploads\/2025\/09\/39-13742906728a05792143.jpeg\" class=\"aw-1l9m598 hKVVvP\"\/><\/p>\n<p class=\"aw-1gybjub aw-1p7kakr kEtdKx cEmitX yle__article__paragraph\"><strong class=\"aw-ak79eh KyCXm yle__article__strong\">WASHINGTON<\/strong> <strong class=\"aw-ak79eh KyCXm yle__article__strong\">Jeffrey Epsteinin<\/strong> laaja ja yh\u00e4 h\u00e4m\u00e4r\u00e4n peitossa oleva verkosto on yksi Yhdysvaltain politiikan yksi kuumimmista kysymyksist\u00e4.<\/p>\n<p class=\"aw-1gybjub aw-1p7kakr kEtdKx cEmitX yle__article__paragraph\">Nyt se nousi uudelleen valtakunnalliseen keskusteluun, kun edustajainhuoneen valvontavaliokunnan demokraatit <a class=\"aw-iao6s4 iHOxEa yle__article__link\" href=\"https:\/\/www.cnn.com\/2025\/12\/12\/politics\/epstein-photos-trump-clinton-bannon\" role=\"link\" rel=\"nofollow noopener\" target=\"_blank\">julkaisivat l\u00e4hes 95 000 kuvaa<\/a> perjantaina Epsteinin kuolinpes\u00e4st\u00e4.<\/p>\n<p class=\"aw-1gybjub aw-1p7kakr kEtdKx cEmitX yle__article__paragraph\">Kuvien sis\u00e4ll\u00f6n juridista painoarvoa ei viel\u00e4 tiedet\u00e4, mutta niiden poliittinen vaikutus on merkitt\u00e4v\u00e4.<\/p>\n<p>Kuvat eiv\u00e4t todista rikoksia, mutta ne todistavat verkoston<\/p>\n<p class=\"aw-1gybjub aw-1p7kakr kEtdKx cEmitX yle__article__paragraph\">Julkaistuissa kuvissa esiintyy <a class=\"aw-iao6s4 iHOxEa yle__article__link\" href=\"https:\/\/www.cnbc.com\/2025\/12\/12\/epstein-files-trump-clinton-gates-photos.html\" role=\"link\" rel=\"nofollow noopener\" target=\"_blank\">lukuisia vaikutusvaltaisia henkil\u00f6it\u00e4<\/a>: presidentti <strong class=\"aw-ak79eh KyCXm yle__article__strong\">Donald Trump<\/strong>, entinen presidentti <strong class=\"aw-ak79eh KyCXm yle__article__strong\">Bill Clinton<\/strong>, Trumpin entinen neuvonantaja <strong class=\"aw-ak79eh KyCXm yle__article__strong\">Steve Bannon<\/strong>, Microsoftin perustaja <strong class=\"aw-ak79eh KyCXm yle__article__strong\">Bill Gates<\/strong>, brittil\u00e4inen liikemies ja miljard\u00f6\u00f6ri <strong class=\"aw-ak79eh KyCXm yle__article__strong\">Richard Branson<\/strong>, Yhdysvaltain entinen valtiovaranministeri <strong class=\"aw-ak79eh KyCXm yle__article__strong\">Larry Summers<\/strong> sek\u00e4 muita poliittisia ja taloudellisia toimijoita.<\/p>\n<p class=\"aw-1gybjub aw-1p7kakr kEtdKx cEmitX yle__article__paragraph\">Nyt julkaistut kuvat eiv\u00e4t itsess\u00e4\u00e4n kerro rikoksista eik\u00e4 niiss\u00e4 <a class=\"aw-iao6s4 iHOxEa yle__article__link\" href=\"https:\/\/www.cnn.com\/2025\/12\/12\/politics\/epstein-photos-trump-clinton-bannon\" role=\"link\" rel=\"nofollow noopener\" target=\"_blank\">mediatietojen mukaan<\/a> n\u00e4ytt\u00e4isi esiintyv\u00e4n alaik\u00e4isi\u00e4.<\/p>\n<p class=\"aw-1gybjub aw-1p7kakr kEtdKx cEmitX yle__article__paragraph\">Ei my\u00f6sk\u00e4\u00e4n ole kerrottu, miss\u00e4 tai milloin ne on otettu. Mutta ne osoittavat ja n\u00e4ytt\u00e4v\u00e4t kiistatta sen, kuinka laajasti Epstein liikkui eliitin sis\u00e4piireiss\u00e4.<\/p>\n<p class=\"aw-1gybjub aw-1p7kakr kEtdKx cEmitX yle__article__paragraph\">T\u00e4m\u00e4 tekee niist\u00e4 my\u00f6s poliittisesti merkitt\u00e4vi\u00e4.<\/p>\n<p>Epstein-kuvat kuumentavat keskustelua<\/p>\n<p class=\"aw-1gybjub aw-1p7kakr kEtdKx cEmitX yle__article__paragraph\">Demokraattien viesti on suora: Valkoinen talo ja erityisesti Donald Trumpin l\u00e4hipiiri pimitt\u00e4v\u00e4t tietoa. Epstein-papereita tutkivassa valiokunnassa demokraatteja johtava <strong class=\"aw-ak79eh KyCXm yle__article__strong\">Robert Garcia<\/strong> <a class=\"aw-iao6s4 iHOxEa yle__article__link\" href=\"https:\/\/www.cnbc.com\/2025\/12\/12\/epstein-files-trump-clinton-gates-photos.html\" role=\"link\" rel=\"nofollow noopener\" target=\"_blank\">vaati oikeusministeri\u00f6t\u00e4<\/a> \u201djulkaisemaan kaikki tiedostot nyt\u201d.<\/p>\n<p class=\"aw-1gybjub aw-1p7kakr kEtdKx cEmitX yle__article__paragraph\">H\u00e4n korosti kuvien her\u00e4tt\u00e4v\u00e4n uusia kysymyksi\u00e4 Epsteinin suhteista vallan huipulle.<\/p>\n<p class=\"aw-1gybjub aw-1p7kakr kEtdKx cEmitX yle__article__paragraph\">Republikaanien mukaan kyse on poliittisesta teatterista.<\/p>\n<p class=\"aw-1gybjub aw-1p7kakr kEtdKx cEmitX yle__article__paragraph\"><a class=\"aw-iao6s4 iHOxEa yle__article__link\" href=\"https:\/\/www.cnn.com\/2025\/12\/12\/politics\/epstein-photos-trump-clinton-bannon\" role=\"link\" rel=\"nofollow noopener\" target=\"_blank\">He syytt\u00e4v\u00e4t<\/a> demokraatteja tarkoitushakuisista kuvien valinnoista, sensuroinnista ja Trumpin mustamaalaamisesta. He korostavat, ettei asiakirjoissa ole mit\u00e4\u00e4n rikollista.<\/p>\n<p class=\"aw-1gybjub aw-1p7kakr kEtdKx cEmitX yle__article__paragraph\">Epstein-materiaali on jo pitk\u00e4\u00e4n ollut poliittisesti kuuma kysymys ja nyt sen merkitys vain paisuu.<\/p>\n<p class=\"aw-1gybjub aw-1p7kakr kEtdKx cEmitX yle__article__paragraph\">Senaatti hyv\u00e4ksyi aiemmin lakiesityksen asiakirjojen julkaisemisesta, ja t\u00e4m\u00e4n pit\u00e4isi tapahtua viimeist\u00e4\u00e4n 19. joulukuuta.<\/p>\n<p class=\"aw-1gybjub aw-1p7kakr kEtdKx cEmitX yle__article__paragraph\">Yhdysvallat valmistautuu v\u00e4livaaleihin, ja Epstein-materiaali on yksi sellainen aihe, jolla voi olla isoja vaikutuksia.<\/p>\n<p class=\"aw-1gybjub aw-1p7kakr kEtdKx cEmitX yle__article__paragraph\">Ainakin se kiinnostaa kansalaisia ja saa suurta mediahuomiota. Siin\u00e4 yhdistyv\u00e4t skandaali, poliittinen johto ja salaiset tiedot.<\/p>\n<p class=\"aw-1gybjub aw-1p7kakr kEtdKx cEmitX yle__article__paragraph\">Epstein-suhteensa vuoksi monet julkisuuden henkil\u00f6t ovat jo aiemmin k\u00e4rsineet ammatillisista tai maineeseen liittyvi\u00e4 seurauksista, kuten Bill Gates ja prinssi <strong class=\"aw-ak79eh KyCXm yle__article__strong\">Andrew<\/strong>.<\/p>\n<p class=\"aw-1gybjub aw-1p7kakr kEtdKx cEmitX yle__article__paragraph\">Vaikka ket\u00e4\u00e4n heist\u00e4 ei ole syytetty rikoksista, yhteydet Epsteiniin ovat olleet tuhoisia. Bill Gates on <a class=\"aw-iao6s4 iHOxEa yle__article__link\" href=\"https:\/\/www.politico.com\/news\/2025\/12\/12\/bill-gates-appears-in-newly-released-photos-from-epstein-estate-00688695\" role=\"link\" rel=\"nofollow noopener\" target=\"_blank\">julkisesti katunut<\/a> tapaamisiaan Epsteinin kanssa ja prinssi <a class=\"aw-iao6s4 iHOxEa yle__article__link\" href=\"https:\/\/www.cnn.com\/2025\/10\/17\/uk\/prince-andrew-gives-up-royal-titles-latam-intl\" role=\"link\" rel=\"nofollow noopener\" target=\"_blank\">Andrew menetti <\/a>kuninkaallisen arvonimens\u00e4.<\/p>\n<p class=\"aw-1gybjub aw-1p7kakr kEtdKx cEmitX yle__article__paragraph\">Uudet kuvat vahvistavat entisest\u00e4\u00e4n sit\u00e4, kuinka laajasti Epstein liikkui vallan huipulla ja kuinka moni vaikutusvaltainen ihminen oli mukana h\u00e4nen sosiaalisessa piiriss\u00e4\u00e4n.<\/p>\n<p>Onko kuvia tulossa lis\u00e4\u00e4? Kyll\u00e4.<\/p>\n<p class=\"aw-1gybjub aw-1p7kakr kEtdKx cEmitX yle__article__paragraph\">Edustajainhuoneen demokraattien <a class=\"aw-iao6s4 iHOxEa yle__article__link\" href=\"https:\/\/www.cnn.com\/2025\/12\/12\/politics\/epstein-photos-trump-clinton-bannon\" role=\"link\" rel=\"nofollow noopener\" target=\"_blank\">Garcia <\/a>sanoo, ettei kaikkia kuvia ole viel\u00e4 julkaistu. H\u00e4nen mukaansa osa julkaisemattomista kuvista on \u201duskomattoman h\u00e4iritsevi\u00e4\u201d. Valokuvakokoelma on valtava ja sen l\u00e4pik\u00e4ynti jatkuu.<\/p>\n<p class=\"aw-1gybjub aw-1p7kakr kEtdKx cEmitX yle__article__paragraph\">T\u00e4m\u00e4 tarkoittaa siis sit\u00e4, ett\u00e4 jokainen uusi kuva voi olla uutispommi.<\/p>\n","protected":false},"excerpt":{"rendered":"Epstein-aineiston poliittinen merkitys paisuu entisest\u00e4\u00e4n ja se voi n\u00e4ky\u00e4 tulevissa v\u00e4livaaleissa, kirjoittaa ulkomaan\u00adtoimittaja Hanna Visala. Avaa kuvien katselu&hellip;\n","protected":false},"author":2,"featured_media":114767,"comment_status":"","ping_status":"","sticky":false,"template":"","format":"standard","meta":{"footnotes":""},"categories":[14],"tags":[22,23,585,26,27,33,31,30,17,11121,24,25,28,29,15,18,21,32,19,20,56,16,59,60,61,619,1867],"class_list":{"0":"post-114766","1":"post","2":"type-post","3":"status-publish","4":"format-standard","5":"has-post-thumbnail","7":"category-ulkomaat","8":"tag-breaking-news","9":"tag-breakingnews","10":"tag-donald-trump","11":"tag-featured-news","12":"tag-featurednews","13":"tag-fi","14":"tag-finland","15":"tag-finnish","16":"tag-headlines","17":"tag-jeffrey-epstein","18":"tag-latest-news","19":"tag-latestnews","20":"tag-main-news","21":"tag-mainnews","22":"tag-news","23":"tag-otsikot","24":"tag-paauutiset","25":"tag-suomi","26":"tag-top-stories","27":"tag-topstories","28":"tag-ulkomaat","29":"tag-uutiset","30":"tag-world","31":"tag-world-news","32":"tag-worldnews","33":"tag-yhdysvallat","34":"tag-yhdysvaltojen-politiikka"},"share_on_mastodon":{"url":"https:\/\/pubeurope.com\/@fi\/115708330406007295","error":""},"_links":{"self":[{"href":"https:\/\/www.europesays.com\/fi\/wp-json\/wp\/v2\/posts\/114766","targetHints":{"allow":["GET"]}}],"collection":[{"href":"https:\/\/www.europesays.com\/fi\/wp-json\/wp\/v2\/posts"}],"about":[{"href":"https:\/\/www.europesays.com\/fi\/wp-json\/wp\/v2\/types\/post"}],"author":[{"embeddable":true,"href":"https:\/\/www.europesays.com\/fi\/wp-json\/wp\/v2\/users\/2"}],"replies":[{"embeddable":true,"href":"https:\/\/www.europesays.com\/fi\/wp-json\/wp\/v2\/comments?post=114766"}],"version-history":[{"count":0,"href":"https:\/\/www.europesays.com\/fi\/wp-json\/wp\/v2\/posts\/114766\/revisions"}],"wp:featuredmedia":[{"embeddable":true,"href":"https:\/\/www.europesays.com\/fi\/wp-json\/wp\/v2\/media\/114767"}],"wp:attachment":[{"href":"https:\/\/www.europesays.com\/fi\/wp-json\/wp\/v2\/media?parent=114766"}],"wp:term":[{"taxonomy":"category","embeddable":true,"href":"https:\/\/www.europesays.com\/fi\/wp-json\/wp\/v2\/categories?post=114766"},{"taxonomy":"post_tag","embeddable":true,"href":"https:\/\/www.europesays.com\/fi\/wp-json\/wp\/v2\/tags?post=114766"}],"curies":[{"name":"wp","href":"https:\/\/api.w.org\/{rel}","templated":true}]}}