{"id":114789,"date":"2025-12-12T20:28:07","date_gmt":"2025-12-12T20:28:07","guid":{"rendered":"https:\/\/www.europesays.com\/fi\/114789\/"},"modified":"2025-12-12T20:28:07","modified_gmt":"2025-12-12T20:28:07","slug":"vappu-pimia-okylennolla-matkakohde-ei-yllata","status":"publish","type":"post","link":"https:\/\/www.europesays.com\/fi\/114789\/","title":{"rendered":"Vappu Pimi\u00e4 \u00f6kylennolla \u2013 matkakohde ei yll\u00e4t\u00e4"},"content":{"rendered":"<p>Juontaja <strong>Vappu Pimi\u00e4<\/strong> on ahkera nainen tekem\u00e4\u00e4n t\u00f6it\u00e4. H\u00e4n k\u00e4y my\u00f6s ahkerasti kuntoilemassa, joka selvi\u00e4\u00e4 h\u00e4nen somejulkaisuistaan. Eilinen aamu alkoi h\u00e4nell\u00e4 ik\u00e4v\u00e4sti, kun alhainen verenpaine aiheutti huimausta.<\/p>\n<p>Lue my\u00f6s: <a href=\"https:\/\/www.como.fi\/uutiset\/vappu-pimia-mittasi-paineet-joutui-karkkiostoksille\/\" title=\"Vappu Pimi\u00e4 mittasi paineet \u2013 joutui karkkiostoksille\" class=\"underline-custom !font-montserrat !font-bold !underline-offset-4 !decoration-4 !decoration-red-600 !text-md\" rel=\"nofollow noopener\" target=\"_blank\">Vappu Pimi\u00e4 mittasi paineet \u2013 joutui karkkiostoksille<\/a><\/p>\n<p>Nyt Vapun p\u00e4iv\u00e4 on sujunut hyviss\u00e4 merkeiss\u00e4. H\u00e4n l\u00e4hti matkalle perheens\u00e4 kanssa ja kohteena on Kalifornia.<\/p>\n<p>\u2013 On ollut suhteellisen tiukka syksy ty\u00f6mieless\u00e4, nyt hetkeksi Kalifornian auringon alle, kirjoittaa Vappu.<\/p>\n<p>Vappu istuu julkaisunsa kuvassa lentokoneen \u00f6kypuolella. H\u00e4nen sometarinoissaan n\u00e4hd\u00e4\u00e4n, kuinka koko perhe lapsineen siirtyy lentokoneeseen. Sielt\u00e4 l\u00f6ytyy videon mukaan jokaiselle perheenj\u00e4senelle isot tilat lennon ajaksi.<\/p>\n<p>\u2013 Ihanaa ja Rentoa lomaa teille kaikille, toivottaa joku.<\/p>\n<p>Lue my\u00f6s: <a href=\"https:\/\/www.como.fi\/uutiset\/vappu-pimia-uutuusdokumentissa-esittelee-ttkn-kulissit\/\" title=\"Vappu Pimi\u00e4 uutuusdokumentissa \u2013 esittelee TTK:n kulissit\" class=\"underline-custom !font-montserrat !font-bold !underline-offset-4 !decoration-4 !decoration-red-600 !text-md\" rel=\"nofollow noopener\" target=\"_blank\">Vappu Pimi\u00e4 uutuusdokumentissa \u2013 esittelee TTK:n kulissit<\/a><\/p>\n<p>\u2013 Ihanaa lomaa ja joulua! kirjoittaa er\u00e4s.<\/p>\n<p>Pimi\u00e4n perhe on viett\u00e4nyt useina vuosina joulua Kaliforniassa, joten kohde ei yll\u00e4tt\u00e4nyt. Sen mukaan voisi kuvitella, ett\u00e4 he viihtyv\u00e4t siell\u00e4 t\u00e4ll\u00e4kin kerralla joulun yli.<\/p>\n<p>N\u00e4et Vapun julkaisun my\u00f6s <a href=\"https:\/\/www.instagram.com\/p\/DSK_9bygtM9\/?utm_source=ig_web_copy_link&amp;igsh=MzRlODBiNWFlZA==\" target=\"_blank\" rel=\"noreferrer noopener nofollow\">t\u00e4\u00e4lt\u00e4<\/a>.<\/p>\n<p>Lue my\u00f6s: <a href=\"https:\/\/www.como.fi\/tilaa-comon-uutiskirje\/\" title=\"Tilaa Comon uutiskirje ja tied\u00e4t mist\u00e4 kahvitauolla puhutaan! Nappaa kotimaan tv-vinkit ja puheenaiheet suoraan s\u00e4hk\u00f6postiin t\u00e4st\u00e4.\" class=\"underline-custom !font-montserrat !font-bold !underline-offset-4 !decoration-4 !decoration-red-600 !text-md\" rel=\"nofollow noopener\" target=\"_blank\">Tilaa Comon uutiskirje ja tied\u00e4t mist\u00e4 kahvitauolla puhutaan! Nappaa kotimaan tv-vinkit ja puheenaiheet suoraan s\u00e4hk\u00f6postiin t\u00e4st\u00e4.<\/a><\/p>\n<p>\t\t\t<script async src=\"\/\/www.instagram.com\/embed.js\"><\/script><\/p>\n","protected":false},"excerpt":{"rendered":"Juontaja Vappu Pimi\u00e4 on ahkera nainen tekem\u00e4\u00e4n t\u00f6it\u00e4. H\u00e4n k\u00e4y my\u00f6s ahkerasti kuntoilemassa, joka selvi\u00e4\u00e4 h\u00e4nen somejulkaisuistaan. Eilinen&hellip;\n","protected":false},"author":2,"featured_media":114790,"comment_status":"","ping_status":"","sticky":false,"template":"","format":"standard","meta":{"footnotes":""},"categories":[136],"tags":[407,137,33,31,30,408,32,7258,109],"class_list":{"0":"post-114789","1":"post","2":"type-post","3":"status-publish","4":"format-standard","5":"has-post-thumbnail","7":"category-julkkikset","8":"tag-celebrities","9":"tag-entertainment","10":"tag-fi","11":"tag-finland","12":"tag-finnish","13":"tag-julkkikset","14":"tag-suomi","15":"tag-vappu-pimiu00e4","16":"tag-viihde"},"share_on_mastodon":{"url":"https:\/\/pubeurope.com\/@fi\/115708487578906542","error":""},"_links":{"self":[{"href":"https:\/\/www.europesays.com\/fi\/wp-json\/wp\/v2\/posts\/114789","targetHints":{"allow":["GET"]}}],"collection":[{"href":"https:\/\/www.europesays.com\/fi\/wp-json\/wp\/v2\/posts"}],"about":[{"href":"https:\/\/www.europesays.com\/fi\/wp-json\/wp\/v2\/types\/post"}],"author":[{"embeddable":true,"href":"https:\/\/www.europesays.com\/fi\/wp-json\/wp\/v2\/users\/2"}],"replies":[{"embeddable":true,"href":"https:\/\/www.europesays.com\/fi\/wp-json\/wp\/v2\/comments?post=114789"}],"version-history":[{"count":0,"href":"https:\/\/www.europesays.com\/fi\/wp-json\/wp\/v2\/posts\/114789\/revisions"}],"wp:featuredmedia":[{"embeddable":true,"href":"https:\/\/www.europesays.com\/fi\/wp-json\/wp\/v2\/media\/114790"}],"wp:attachment":[{"href":"https:\/\/www.europesays.com\/fi\/wp-json\/wp\/v2\/media?parent=114789"}],"wp:term":[{"taxonomy":"category","embeddable":true,"href":"https:\/\/www.europesays.com\/fi\/wp-json\/wp\/v2\/categories?post=114789"},{"taxonomy":"post_tag","embeddable":true,"href":"https:\/\/www.europesays.com\/fi\/wp-json\/wp\/v2\/tags?post=114789"}],"curies":[{"name":"wp","href":"https:\/\/api.w.org\/{rel}","templated":true}]}}