{"id":114796,"date":"2025-12-12T20:36:10","date_gmt":"2025-12-12T20:36:10","guid":{"rendered":"https:\/\/www.europesays.com\/fi\/114796\/"},"modified":"2025-12-12T20:36:10","modified_gmt":"2025-12-12T20:36:10","slug":"kuningas-charlesin-syopahoitoihin-muutos","status":"publish","type":"post","link":"https:\/\/www.europesays.com\/fi\/114796\/","title":{"rendered":"Kuningas Charlesin sy\u00f6p\u00e4hoitoihin muutos"},"content":{"rendered":"<p>Kuningas Charles kertoi perjantai-iltana hyvi\u00e4 uutisia terveydentilastaan.<\/p>\n<p><img decoding=\"async\" class=\"image image-show image-preview\" src=\"https:\/\/www.europesays.com\/fi\/wp-content\/uploads\/2025\/12\/1cdcbaa08856f28ff0b35008cd0832b9c90934b0bf5c04cda9066d2960e33fca.jpg\" alt=\"\"\/><img decoding=\"async\" class=\"image image-show\" src=\"https:\/\/www.europesays.com\/fi\/wp-content\/uploads\/2025\/12\/1765571770_907_1cdcbaa08856f28ff0b35008cd0832b9c90934b0bf5c04cda9066d2960e33fca.jpg\" alt=\"\"\/><\/p>\n<p>Kuningas Charlesin sy\u00f6p\u00e4hoitoja v\u00e4hennet\u00e4\u00e4n. AOP<\/p>\n<p class=\"paragraph\">Kuningas <a href=\"https:\/\/www.iltalehti.fi\/henkilot\/Walesin prinssi Charles\" class=\"article-link-person-page\" rel=\"nofollow noopener\" target=\"_blank\">Charles<\/a> kertoo, ett\u00e4 h\u00e4nen sy\u00f6p\u00e4hoitokertojaan v\u00e4hennet\u00e4\u00e4n, uutisoivat muun muassa <a href=\"https:\/\/www.bbc.com\/news\/articles\/c14vvv8pnpmo\" target=\"_blank\" rel=\"noopener nofollow\">BBC<\/a> ja <a href=\"https:\/\/www.mirror.co.uk\/news\/royals\/breaking-king-charles-gives-major-36393963\" target=\"_blank\" rel=\"noopener nofollow\">Mirror<\/a>.<\/p>\n<p class=\"paragraph\">Charles sai sy\u00f6p\u00e4diagnoosin vuoden 2024 alussa. Siit\u00e4 asti h\u00e4n on saanut hoitoa sairauteensa viikoittain.<\/p>\n<p class=\"paragraph\">Vuoden 2026 alusta l\u00e4htien hoitokertojen m\u00e4\u00e4r\u00e4 pienenee merkitt\u00e4v\u00e4sti. BBC:n mukaan kuninkaan ei kuitenkaan kerrota olevan remissiossa tai parantunut sy\u00f6v\u00e4st\u00e4.<\/p>\n<p class=\"paragraph\">Charles puhui sy\u00f6p\u00e4hoidoistaan Channel 4 -televisiokanavalla esitetyss\u00e4 Stand Up To Cancer -ohjelmassa perjantai-iltana. Aiemmin kerrottiin, ett\u00e4 Charlesin puheenvuoro nauhoitettiin marraskuussa Clarence Housen residenssiss\u00e4.<\/p>\n<p class=\"paragraph\">\u2013 T\u00e4n\u00e4\u00e4n saan jakaa teille hyv\u00e4n uutisen, ett\u00e4 varhaisen diagnoosin, tehokkaan hoidon ja \u201dl\u00e4\u00e4k\u00e4rin m\u00e4\u00e4r\u00e4ysten\u201d noudattamisen ansiosta omaa sy\u00f6p\u00e4hoitoaikatauluani voidaan niukentaa uutena vuotena. T\u00e4m\u00e4 virstanpylv\u00e4s on sek\u00e4 henkil\u00f6kohtainen siunaus ett\u00e4 todistus sy\u00f6p\u00e4hoidon merkitt\u00e4vist\u00e4 edistysaskelista viime vuosina: todistus, jonka toivon kannustavan sit\u00e4 50 prosenttia meist\u00e4, joilla t\u00e4m\u00e4 sairaus diagnosoidaan el\u00e4m\u00e4n aikana, Charles sanoi puheessaan Mirrorin mukaan.<\/p>\n<p class=\"paragraph\">\u2013 L\u00e4pi oman sy\u00f6p\u00e4matkani olen ollut syv\u00e4sti liikuttunut jokaista sy\u00f6p\u00e4potilasta ymp\u00e4r\u00f6iv\u00e4st\u00e4 \u201dhoivan yhteis\u00f6st\u00e4\u201d \u2013 asiantuntijoista, hoitajista, tutkijoista ja vapaaehtoisesti, jotka uupumatta ty\u00f6skentelev\u00e4t pelastaakseen ja kehitt\u00e4\u00e4kseen ihmishenki\u00e4, kuningas sanoi.<\/p>\n<p class=\"paragraph\">Charles ilmaisi huolensa siit\u00e4, etteiv\u00e4t maan kansalaiset ole riitt\u00e4v\u00e4n tietoisia maan sy\u00f6p\u00e4seulonnoista tai uskalla k\u00e4yd\u00e4 tutkimuksissa. Kuningas muistuttaa varhaisen puuttumisen olevan erityisen t\u00e4rke\u00e4\u00e4 sy\u00f6v\u00e4n hoidossa.<\/p>\n<p class=\"paragraph\">\u2013 Tied\u00e4n omasta kokemuksestani, ett\u00e4 sy\u00f6p\u00e4diagnoosi voi tuntua ylivoimaiselta. Tied\u00e4n kuitenkin my\u00f6s, ett\u00e4 varhainen havainnointi on avain, joka voi muuttaa toipumismatkoja ja antaa mittaamattoman arvokasta aikaa hoitotiimeille ja heid\u00e4n potilailleen, toivon arvokkaan lahjan.<\/p>\n<p class=\"paragraph\">Voit katsoa BBC:n julkaiseman videon <a href=\"https:\/\/www.bbc.com\/news\/articles\/c36zzzgdwkko\" target=\"_blank\" rel=\"noopener nofollow\">t\u00e4st\u00e4 linkist\u00e4<\/a>.<\/p>\n<p>Palatsi kommentoi<\/p>\n<p>Kuningas Charles on saanut sy\u00f6p\u00e4hoitoja pian kahden vuoden ajan. AOP<\/p>\n<p class=\"paragraph\">Buckinghamin palatsi on perjantai-iltana kommentoinut tarkemmin Charlesin terveydentilaa.<\/p>\n<p class=\"paragraph\">\u2013 H\u00e4nen majesteettinsa on vastannut poikkeuksellisen hyvin hoitoihin, ja h\u00e4nen l\u00e4\u00e4k\u00e4rins\u00e4 ohjeistavat, ett\u00e4 k\u00e4ynniss\u00e4 olevat jatkotoimet siirtyv\u00e4t nyt varotoimivaiheeseen. T\u00e4t\u00e4 tilaa tarkkaillaan ja arvioidaan jatkuvasti suojellakseen ja priorisoidakseen h\u00e4nen jatkuvaa toipumistaan, palatsin tiedottaja sanoi Mirrorin mukaan.<\/p>\n<p class=\"paragraph\">Tiedottajan mukaan Charlesille on tuonut lohtua se, ett\u00e4 h\u00e4n on saanut jatkaa t\u00e4ytt\u00e4 ja aktiivista el\u00e4m\u00e4\u00e4 hoitojensa aikana. Kuningas on kuitenkin aina noudattanut hoitohenkil\u00f6kuntansa ohjeita.<\/p>\n<p class=\"paragraph\">\u2013 H\u00e4nen kykyns\u00e4 hoitaa kaikkia valtiollisia teht\u00e4vi\u00e4\u00e4n ja jatkaa julkisia edustuksiaan ja ulkomaan kiertueitaan on auttanut merkitt\u00e4v\u00e4sti positiivisen mielentilan yll\u00e4pit\u00e4misess\u00e4, mik\u00e4 on elint\u00e4rke\u00e4 osa toipumista.<\/p>\n<p class=\"paragraph\">Kuningas Charlesin sy\u00f6v\u00e4n laatua ei ole kerrottu julkisuuteen.<\/p>\n","protected":false},"excerpt":{"rendered":"Kuningas Charles kertoi perjantai-iltana hyvi\u00e4 uutisia terveydentilastaan. Kuningas Charlesin sy\u00f6p\u00e4hoitoja v\u00e4hennet\u00e4\u00e4n. AOP Kuningas Charles kertoo, ett\u00e4 h\u00e4nen sy\u00f6p\u00e4hoitokertojaan&hellip;\n","protected":false},"author":2,"featured_media":114797,"comment_status":"","ping_status":"","sticky":false,"template":"","format":"standard","meta":{"footnotes":""},"categories":[130],"tags":[35,137,33,31,30,501,2461,764,32,765,502,167,109],"class_list":{"0":"post-114796","1":"post","2":"type-post","3":"status-publish","4":"format-standard","5":"has-post-thumbnail","7":"category-viihde","8":"tag-24h","9":"tag-entertainment","10":"tag-fi","11":"tag-finland","12":"tag-finnish","13":"tag-laakaripalvelut","14":"tag-sairaalat-ja-terveyskeskukset","15":"tag-sairaudet","16":"tag-suomi","17":"tag-taudit-ja-hairiot","18":"tag-terveydenhoito","19":"tag-terveys","20":"tag-viihde"},"share_on_mastodon":{"url":"https:\/\/pubeurope.com\/@fi\/115708519357177885","error":""},"_links":{"self":[{"href":"https:\/\/www.europesays.com\/fi\/wp-json\/wp\/v2\/posts\/114796","targetHints":{"allow":["GET"]}}],"collection":[{"href":"https:\/\/www.europesays.com\/fi\/wp-json\/wp\/v2\/posts"}],"about":[{"href":"https:\/\/www.europesays.com\/fi\/wp-json\/wp\/v2\/types\/post"}],"author":[{"embeddable":true,"href":"https:\/\/www.europesays.com\/fi\/wp-json\/wp\/v2\/users\/2"}],"replies":[{"embeddable":true,"href":"https:\/\/www.europesays.com\/fi\/wp-json\/wp\/v2\/comments?post=114796"}],"version-history":[{"count":0,"href":"https:\/\/www.europesays.com\/fi\/wp-json\/wp\/v2\/posts\/114796\/revisions"}],"wp:featuredmedia":[{"embeddable":true,"href":"https:\/\/www.europesays.com\/fi\/wp-json\/wp\/v2\/media\/114797"}],"wp:attachment":[{"href":"https:\/\/www.europesays.com\/fi\/wp-json\/wp\/v2\/media?parent=114796"}],"wp:term":[{"taxonomy":"category","embeddable":true,"href":"https:\/\/www.europesays.com\/fi\/wp-json\/wp\/v2\/categories?post=114796"},{"taxonomy":"post_tag","embeddable":true,"href":"https:\/\/www.europesays.com\/fi\/wp-json\/wp\/v2\/tags?post=114796"}],"curies":[{"name":"wp","href":"https:\/\/api.w.org\/{rel}","templated":true}]}}