{"id":114800,"date":"2025-12-12T20:40:07","date_gmt":"2025-12-12T20:40:07","guid":{"rendered":"https:\/\/www.europesays.com\/fi\/114800\/"},"modified":"2025-12-12T20:40:07","modified_gmt":"2025-12-12T20:40:07","slug":"trump-varoittaa-maailmansodasta-kaikki-pelaavat-pelejaan","status":"publish","type":"post","link":"https:\/\/www.europesays.com\/fi\/114800\/","title":{"rendered":"Trump varoittaa maailmansodasta: &#8221;Kaikki pelaavat pelej\u00e4\u00e4n&#8221;"},"content":{"rendered":"<p>\n\tSanteri Lampi\t12.12.2025 21:35, muokattu<br \/>\n\t12.12.2025 13:23\n<\/p>\n<p>\t\t\t\t\t\t\t\t\tUkrainan sota<\/p>\n<p>Yhdysvaltain presidentti <strong>Donald Trump<\/strong> varoittaa, ett\u00e4 Ukrainan sota saattaa leimahtaa maailmansodaksi. <\/p>\n<p>\u2013\u00a0T\u00e4llaisista tilanteista syntyy kolmansia maailmansotia, Trump sanoi torstaina Newsweek-lehden mukaan. <\/p>\n<p>Trumpin mukaan ongelmana on se, ett\u00e4 \u201dkaikki jatkavat pelien pelaamista\u201d. Presidentti painotti, ettei halua n\u00e4hd\u00e4 n\u00e4in vaarallisen skenaarion toteutuvan.<\/p>\n<p>Presidentin mukaan Yhdysvallat \u201dty\u00f6skentelee eritt\u00e4in kovasti\u201d, jotta Ven\u00e4j\u00e4 ja Ukraina allekirjoittaisivat rauhansopimuksen. Trump sanoo, ett\u00e4 ongelmana on t\u00e4ll\u00e4 hetkell\u00e4 se, etteiv\u00e4t luonnokset ole kelvanneet Ukrainan presidentti <strong>Volodymyr Zelenskyille<\/strong>.<\/p>\n<p>Zelenskyi on toistuvasti kertonut, ettei Ukraina voi sopia rauhasta, jossa se luovuttaisi maa-alueita Ven\u00e4j\u00e4n hallintaan.<\/p>\n<p>Euroopan johtajia on m\u00e4\u00e4r\u00e4 kokoontua lauantaina Pariisiin keskustelemaan Ukrainan tilanteesta.<\/p>\n<p>Axiosin \u00a0mukaan lauantain tapaamiseen on osallistumassa edustajia ainakin Ukrainasta, Ranskasta, Saksasta ja Britanniasta. Valkoisen talon lehdist\u00f6sihteeri\u00a0<strong>Karoline Leavittin<\/strong> mukaan on viel\u00e4 ep\u00e4varmaa, l\u00e4hett\u00e4\u00e4k\u00f6 Yhdysvallat edustajaa neuvotteluihin.<\/p>\n<p>Leavittin mukaan presidentti Trump\u00a0on \u00e4\u00e4rimm\u00e4isen turhautunut sek\u00e4 Ven\u00e4j\u00e4\u00e4n ett\u00e4 Ukrainaan.<\/p>\n","protected":false},"excerpt":{"rendered":"Santeri Lampi 12.12.2025 21:35, muokattu 12.12.2025 13:23 Ukrainan sota Yhdysvaltain presidentti Donald Trump varoittaa, ett\u00e4 Ukrainan sota saattaa&hellip;\n","protected":false},"author":2,"featured_media":114801,"comment_status":"","ping_status":"","sticky":false,"template":"","format":"standard","meta":{"footnotes":""},"categories":[14],"tags":[22,23,26,27,33,31,30,17,24,25,28,29,15,18,21,32,19,20,56,16,59,60,61],"class_list":{"0":"post-114800","1":"post","2":"type-post","3":"status-publish","4":"format-standard","5":"has-post-thumbnail","7":"category-ulkomaat","8":"tag-breaking-news","9":"tag-breakingnews","10":"tag-featured-news","11":"tag-featurednews","12":"tag-fi","13":"tag-finland","14":"tag-finnish","15":"tag-headlines","16":"tag-latest-news","17":"tag-latestnews","18":"tag-main-news","19":"tag-mainnews","20":"tag-news","21":"tag-otsikot","22":"tag-paauutiset","23":"tag-suomi","24":"tag-top-stories","25":"tag-topstories","26":"tag-ulkomaat","27":"tag-uutiset","28":"tag-world","29":"tag-world-news","30":"tag-worldnews"},"share_on_mastodon":{"url":"","error":""},"_links":{"self":[{"href":"https:\/\/www.europesays.com\/fi\/wp-json\/wp\/v2\/posts\/114800","targetHints":{"allow":["GET"]}}],"collection":[{"href":"https:\/\/www.europesays.com\/fi\/wp-json\/wp\/v2\/posts"}],"about":[{"href":"https:\/\/www.europesays.com\/fi\/wp-json\/wp\/v2\/types\/post"}],"author":[{"embeddable":true,"href":"https:\/\/www.europesays.com\/fi\/wp-json\/wp\/v2\/users\/2"}],"replies":[{"embeddable":true,"href":"https:\/\/www.europesays.com\/fi\/wp-json\/wp\/v2\/comments?post=114800"}],"version-history":[{"count":0,"href":"https:\/\/www.europesays.com\/fi\/wp-json\/wp\/v2\/posts\/114800\/revisions"}],"wp:featuredmedia":[{"embeddable":true,"href":"https:\/\/www.europesays.com\/fi\/wp-json\/wp\/v2\/media\/114801"}],"wp:attachment":[{"href":"https:\/\/www.europesays.com\/fi\/wp-json\/wp\/v2\/media?parent=114800"}],"wp:term":[{"taxonomy":"category","embeddable":true,"href":"https:\/\/www.europesays.com\/fi\/wp-json\/wp\/v2\/categories?post=114800"},{"taxonomy":"post_tag","embeddable":true,"href":"https:\/\/www.europesays.com\/fi\/wp-json\/wp\/v2\/tags?post=114800"}],"curies":[{"name":"wp","href":"https:\/\/api.w.org\/{rel}","templated":true}]}}