{"id":114806,"date":"2025-12-12T20:46:08","date_gmt":"2025-12-12T20:46:08","guid":{"rendered":"https:\/\/www.europesays.com\/fi\/114806\/"},"modified":"2025-12-12T20:46:08","modified_gmt":"2025-12-12T20:46:08","slug":"nasa-menettanyt-yhteyden-luotaimeensa-marsissa","status":"publish","type":"post","link":"https:\/\/www.europesays.com\/fi\/114806\/","title":{"rendered":"Nasa menett\u00e4nyt yhteyden luotaimeensa Marsissa"},"content":{"rendered":"<p><strong class=\"typography-bold\">Nasa kertoo menett\u00e4neens\u00e4 yhteyden Marsia kiert\u00e4v\u00e4\u00e4n luotaimeensa.<\/strong><\/p>\n<p><a class=\"underline\" data-testid=\"external-link\" href=\"https:\/\/science.nasa.gov\/blogs\/maven\/2025\/12\/09\/nasa-teams-work-maven-spacecraft-signal-loss\/\" rel=\"noopener noreferrer nofollow\" target=\"_blank\" data-sentry-component=\"ExternalLink\" data-sentry-source-file=\"ExternalLink.tsx\">Nasa<\/a> kertoo menett\u00e4neens\u00e4 yhteyden MAVEN-Mars-luotaimeensa viime lauantaina. Ennen yhteyden menett\u00e4mist\u00e4 MAVENilta saadut tiedot osoittivat kaikkien j\u00e4rjestelmien toimivan normaalisti.\u00a0<\/p>\n<p>T\u00e4m\u00e4n j\u00e4lkeen luotain kiersi Maasta katsottuna Marsin toiselle puolelle. Kun luotain tuli j\u00e4lleen esiin Marsin takaa silt\u00e4 ei saatu en\u00e4\u00e4 signaalia.<\/p>\n<p>Nasa kertoo ty\u00f6ntekij\u00f6idens\u00e4 tutkivan ja pyrkiv\u00e4n ratkomaan &#8221;anomaliaa&#8221;, joka on aiheuttanut yhteyden menetyksen.\u00a0<\/p>\n","protected":false},"excerpt":{"rendered":"Nasa kertoo menett\u00e4neens\u00e4 yhteyden Marsia kiert\u00e4v\u00e4\u00e4n luotaimeensa. Nasa kertoo menett\u00e4neens\u00e4 yhteyden MAVEN-Mars-luotaimeensa viime lauantaina. Ennen yhteyden menett\u00e4mist\u00e4 MAVENilta&hellip;\n","protected":false},"author":2,"featured_media":114807,"comment_status":"","ping_status":"","sticky":false,"template":"","format":"standard","meta":{"footnotes":""},"categories":[114],"tags":[453,33,31,30,118,452,32,119],"class_list":{"0":"post-114806","1":"post","2":"type-post","3":"status-publish","4":"format-standard","5":"has-post-thumbnail","7":"category-avaruus","8":"tag-avaruus","9":"tag-fi","10":"tag-finland","11":"tag-finnish","12":"tag-science","13":"tag-space","14":"tag-suomi","15":"tag-tiede"},"share_on_mastodon":{"url":"https:\/\/pubeurope.com\/@fi\/115708558457691295","error":""},"_links":{"self":[{"href":"https:\/\/www.europesays.com\/fi\/wp-json\/wp\/v2\/posts\/114806","targetHints":{"allow":["GET"]}}],"collection":[{"href":"https:\/\/www.europesays.com\/fi\/wp-json\/wp\/v2\/posts"}],"about":[{"href":"https:\/\/www.europesays.com\/fi\/wp-json\/wp\/v2\/types\/post"}],"author":[{"embeddable":true,"href":"https:\/\/www.europesays.com\/fi\/wp-json\/wp\/v2\/users\/2"}],"replies":[{"embeddable":true,"href":"https:\/\/www.europesays.com\/fi\/wp-json\/wp\/v2\/comments?post=114806"}],"version-history":[{"count":0,"href":"https:\/\/www.europesays.com\/fi\/wp-json\/wp\/v2\/posts\/114806\/revisions"}],"wp:featuredmedia":[{"embeddable":true,"href":"https:\/\/www.europesays.com\/fi\/wp-json\/wp\/v2\/media\/114807"}],"wp:attachment":[{"href":"https:\/\/www.europesays.com\/fi\/wp-json\/wp\/v2\/media?parent=114806"}],"wp:term":[{"taxonomy":"category","embeddable":true,"href":"https:\/\/www.europesays.com\/fi\/wp-json\/wp\/v2\/categories?post=114806"},{"taxonomy":"post_tag","embeddable":true,"href":"https:\/\/www.europesays.com\/fi\/wp-json\/wp\/v2\/tags?post=114806"}],"curies":[{"name":"wp","href":"https:\/\/api.w.org\/{rel}","templated":true}]}}