{"id":114808,"date":"2025-12-12T20:54:07","date_gmt":"2025-12-12T20:54:07","guid":{"rendered":"https:\/\/www.europesays.com\/fi\/114808\/"},"modified":"2025-12-12T20:54:07","modified_gmt":"2025-12-12T20:54:07","slug":"nayttaa-silta-ettei-queenia-kannata-odottaa-enaa-milloinkaan-suomeen-keikalle","status":"publish","type":"post","link":"https:\/\/www.europesays.com\/fi\/114808\/","title":{"rendered":"N\u00e4ytt\u00e4\u00e4 silt\u00e4, ettei Queenia kannata odottaa en\u00e4\u00e4 milloinkaan Suomeen keikalle"},"content":{"rendered":"<p>Nyt on t\u00e4ysin mahdollista, ett\u00e4 <a href=\"https:\/\/www.mirror.co.uk\/3am\/celebrity-news\/anita-dobson-queen-tour-eastenders-36381757\" rel=\"nofollow noopener\" target=\"_blank\">The Mirror<\/a> julkaisi merkitt\u00e4vi\u00e4 uutisia Queenin tulevaisuuden kannalta. Kun monet muut yhtyeet kulkevat Eppu Normaalin reitti\u00e4 ja tekev\u00e4t viel\u00e4 viimeisen suuren rundin ennen kiertueiden tekemisen lopettamista, vaikuttaa silt\u00e4, ett\u00e4 Queen tekee asiat toisin. Ilmeisesti yhtye on kesken\u00e4\u00e4n p\u00e4\u00e4tt\u00e4nyt yksinkertaisesti lopettaa kiertuehommat ilman sen suurempia fanfaareja.<\/p>\n<p>Viimeisin t\u00e4h\u00e4n suuntaan viittaava tieto tulee Brian Mayn vaimolta Anita Dobsonilta. Dobson toteaa Mirrorin toimittajalle: \u201dHe soittavat viel\u00e4 siell\u00e4 t\u00e4\u00e4ll\u00e4, mutta he eiv\u00e4t tee en\u00e4\u00e4 pitki\u00e4 kiertueita. Me kaikki alamme k\u00e4yd\u00e4 vanhoiksi.\u201d Mik\u00e4li n\u00e4in on asian laita, ei Queenia en\u00e4\u00e4 Suomessa n\u00e4hd\u00e4 \u2013 tokkopa b\u00e4ndi t\u00e4nne erikseen yksitt\u00e4iselle keikalle keksii l\u00e4hte\u00e4.<\/p>\n<p>Queenin tulevaisuudesta on puhuttu viime aikoina muutenkin synkk\u00e4\u00e4n s\u00e4vyyn. Brian May on k\u00e4rsinyt viime vuosina pahoista terveysongelmista: vuonna 2020 kitaristi k\u00e4vi omien sanojensa mukaan \u201dl\u00e4hell\u00e4 kuolemaa\u201d syd\u00e4nkohtauksen my\u00f6t\u00e4, ja viime vuonna May sai pienen aivoinfarktin. 78-vuotias muusikko totesikin viime viikolla, ettei Queen suunnittele uusia kiertueita.<\/p>\n<p>Roger Taylor puolestaan sanoi hiljattain Rolling Stonen haastattelussa, ettei yhtye ole lopettamassa, mutta mist\u00e4\u00e4n suuresta j\u00e4\u00e4hyv\u00e4isrundista ei ole puhuttu. Kaikenlaisia avatar-konsertteja on tiett\u00e4v\u00e4sti harkittu, joten Queenin musiikkia voi oletettavasti kuulla vastaisuudessakin ainakin jossain muodossa keikalla. Vuoden 2022 Tampereen-konsertit j\u00e4\u00e4v\u00e4t kuitenkin n\u00e4ill\u00e4 n\u00e4kymin viimeisiksi Queen-keikoiksi Suomen kamaralla. <\/p>\n<p>Lue my\u00f6s: <a href=\"https:\/\/www.soundi.fi\/uutiskirje\/\" title=\"Tilaa Soundin uutiskirje\" class=\"underline-custom !font-montserrat !font-bold !underline-offset-4 !decoration-4 !decoration-red-600 !text-md\" rel=\"nofollow noopener\" target=\"_blank\">Tilaa Soundin uutiskirje ja tied\u00e4t mist\u00e4 kahvitauolla puhutaan! Nappaa ajankohtaiset musiikin uutiset ja puheenaiheet suoraan s\u00e4hk\u00f6postiin t\u00e4st\u00e4.<\/a><\/p>\n","protected":false},"excerpt":{"rendered":"Nyt on t\u00e4ysin mahdollista, ett\u00e4 The Mirror julkaisi merkitt\u00e4vi\u00e4 uutisia Queenin tulevaisuuden kannalta. Kun monet muut yhtyeet kulkevat&hellip;\n","protected":false},"author":2,"featured_media":114809,"comment_status":"","ping_status":"","sticky":false,"template":"","format":"standard","meta":{"footnotes":""},"categories":[136],"tags":[407,137,33,31,30,408,32,109],"class_list":{"0":"post-114808","1":"post","2":"type-post","3":"status-publish","4":"format-standard","5":"has-post-thumbnail","7":"category-julkkikset","8":"tag-celebrities","9":"tag-entertainment","10":"tag-fi","11":"tag-finland","12":"tag-finnish","13":"tag-julkkikset","14":"tag-suomi","15":"tag-viihde"},"share_on_mastodon":{"url":"https:\/\/pubeurope.com\/@fi\/115708589650315186","error":""},"_links":{"self":[{"href":"https:\/\/www.europesays.com\/fi\/wp-json\/wp\/v2\/posts\/114808","targetHints":{"allow":["GET"]}}],"collection":[{"href":"https:\/\/www.europesays.com\/fi\/wp-json\/wp\/v2\/posts"}],"about":[{"href":"https:\/\/www.europesays.com\/fi\/wp-json\/wp\/v2\/types\/post"}],"author":[{"embeddable":true,"href":"https:\/\/www.europesays.com\/fi\/wp-json\/wp\/v2\/users\/2"}],"replies":[{"embeddable":true,"href":"https:\/\/www.europesays.com\/fi\/wp-json\/wp\/v2\/comments?post=114808"}],"version-history":[{"count":0,"href":"https:\/\/www.europesays.com\/fi\/wp-json\/wp\/v2\/posts\/114808\/revisions"}],"wp:featuredmedia":[{"embeddable":true,"href":"https:\/\/www.europesays.com\/fi\/wp-json\/wp\/v2\/media\/114809"}],"wp:attachment":[{"href":"https:\/\/www.europesays.com\/fi\/wp-json\/wp\/v2\/media?parent=114808"}],"wp:term":[{"taxonomy":"category","embeddable":true,"href":"https:\/\/www.europesays.com\/fi\/wp-json\/wp\/v2\/categories?post=114808"},{"taxonomy":"post_tag","embeddable":true,"href":"https:\/\/www.europesays.com\/fi\/wp-json\/wp\/v2\/tags?post=114808"}],"curies":[{"name":"wp","href":"https:\/\/api.w.org\/{rel}","templated":true}]}}