{"id":114816,"date":"2025-12-12T21:06:23","date_gmt":"2025-12-12T21:06:23","guid":{"rendered":"https:\/\/www.europesays.com\/fi\/114816\/"},"modified":"2025-12-12T21:06:23","modified_gmt":"2025-12-12T21:06:23","slug":"venajalla-leviaa-outo-vaite-suomesta","status":"publish","type":"post","link":"https:\/\/www.europesays.com\/fi\/114816\/","title":{"rendered":"Ven\u00e4j\u00e4ll\u00e4 levi\u00e4\u00e4 outo v\u00e4ite Suomesta"},"content":{"rendered":"<p>Kyse ei ole ensimm\u00e4isest\u00e4 kerrasta, kun Ven\u00e4j\u00e4ll\u00e4 levi\u00e4\u00e4 v\u00e4itteit\u00e4 Suomen roolista lennokkihy\u00f6kk\u00e4yksiss\u00e4.<\/p>\n<p class=\"article-body mb-nof-24 px-nof-16\">Ven\u00e4j\u00e4n ilmavoimien kenraalimajuri <a class=\"article-personlink\" href=\"https:\/\/www.is.fi\/haku\/?query=Sergei%20Lipovoi\" rel=\"nofollow noopener\" target=\"_blank\">Sergei Lipovoi<\/a> v\u00e4itt\u00e4\u00e4, ett\u00e4 Tveriss\u00e4 asuinrakennukseen osunut Ukrainan lennokki olisi voinut tulla joko Ukrainasta tai Suomesta, ven\u00e4l\u00e4inen <a class=\"article-genericlink\" href=\"https:\/\/news.ru\/regions\/general-usmotrel-finskij-sled-v-atakah-vsu-na-tver\" rel=\"nofollow noopener\" target=\"_blank\">News.ru<\/a>-sivusto uutisoi.<\/p>\n<p class=\"article-body mb-nof-24 px-nof-16\">Sivuston mukaan Lipovoi n\u00e4kee iskussa \u201dsuomalaisen j\u00e4ljen\u201d.<\/p>\n<p class=\"article-body mb-nof-24 px-nof-16\">Ven\u00e4l\u00e4isviranomaiset ja paikalliset Telegram-kanavat raportoivat aiemmin t\u00e4n\u00e4\u00e4n, ett\u00e4 lennokki osui asuinrakennuksen alempiin kerroksiin Tverin kaupungissa. Virkaa tekev\u00e4n kuvern\u00f6\u00f6rin <a class=\"article-personlink\" href=\"https:\/\/www.is.fi\/haku\/?query=Vitali%20Korolevin\" rel=\"nofollow noopener\" target=\"_blank\">Vitali Korolevin<\/a> mukaan seitsem\u00e4n loukkaantui r\u00e4j\u00e4hdyksess\u00e4.<\/p>\n<p class=\"article-body mb-nof-24 px-nof-16\">Muun muassa Astra on julkaissut kuvia kerrostalosta, jossa n\u00e4kyy r\u00e4j\u00e4hdyksen tai tulipalon aiheuttamia vaurioita.<\/p>\n<p class=\"article-body mb-nof-24 px-nof-16\">Tietoja ei ole voitu vahvistaa riippumattomista l\u00e4hteist\u00e4. Ukraina on tehostanut iskujaan Ven\u00e4j\u00e4n puolustus- ja energiasektoria vastaan syksyn aikana.<\/p>\n<p class=\"article-body mb-nof-24 px-nof-16\">Lipovoin mukaan tuhon luonne viittaa siihen, ett\u00e4 lennokki \u201dolisi voitu my\u00f6s laukaista Suomesta, koska kaupunki on l\u00e4hemp\u00e4n\u00e4 rajaa sen maan kanssa.\u201d<\/p>\n<p><img decoding=\"async\" src=\"https:\/\/www.europesays.com\/fi\/wp-content\/uploads\/2025\/12\/1765573583_71_468.jpg\" alt=\"Kerrostalossa syttyi tulipalo v\u00e4itetyn lennokki-iskun seurauksena.\" class=\"_Img_1rerz_1\" style=\"aspect-ratio:1.3333333333333333\" loading=\"eager\"\/><\/p>\n<p class=\"article-picture-caption\">Kerrostalossa syttyi tulipalo v\u00e4itetyn lennokki-iskun seurauksena. Kuva:\u00a0Dmitry Boikov \/ Tass \/ Zuma \/ MVphotos<\/p>\n<p class=\"article-body mb-nof-24 px-nof-16\">Lipovoi ei esit\u00e4 ensimm\u00e4ist\u00e4 kertaa vastaavanlaista v\u00e4itett\u00e4. My\u00f6s esimerkiksi viime vuonna Lipovoi v\u00e4itti, ett\u00e4 Pietarissa olisi ammuttu alas Suomesta lenn\u00e4tetty lennokki.<\/p>\n<p class=\"article-body mb-nof-24 px-nof-16\">My\u00f6s ven\u00e4l\u00e4inen <a class=\"article-genericlink\" href=\"https:\/\/aif.ru\/society\/general-popov-skazal-otkuda-leteli-drony-na-tver?utm_source=yxnews&amp;utm_medium=desktop&amp;utm_referrer=https%3A%2F%2Fdzen.ru%2Fnews%2Finstory%2Fe9ba918a-e95f-5da6-9336-3ce8974e4ead\" rel=\"nofollow noopener\" target=\"_blank\">Aif.ru<\/a>-sivusto v\u00e4itt\u00e4\u00e4, ett\u00e4 Suomella olisi voinut olla osuutta Tverin tapahtumiin. Sivustolle asiaa kommentoi el\u00e4kkeell\u00e4 oleva kenraalimajuri <a class=\"article-personlink\" href=\"https:\/\/www.is.fi\/haku\/?query=Vladimir%20Popov\" rel=\"nofollow noopener\" target=\"_blank\">Vladimir Popov<\/a>.<\/p>\n<p class=\"article-body mb-nof-24 px-nof-16\">\u2013\u2009Suomi tai Baltain maat \u2013 Viro ja Latvia \u2013 ovat l\u00e4hemp\u00e4n\u00e4. On aivan mahdollista, ett\u00e4 ne olisivat voineet tehd\u00e4 sen, mutta en usko, ett\u00e4 meid\u00e4n ilmapuolustusj\u00e4rjestelm\u00e4mme ei olisi huomannut matalalla lent\u00e4v\u00e4\u00e4 pitk\u00e4n tai keskipitk\u00e4n kantaman alusta.<\/p>\n<p class=\"article-body mb-nof-24 px-nof-16\">Popov piti todenn\u00e4k\u00f6isimp\u00e4n\u00e4 skenaariona, ett\u00e4 lennokki olisi laukaistu Ven\u00e4j\u00e4n alueilta ukrainalaisagenttien toimesta.<\/p>\n<p class=\"article-body mb-nof-24 px-nof-16\">Ukrainan tiedet\u00e4\u00e4n kuitenkin tehneen onnistuneita lennokki-iskuja syv\u00e4lle Ven\u00e4j\u00e4lle. Popovin mukaan ultrakevyet lentokoneet voivat lent\u00e4\u00e4 kauas, mutta ne ovat hitaita ja niit\u00e4 voidaan seurata pitki\u00e4 matkoja.<\/p>\n<p class=\"article-body mb-nof-24 px-nof-16\">Ukraina on kuitenkin tehnyt my\u00f6s onnistuneita iskuja esimerkiksi ultrakevyest\u00e4 Aeroprakt A-22-koneesta muokatulla lennokilla yli tuhannen kilometrin p\u00e4\u00e4h\u00e4n Ukrainasta.<\/p>\n","protected":false},"excerpt":{"rendered":"Kyse ei ole ensimm\u00e4isest\u00e4 kerrasta, kun Ven\u00e4j\u00e4ll\u00e4 levi\u00e4\u00e4 v\u00e4itteit\u00e4 Suomen roolista lennokkihy\u00f6kk\u00e4yksiss\u00e4. Ven\u00e4j\u00e4n ilmavoimien kenraalimajuri Sergei Lipovoi v\u00e4itt\u00e4\u00e4,&hellip;\n","protected":false},"author":2,"featured_media":114817,"comment_status":"","ping_status":"","sticky":false,"template":"","format":"standard","meta":{"footnotes":""},"categories":[14],"tags":[22,23,26,27,33,31,30,17,34,24,25,28,29,15,18,21,32,19,20,56,16,59,60,61],"class_list":{"0":"post-114816","1":"post","2":"type-post","3":"status-publish","4":"format-standard","5":"has-post-thumbnail","7":"category-ulkomaat","8":"tag-breaking-news","9":"tag-breakingnews","10":"tag-featured-news","11":"tag-featurednews","12":"tag-fi","13":"tag-finland","14":"tag-finnish","15":"tag-headlines","16":"tag-ilta-sanomat","17":"tag-latest-news","18":"tag-latestnews","19":"tag-main-news","20":"tag-mainnews","21":"tag-news","22":"tag-otsikot","23":"tag-paauutiset","24":"tag-suomi","25":"tag-top-stories","26":"tag-topstories","27":"tag-ulkomaat","28":"tag-uutiset","29":"tag-world","30":"tag-world-news","31":"tag-worldnews"},"share_on_mastodon":{"url":"https:\/\/pubeurope.com\/@fi\/115708637210540737","error":""},"_links":{"self":[{"href":"https:\/\/www.europesays.com\/fi\/wp-json\/wp\/v2\/posts\/114816","targetHints":{"allow":["GET"]}}],"collection":[{"href":"https:\/\/www.europesays.com\/fi\/wp-json\/wp\/v2\/posts"}],"about":[{"href":"https:\/\/www.europesays.com\/fi\/wp-json\/wp\/v2\/types\/post"}],"author":[{"embeddable":true,"href":"https:\/\/www.europesays.com\/fi\/wp-json\/wp\/v2\/users\/2"}],"replies":[{"embeddable":true,"href":"https:\/\/www.europesays.com\/fi\/wp-json\/wp\/v2\/comments?post=114816"}],"version-history":[{"count":0,"href":"https:\/\/www.europesays.com\/fi\/wp-json\/wp\/v2\/posts\/114816\/revisions"}],"wp:featuredmedia":[{"embeddable":true,"href":"https:\/\/www.europesays.com\/fi\/wp-json\/wp\/v2\/media\/114817"}],"wp:attachment":[{"href":"https:\/\/www.europesays.com\/fi\/wp-json\/wp\/v2\/media?parent=114816"}],"wp:term":[{"taxonomy":"category","embeddable":true,"href":"https:\/\/www.europesays.com\/fi\/wp-json\/wp\/v2\/categories?post=114816"},{"taxonomy":"post_tag","embeddable":true,"href":"https:\/\/www.europesays.com\/fi\/wp-json\/wp\/v2\/tags?post=114816"}],"curies":[{"name":"wp","href":"https:\/\/api.w.org\/{rel}","templated":true}]}}