{"id":114819,"date":"2025-12-12T21:08:17","date_gmt":"2025-12-12T21:08:17","guid":{"rendered":"https:\/\/www.europesays.com\/fi\/114819\/"},"modified":"2025-12-12T21:08:17","modified_gmt":"2025-12-12T21:08:17","slug":"zelenskyi-erotti-ylipaallikon-tuleeko-hanesta-presidentti","status":"publish","type":"post","link":"https:\/\/www.europesays.com\/fi\/114819\/","title":{"rendered":"Zelenskyi erotti ylip\u00e4\u00e4llik\u00f6n \u2013 Tuleeko h\u00e4nest\u00e4 presidentti?"},"content":{"rendered":"<p>Ukrainan presidentti Zelenskyi vannoo j\u00e4rjest\u00e4v\u00e4ns\u00e4 presidentinvaalit. H\u00e4n voi tulla syrj\u00e4ytt\u00e4m\u00e4ns\u00e4 ylip\u00e4\u00e4llik\u00f6n syrj\u00e4ytt\u00e4m\u00e4ksi.<\/p>\n<p><img decoding=\"async\" class=\"image image-show image-preview\" src=\"https:\/\/www.europesays.com\/fi\/wp-content\/uploads\/2025\/12\/0ac238b4e05801d88d9a9e6db5e80d0e90820926c935dfc95ac07cd19bfed0c7.jpg\" alt=\"\"\/><img decoding=\"async\" class=\"image image-show\" src=\"https:\/\/www.europesays.com\/fi\/wp-content\/uploads\/2025\/12\/1765573697_838_0ac238b4e05801d88d9a9e6db5e80d0e90820926c935dfc95ac07cd19bfed0c7.jpg\" alt=\"\"\/><\/p>\n<p>Ukrainan presidentti Zelenskyi valmistelee vaaleja samalla, kun h\u00e4nen kansansuosionsa hiipuu. imago sport, AOP<\/p>\n<p class=\"paragraph\">Ukrainan presidentti <a href=\"https:\/\/www.iltalehti.fi\/henkilot\/Volodymyr Zelenskyi\" class=\"article-link-person-page\" rel=\"nofollow noopener\" target=\"_blank\">Volodymyr Zelenskyin<\/a> ilmoitus sytytti spekulaatiot h\u00e4nen mahdollisesta seuraajastaan.<\/p>\n<p class=\"paragraph\">Zelenskyi pyysi tiistaina puoluettaan valmistelemaan lakimuutosta, jotta presidentinvaalit voitaisiin j\u00e4rjest\u00e4\u00e4 sodan aikana. Ukrainan perustuslaki kielt\u00e4\u00e4 sodanaikaiset vaalit.<\/p>\n<p class=\"paragraph\">Yhdysvaltain presidentti <a href=\"https:\/\/www.iltalehti.fi\/henkilot\/Donald Trump\" class=\"article-link-person-page\" rel=\"nofollow noopener\" target=\"_blank\">Donald Trump<\/a> vaati aiemmin tiistaina Ukrainaa j\u00e4rjest\u00e4m\u00e4\u00e4n presidentinvaalit.<\/p>\n<p class=\"paragraph\">\u2013 He k\u00e4ytt\u00e4v\u00e4t sotaa v\u00e4ltt\u00e4\u00e4kseen vaalien j\u00e4rjest\u00e4misen, mutta mielest\u00e4ni Ukrainan kansalla pit\u00e4isi olla valinnanvaraa. Ehk\u00e4 Zelenskyi voittaa.<\/p>\n<p class=\"paragraph\">Zelenskyille asettaa painetta se, ett\u00e4 Yhdysvallat johtaa t\u00e4ll\u00e4 hetkell\u00e4 Ukrainan rauhanneuvotteluja Ven\u00e4j\u00e4n kanssa. Eurooppa on huolissaan siit\u00e4, riitt\u00e4\u00e4k\u00f6 Yhdysvaltain k\u00e4rsiv\u00e4llisyys.<\/p>\n<p class=\"paragraph\">Vaikka useat asiantuntijat pit\u00e4v\u00e4t vaaleja ep\u00e4todenn\u00e4k\u00f6isin\u00e4, Zelenskyi vakuuttaa pyrkiv\u00e4ns\u00e4 pit\u00e4m\u00e4\u00e4n ne viel\u00e4 sodan aikana. Jos vaalien turvallisuus on taattu, ne voitaisiin presidentin mukaan j\u00e4rjest\u00e4\u00e4 \u201dkahden tai kolmen kuukauden sis\u00e4\u00e4n\u201d.<\/p>\n<p class=\"paragraph\">Politiikan kommentaattorit nostavat esiin yhden ilmiselv\u00e4n haastajan: Ukrainan asevoimien entinen ylip\u00e4\u00e4llikk\u00f6, ukrainalaisten parissa suosittu \u201drautakenraali\u201d <a href=\"https:\/\/www.iltalehti.fi\/henkilot\/Valeri Zalu\u017enyi\" class=\"article-link-person-page\" rel=\"nofollow noopener\" target=\"_blank\">Valeri Zalu\u017enyi<\/a> on keikkunut gallup-k\u00e4rjess\u00e4 jo vuosia.<\/p>\n<p>Presidentinvaalien ykk\u00f6ssuosikki on entinen armeijan ylip\u00e4\u00e4llikk\u00f6 Valeri Zalu\u017enyi, jonka Zelenskyi s\u00e4kitti helmikuussa 2024. EPA\/AOP<\/p>\n<p class=\"paragraph\">Britannian-suurl\u00e4hettil\u00e4\u00e4n\u00e4 toimiva Zalu\u017enyi ei kiist\u00e4 eik\u00e4 my\u00f6nn\u00e4 aikovansa presidentiksi. <a href=\"https:\/\/www.intelligenceonline.com\/europe-russia\/2025\/10\/08\/kyiv-s-uk-ambassador-valerii-zaluzhnyi-picks-allies-for-potential-parliament-list,110531103-art\" target=\"_blank\" rel=\"noopener nofollow\">Ukrainalaismedian<\/a> mukaan h\u00e4n kasaisi jo kulisseissa ymp\u00e4rilleen puoluetta.<\/p>\n<p class=\"paragraph\">Zelenskyi otti valtavan ja itsekk\u00e4\u00e4n riskin siirt\u00e4ess\u00e4\u00e4n hyvin suositun Zalu\u017enyin syrj\u00e4\u00e4n, <a href=\"https:\/\/carnegieendowment.org\/russia-eurasia\/politika\/2024\/02\/what-does-general-zaluzhnys-dismissal-mean-for-ukraine?lang=en\" target=\"_blank\" rel=\"noopener nofollow\">varoitti Carnegie Politikan kommentaattori<\/a> <strong>Konstantin Skorkin<\/strong>.<\/p>\n<p class=\"paragraph\">\u2013 Zelenskyi ei ole koskaan aiemmin toiminut n\u00e4in voimakkaasti kansan tahtoa vastaan vain turvatakseen oman poliittisen selviytymisens\u00e4.<\/p>\n<p class=\"paragraph\">Yhdysvaltain presidentti <a href=\"https:\/\/www.iltalehti.fi\/henkilot\/Donald Trump\" class=\"article-link-person-page\" rel=\"nofollow noopener\" target=\"_blank\">Donald Trump<\/a> ei ole peitellyt halujaan vaihtaa Zelenskyi toiseen. <a href=\"https:\/\/www.theguardian.com\/world\/ng-interactive\/2025\/aug\/25\/general-envoy-future-ukraine-president-valerii-zaluzhnyi-london-waiting-game\" target=\"_blank\" rel=\"noopener nofollow\">Brittilehti The Guardian<\/a> kirjoittaa l\u00e4hteidens\u00e4 pohjalta, ett\u00e4 Valkoisesta talosta on jo yritetty olla yhteydess\u00e4 Zalu\u017enyihin.<\/p>\n<p class=\"paragraph\">\u2013 [Yhdysvaltain varapresidentti] <a href=\"https:\/\/www.iltalehti.fi\/henkilot\/J. D. Vance\" class=\"article-link-person-page\" rel=\"nofollow noopener\" target=\"_blank\">J. D. Vance<\/a> ja muut Trumpin l\u00e4hipiiriss\u00e4 olevat ilmeisesti etsiv\u00e4t vaihtoehtoja ongelmalliselle Zelenskyille, lehti kirjoittaa.<\/p>\n<p>Trump: Ei en\u00e4\u00e4 demokraattista<\/p>\n<p class=\"paragraph\">N\u00e4yttelij\u00e4 ja koomikko Volodymyr Zelenskyi t\u00e4hditti vuonna 2015 televisiosarjaa Kansan palvelija, jossa tavallisesta historianopettajasta tulee yll\u00e4tt\u00e4en Ukrainan presidentti.<\/p>\n<p>Kvartal 95 -viihderyhm\u00e4st\u00e4 tuttu Zelenskyi (keskell\u00e4) nousi presidentinvaalien mustaksi hevoseksi 2019. Str<\/p>\n<p class=\"paragraph\">Sarjasta tuli valtava hitti. Vaikka juristitaustaisella Zelenskyill\u00e4 ei ollut poliittista kokemusta, h\u00e4nen ymp\u00e4rilleen alettiin kasata kampanjajoukkoja. Presidentti <a href=\"https:\/\/www.iltalehti.fi\/henkilot\/Petro Poro\u0161enko\" class=\"article-link-person-page\" rel=\"nofollow noopener\" target=\"_blank\">Petro Poro\u0161enko<\/a>on kyll\u00e4styneet n\u00e4kiv\u00e4t ainoan toivon Zelenskyiss\u00e4, joka oli pari vuotta aiemmin naurattanut <a href=\"https:\/\/www.youtube.com\/watch?v=GXTmZbxu19k\" target=\"_blank\" rel=\"noopener nofollow\">ukrainalaisia soittamalla pianoa peniksell\u00e4\u00e4n.<\/a><\/p>\n<p class=\"paragraph\">Vuonna 2019 Zelenskyi nousi oikeasti Ukrainan presidentiksi ylivoimaisella 75 prosentin \u00e4\u00e4niosuudella ja h\u00e4net riveihins\u00e4 ottanut keskustaliberaali puolue jyr\u00e4si parlamenttivaaleissa suurimmaksi.<\/p>\n<p class=\"paragraph\">Puolueen nimi? Kansan palvelija, tietysti.<\/p>\n<p>N\u00e4yttelij\u00e4 ja koomikko Volodymyr Zelenskyi nousi politiikan ulkopuolelta Ukrainan presidentiksi 41-vuotiaana vuonna 2019. ZumaWire \/ MVPHOTOS<\/p>\n<p class=\"paragraph\">Eurooppa-mielisen, korruptionvastaisen ja populistisen kampanjan tehneen Zelenskyin kannatus l\u00e4hti nopeasti laskuun. Ven\u00e4j\u00e4n aloitettua t\u00e4ysimittainen hy\u00f6kk\u00e4yssota vuonna 2022 ukrainalaisten enemmist\u00f6 on kuitenkin johdonmukaisesti ilmaissut haluavansa pit\u00e4\u00e4 Zelenskyin presidenttin\u00e4 sodan ajan.<\/p>\n<p class=\"paragraph\">Ven\u00e4j\u00e4n presidentin <a href=\"https:\/\/www.iltalehti.fi\/henkilot\/Vladimir Putin\" class=\"article-link-person-page\" rel=\"nofollow noopener\" target=\"_blank\">Vladimir Putinin<\/a> hallinto syytt\u00e4\u00e4 Zelenskyin takertuvan valtaan sodan varjolla ja vaatinut h\u00e4nen syrj\u00e4ytt\u00e4mist\u00e4\u00e4n osana rauhanehtoja. My\u00f6s Trump on useasti levitt\u00e4nyt Putinin v\u00e4itteit\u00e4 siit\u00e4, ett\u00e4 Zelenskyi olisi diktaattori.<\/p>\n<p class=\"paragraph\">\u2013 Tilanne on tulossa pisteeseen, ettei se ole en\u00e4\u00e4 demokratiaa, Trump sanoi tiistaina.<\/p>\n<p>Hiipuva t\u00e4hti<\/p>\n<p class=\"paragraph\">Edes Zelenskyin kovimmat vastustajat eiv\u00e4t pitk\u00e4\u00e4n kehdanneet vaatia h\u00e4nen eroaan keskell\u00e4 sotaa ja Ven\u00e4j\u00e4n syyt\u00f6ksi\u00e4.<\/p>\n<p class=\"paragraph\">Nyt Zelenskyin t\u00e4hti on laskenut my\u00f6s Euroopan sis\u00e4ll\u00e4 ja ukrainalaisten parissa \u2013  presidentti\u00e4 on syytetty itsevaltaisista otteista ja vallan keskitt\u00e4misest\u00e4 l\u00e4hipiirilleen.<\/p>\n<p class=\"paragraph\">Kes\u00e4ll\u00e4 Zelenskyi aiheutti kohun yritt\u00e4ess\u00e4\u00e4n asettaa Ukrainan riippumattomat korruptiontutkintaelimet Nabun ja Sapon presidentinkanslian alaisuuteen.<\/p>\n<p class=\"paragraph\">Korruptiosyyt\u00f6kset ovat tulleet yh\u00e4 l\u00e4hemm\u00e4s presidentin kabinettia. Euroopan komission puheenjohtaja <a href=\"https:\/\/www.iltalehti.fi\/henkilot\/Ursula von der Leyen\" class=\"article-link-person-page\" rel=\"nofollow noopener\" target=\"_blank\">Ursula von der Leyen<\/a> joutui linjaamaan, ettei korruption takia Ukrainalle ole tarjolla pikatiet\u00e4 EU-j\u00e4senyyteen.<\/p>\n<p>Zelenskyin toiminta Ukrainan johtajana Ven\u00e4j\u00e4n hy\u00f6kk\u00e4yssotaa vastaan nosti h\u00e4nen suosiotaan sek\u00e4 Ukrainassa ett\u00e4 Euroopassa. ZumaWire \/ MVPHOTOS<\/p>\n<p class=\"paragraph\">Marraskuussa Zelenskyi joutui uransa pahimpaan kriisiin, kun maan energiasektorilta paljastui t\u00f6rke\u00e4 korruptiovyyhti, johon oli sekaantunut my\u00f6s presidentin l\u00e4hipiiri\u00e4. Zelenskyin luotetuimpia liittolaisia pakeni maasta ja presidentinkanslian johtaja <a href=\"https:\/\/www.iltalehti.fi\/henkilot\/Andriy Yermak\" class=\"article-link-person-page\" rel=\"nofollow noopener\" target=\"_blank\">Andri Jermak<\/a> erosi.<\/p>\n<p class=\"paragraph\">Vaikka Zelenskyi\u00e4 itse\u00e4\u00e4n ei ole syytetty korruptiosta, presidentin katsotaan olleen joko tiet\u00e4m\u00e4t\u00f6n tai v\u00e4linpit\u00e4m\u00e4t\u00f6n sen levinneisyydest\u00e4. Kumpikaan ei ole omiaan nostamaan ukrainalaisten luottamusta, kun maa on keskell\u00e4 sotaa ja kansainv\u00e4lisen yhteis\u00f6n painetta.<\/p>\n<p class=\"paragraph\">Yhdess\u00e4 <a href=\"https:\/\/kyivindependent.com\/zelenskys-presidential-rating-drops-to-20-poll-shows\/\" target=\"_blank\" rel=\"noopener nofollow\">Kyiv Independentin<\/a> esittelem\u00e4ss\u00e4 kyselyss\u00e4 Zelenskyi ja asevoimien ex-komentaja Valeri Zalu\u017enyi ovat nyt suunnilleen tasoissa noin 20 prosentin kannatuksella. Se on istuvalle presidentille surkea tulos, mahdolliselle haastajalle kelpo.<\/p>\n<p class=\"paragraph\">Ukrainalaisten keskuudessa hyvin suosittu Zalu\u017enyi siirrettiin syrj\u00e4\u00e4n virastaan helmikuussa 2024. Komentajalla ja presidentill\u00e4 oli ollut jo hetken aikaa erimielisyyksi\u00e4 siit\u00e4, mihin suuntaan sotaa tulisi vied\u00e4.<\/p>\n<p>Ukrainan asevoimien komentajana vuodet 2021-2024 toiminut Valeri Zalu\u017enyi on nyky\u00e4\u00e4n Britannian-suurl\u00e4hettil\u00e4s. ZumaWire \/ MVPHOTOS<\/p>\n<p class=\"paragraph\">Asiantuntijat n\u00e4kiv\u00e4t Zelenskyin p\u00e4\u00e4t\u00f6ksen my\u00f6s yrityksen\u00e4 suojella omaa suosiotaan Zalu\u017enyilt\u00e4, joka on useasti ollut gallupeissa istuvaa presidentti\u00e4 suositumpi.<\/p>\n<p class=\"paragraph\">Vaikka Zalu\u017enyi kiist\u00e4\u00e4 aikovansa presidentiksi, riippumattoman ven\u00e4l\u00e4ismedian Meduzan toimittaja <strong>Vladislav Gorin<\/strong> arvioi ex-komentajan tekev\u00e4n kampanjaa ulkomaanmatkoillaan ja hakevan julkisuutta poliittisille kannoilleen.<\/p>\n<p class=\"paragraph\">\u2013 Zalu\u017enyi rakentaa [USA:n toisen maailmansodan aikainen komentaja ja presidentti] <a href=\"https:\/\/www.iltalehti.fi\/henkilot\/Dwight D. Eisenhower\" class=\"article-link-person-page\" rel=\"nofollow noopener\" target=\"_blank\">Dwight D. Eisenhowerin<\/a> kaltaista imagoa, Gorin sanoi. The Guardian vertaa ylip\u00e4\u00e4llik\u00f6n julkikuvaa Britannian sotap\u00e4\u00e4ministeri <a href=\"https:\/\/www.iltalehti.fi\/henkilot\/Winston Churchill\" class=\"article-link-person-page\" rel=\"nofollow noopener\" target=\"_blank\">Winston Churchilliin<\/a>.<\/p>\n<p class=\"paragraph\">Meduzan haastattelema Penta-ajatuspajan johtaja ja politiikantutkija <strong>Volodymyr Fesenko<\/strong> arvioi Zalu\u017enyin vahvuuden olevan kansansuosion lis\u00e4ksi my\u00f6s ylip\u00e4\u00e4llikk\u00f6ajoilta saadut kontaktit Ukrainan armeijassa sek\u00e4 nyt suurl\u00e4hettil\u00e4\u00e4n\u00e4 Euroopassa.<\/p>\n<p class=\"paragraph\">The Guardianin mukaan Zalu\u017enyin jahkailu on alkanut kyll\u00e4stytt\u00e4\u00e4 Zelenskyin vastustajia, jotka toivoivat ex-ylip\u00e4\u00e4llik\u00f6st\u00e4 pelastusta.<\/p>\n<p class=\"paragraph\">Fesenko pit\u00e4\u00e4 kuitenkin ilmiselv\u00e4n\u00e4, ett\u00e4 Zalu\u017enyill\u00e4 on \u201dpoliittisia intohimoja\u201d. H\u00e4nen mukaansa Zalu\u017enyi on valinnut parhaan mahdollisen strategian vaalien suhteen.<\/p>\n<p class=\"paragraph\">\u2013 H\u00e4n tekee lopullisen p\u00e4\u00e4t\u00f6ksen vasta viime hetkell\u00e4, juuri ennen vaaleja, Fesenko sanoi The Guardianille.<\/p>\n","protected":false},"excerpt":{"rendered":"Ukrainan presidentti Zelenskyi vannoo j\u00e4rjest\u00e4v\u00e4ns\u00e4 presidentinvaalit. H\u00e4n voi tulla syrj\u00e4ytt\u00e4m\u00e4ns\u00e4 ylip\u00e4\u00e4llik\u00f6n syrj\u00e4ytt\u00e4m\u00e4ksi. Ukrainan presidentti Zelenskyi valmistelee vaaleja samalla,&hellip;\n","protected":false},"author":2,"featured_media":114820,"comment_status":"","ping_status":"","sticky":false,"template":"","format":"standard","meta":{"footnotes":""},"categories":[5],"tags":[35,22,23,26,27,33,31,30,17,24,25,28,29,15,18,21,142,637,144,886,32,19,20,16,638],"class_list":{"0":"post-114819","1":"post","2":"type-post","3":"status-publish","4":"format-standard","5":"has-post-thumbnail","7":"category-otsikot","8":"tag-24h","9":"tag-breaking-news","10":"tag-breakingnews","11":"tag-featured-news","12":"tag-featurednews","13":"tag-fi","14":"tag-finland","15":"tag-finnish","16":"tag-headlines","17":"tag-latest-news","18":"tag-latestnews","19":"tag-main-news","20":"tag-mainnews","21":"tag-news","22":"tag-otsikot","23":"tag-paauutiset","24":"tag-poliitikot","25":"tag-politiikka","26":"tag-presidentti","27":"tag-puolueet","28":"tag-suomi","29":"tag-top-stories","30":"tag-topstories","31":"tag-uutiset","32":"tag-valtiovalta"},"share_on_mastodon":{"url":"https:\/\/pubeurope.com\/@fi\/115708645221788113","error":""},"_links":{"self":[{"href":"https:\/\/www.europesays.com\/fi\/wp-json\/wp\/v2\/posts\/114819","targetHints":{"allow":["GET"]}}],"collection":[{"href":"https:\/\/www.europesays.com\/fi\/wp-json\/wp\/v2\/posts"}],"about":[{"href":"https:\/\/www.europesays.com\/fi\/wp-json\/wp\/v2\/types\/post"}],"author":[{"embeddable":true,"href":"https:\/\/www.europesays.com\/fi\/wp-json\/wp\/v2\/users\/2"}],"replies":[{"embeddable":true,"href":"https:\/\/www.europesays.com\/fi\/wp-json\/wp\/v2\/comments?post=114819"}],"version-history":[{"count":0,"href":"https:\/\/www.europesays.com\/fi\/wp-json\/wp\/v2\/posts\/114819\/revisions"}],"wp:featuredmedia":[{"embeddable":true,"href":"https:\/\/www.europesays.com\/fi\/wp-json\/wp\/v2\/media\/114820"}],"wp:attachment":[{"href":"https:\/\/www.europesays.com\/fi\/wp-json\/wp\/v2\/media?parent=114819"}],"wp:term":[{"taxonomy":"category","embeddable":true,"href":"https:\/\/www.europesays.com\/fi\/wp-json\/wp\/v2\/categories?post=114819"},{"taxonomy":"post_tag","embeddable":true,"href":"https:\/\/www.europesays.com\/fi\/wp-json\/wp\/v2\/tags?post=114819"}],"curies":[{"name":"wp","href":"https:\/\/api.w.org\/{rel}","templated":true}]}}