{"id":114827,"date":"2025-12-12T21:31:12","date_gmt":"2025-12-12T21:31:12","guid":{"rendered":"https:\/\/www.europesays.com\/fi\/114827\/"},"modified":"2025-12-12T21:31:12","modified_gmt":"2025-12-12T21:31:12","slug":"wsj-trump-kallistunut-fedin-johtajakisassa-kahteen-keviniin-haluaa-ohjauskoron-alle-prosenttiin-uutisia-lyhyesti","status":"publish","type":"post","link":"https:\/\/www.europesays.com\/fi\/114827\/","title":{"rendered":"WSJ: Trump kallistunut Fedin johtajakisassa \u201dkahteen Keviniin\u201d \u2013 haluaa ohjauskoron alle prosenttiin | Uutisia lyhyesti"},"content":{"rendered":"<p class=\"aw-1gybjub aw-5vja16 kEtdKx kmuxyA yle__article__paragraph\">Presidentin mukaan uuden p\u00e4\u00e4johtajan tulisi neuvotella h\u00e4nen kanssaan korkotason m\u00e4\u00e4rittelemisest\u00e4.<\/p>\n<p><img decoding=\"async\" alt=\"Trump istuu ja katsoo etuviistoon.\" src=\"https:\/\/www.europesays.com\/fi\/wp-content\/uploads\/2025\/12\/1765194490_589_39-156462269326694bc067.jpeg\" class=\"aw-1l9m598 hKVVvP\"\/><\/p>\n<p>Avaa kuvien katselu<\/p>\n<p>Trump kuvattuna Valkoisessa talossa 3. joulukuuta. Kuva: Will Oliver \/ EPA<\/p>\n<p class=\"aw-1gybjub aw-1p7kakr kEtdKx cEmitX yle__article__paragraph\">Yhdysvaltain presidentti <strong class=\"aw-ak79eh KyCXm yle__article__strong\">Donald Trumpin<\/strong> suosikit Yhdysvaltain keskuspankki Fedin uudeksi p\u00e4\u00e4johtajaksi ovat typistyneet kahteen ehdokkaaseen. Asiasta kertoo Trumpia perjantaina haastatellut yhdysvaltalaislehti <a class=\"aw-iao6s4 iHOxEa yle__article__link\" href=\"https:\/\/www.wsj.com\/economy\/central-banking\/trump-says-he-is-leaning-toward-warsh-or-hassett-to-lead-the-fed-34a200e5?mod=breakingnews\" role=\"link\" rel=\"nofollow noopener\" target=\"_blank\">Wall Street Journal<\/a>.<\/p>\n<p class=\"aw-1gybjub aw-1p7kakr kEtdKx cEmitX yle__article__paragraph\">Trumpin mukaan h\u00e4n on kallistumassa Valkoisen talon talousneuvonantaja <strong class=\"aw-ak79eh KyCXm yle__article__strong\">Kevin Hassettiin<\/strong> tai Fedin johtokunnan entiseen j\u00e4seneen <strong class=\"aw-ak79eh KyCXm yle__article__strong\">Kevin Warshiin<\/strong>.<\/p>\n<p class=\"aw-1gybjub aw-1p7kakr kEtdKx cEmitX yle__article__paragraph\">Trumpin viime viikkojen kommenttien perusteella Hassett on ollut varteenotettavampi ehdokas p\u00e4\u00e4johtajaksi.<\/p>\n<p class=\"aw-1gybjub aw-1p7kakr kEtdKx cEmitX yle__article__paragraph\">Presidentin on m\u00e4\u00e4r\u00e4 pit\u00e4\u00e4 viel\u00e4 viimeinen haastattelukierros k\u00e4rkiehdokkaiden kanssa.<\/p>\n<p>\u201dMaailman matalimmat korot\u201d<\/p>\n<p class=\"aw-1gybjub aw-1p7kakr kEtdKx cEmitX yle__article__paragraph\">Presidentin mukaan uuden p\u00e4\u00e4johtajan tulisi neuvotella h\u00e4nen kanssaan korkotason m\u00e4\u00e4rittelemisest\u00e4.<\/p>\n<p class=\"aw-1gybjub aw-1p7kakr kEtdKx cEmitX yle__article__paragraph\">\u2013 Yleens\u00e4 niin ei en\u00e4\u00e4 tehd\u00e4. Aiemmin se tehtiin s\u00e4\u00e4nn\u00f6llisesti. Niin pit\u00e4isi tehd\u00e4, Trump sanoi.<\/p>\n<p class=\"aw-1gybjub aw-1p7kakr kEtdKx cEmitX yle__article__paragraph\">Ensi vuonna Trump haluaisi korkotason laskevan yhteen prosenttiin tai viel\u00e4 matalammalle.<\/p>\n<p class=\"aw-1gybjub aw-1p7kakr kEtdKx cEmitX yle__article__paragraph\">\u2013 Meill\u00e4 tulisi olla maailman matalimmat korot.<\/p>\n<p class=\"aw-1gybjub aw-1p7kakr kEtdKx cEmitX yle__article__paragraph\">Fed <a class=\"aw-iao6s4 iHOxEa yle__article__link\" href=\"https:\/\/yle.fi\/a\/74-20199071\" role=\"link\" rel=\"nofollow noopener\" target=\"_blank\">laski<\/a> ohjauskorkoaan t\u00e4ll\u00e4 viikolla 0,25 prosenttiyksikk\u00f6\u00e4 3,5\u20133,75 prosentin haarukkaan, mik\u00e4 on matalin taso l\u00e4hes kolmeen vuoteen.<\/p>\n<p class=\"aw-1gybjub aw-1p7kakr kEtdKx cEmitX yle__article__paragraph\">Trump on ilmaissut useasti tyytym\u00e4tt\u00f6myytens\u00e4 Fedin nykyiseen p\u00e4\u00e4johtajaan <strong class=\"aw-ak79eh KyCXm yle__article__strong\">Jerome Powelliin<\/strong> ja t\u00e4m\u00e4n korkopolitiikkaan. Powellin on m\u00e4\u00e4r\u00e4 j\u00e4tt\u00e4\u00e4 teht\u00e4v\u00e4ns\u00e4 toukokuussa.<\/p>\n","protected":false},"excerpt":{"rendered":"Presidentin mukaan uuden p\u00e4\u00e4johtajan tulisi neuvotella h\u00e4nen kanssaan korkotason m\u00e4\u00e4rittelemisest\u00e4. Avaa kuvien katselu Trump kuvattuna Valkoisessa talossa 3.&hellip;\n","protected":false},"author":2,"featured_media":109696,"comment_status":"","ping_status":"","sticky":false,"template":"","format":"standard","meta":{"footnotes":""},"categories":[76],"tags":[79,77,33,31,30,6474,32,78,56,619,6475],"class_list":{"0":"post-114827","1":"post","2":"type-post","3":"status-publish","4":"format-standard","5":"has-post-thumbnail","7":"category-talous","8":"tag-business","9":"tag-economy","10":"tag-fi","11":"tag-finland","12":"tag-finnish","13":"tag-keskuspankit","14":"tag-suomi","15":"tag-talous","16":"tag-ulkomaat","17":"tag-yhdysvallat","18":"tag-yhdysvaltain-keskuspankki"},"share_on_mastodon":{"url":"https:\/\/pubeurope.com\/@fi\/115708735625771248","error":""},"_links":{"self":[{"href":"https:\/\/www.europesays.com\/fi\/wp-json\/wp\/v2\/posts\/114827","targetHints":{"allow":["GET"]}}],"collection":[{"href":"https:\/\/www.europesays.com\/fi\/wp-json\/wp\/v2\/posts"}],"about":[{"href":"https:\/\/www.europesays.com\/fi\/wp-json\/wp\/v2\/types\/post"}],"author":[{"embeddable":true,"href":"https:\/\/www.europesays.com\/fi\/wp-json\/wp\/v2\/users\/2"}],"replies":[{"embeddable":true,"href":"https:\/\/www.europesays.com\/fi\/wp-json\/wp\/v2\/comments?post=114827"}],"version-history":[{"count":0,"href":"https:\/\/www.europesays.com\/fi\/wp-json\/wp\/v2\/posts\/114827\/revisions"}],"wp:featuredmedia":[{"embeddable":true,"href":"https:\/\/www.europesays.com\/fi\/wp-json\/wp\/v2\/media\/109696"}],"wp:attachment":[{"href":"https:\/\/www.europesays.com\/fi\/wp-json\/wp\/v2\/media?parent=114827"}],"wp:term":[{"taxonomy":"category","embeddable":true,"href":"https:\/\/www.europesays.com\/fi\/wp-json\/wp\/v2\/categories?post=114827"},{"taxonomy":"post_tag","embeddable":true,"href":"https:\/\/www.europesays.com\/fi\/wp-json\/wp\/v2\/tags?post=114827"}],"curies":[{"name":"wp","href":"https:\/\/api.w.org\/{rel}","templated":true}]}}