{"id":114830,"date":"2025-12-12T21:33:11","date_gmt":"2025-12-12T21:33:11","guid":{"rendered":"https:\/\/www.europesays.com\/fi\/114830\/"},"modified":"2025-12-12T21:33:11","modified_gmt":"2025-12-12T21:33:11","slug":"kuningas-charles-paljastaa-tietoa-syopahoidostaan","status":"publish","type":"post","link":"https:\/\/www.europesays.com\/fi\/114830\/","title":{"rendered":"Kuningas Charles paljastaa tietoa sy\u00f6p\u00e4hoidostaan"},"content":{"rendered":"<p>Kuningas Charles kertoi henkil\u00f6kohtaisia terveysasioitaan harvinaisessa tv-l\u00e4hetyksess\u00e4.<\/p>\n<p class=\"article-body mb-nof-24 px-nof-16\">Kuningas <a class=\"article-personlink\" href=\"https:\/\/www.is.fi\/haku\/?query=Charles\" rel=\"nofollow noopener\" target=\"_blank\">Charles<\/a> on kertonut uutta tietoa sy\u00f6p\u00e4hoidostaan television erikoisl\u00e4hetyksess\u00e4.<\/p>\n<p class=\"article-body mb-nof-24 px-nof-16\">Charlesin puhe esitettiin osana Cancer Research UK:n ja Channel 4 -kanavan yhteist\u00e4 Stand Up To Cancer 2025 -kampanjaa. Asiasta kertovat muun muassa <a class=\"article-genericlink\" href=\"https:\/\/www.dailymail.co.uk\/news\/royals\/article-15376413\/King-Charles-personal-message-cancer-diagnosis.html\" rel=\"nofollow noopener\" target=\"_blank\">Daily Mail<\/a> ja <a class=\"article-genericlink\" href=\"https:\/\/www.bbc.com\/news\/articles\/c14vvv8pnpmo\" rel=\"nofollow noopener\" target=\"_blank\">BBC<\/a>.<\/p>\n<p class=\"article-body mb-nof-24 px-nof-16\">L\u00e4hetyksess\u00e4 kuningas paljasti, ett\u00e4 h\u00e4nen sy\u00f6p\u00e4hoitoaikatauluaan tullaan harventamaan merkitt\u00e4v\u00e4sti uutena vuotena. 77-vuotias Charles on saanut viikoittain hoitoa siit\u00e4 l\u00e4htien, kun h\u00e4n sai tiet\u00e4\u00e4 sairastavansa sy\u00f6p\u00e4\u00e4 vuoden 2024 alussa.<\/p>\n<p class=\"article-body mb-nof-24 px-nof-16\">Buckinghamin palatsin mukaan kuninkaan toipuminen on edennyt eritt\u00e4in positiiviseen vaiheeseen ja h\u00e4n on \u201dreagoinut hoitoon poikkeuksellisen hyvin\u201d.<\/p>\n<p class=\"article-body mb-nof-24 px-nof-16\">Hoidon s\u00e4\u00e4nn\u00f6llisyytt\u00e4 tullaan harventamaan merkitt\u00e4v\u00e4sti, mutta kuninkaan sairauden ei kuvailla olevan remissiossa, eik\u00e4 h\u00e4nen sanota viel\u00e4 parantuneen. Remissiolla tarkoitetaan sairauden oireiden lievenemist\u00e4 tai katoamista.<\/p>\n<p class=\"article-body mb-nof-24 px-nof-16\">Nauhoitetussa, henkil\u00f6kohtaisessa viestiss\u00e4\u00e4n kuningas avasi sy\u00f6p\u00e4diagnoosiaan sek\u00e4 toipumistaan.<\/p>\n<p class=\"article-body mb-nof-24 px-nof-16\">\u2013 T\u00e4m\u00e4 virstanpylv\u00e4s on sek\u00e4 henkil\u00f6kohtainen siunaus ett\u00e4 todistus sy\u00f6v\u00e4nhoidossa saavutetuista merkitt\u00e4vist\u00e4 edistysaskeleista, kuningas sanoi viestiss\u00e4\u00e4n.<\/p>\n<p class=\"article-body mb-nof-24 px-nof-16\">Daily Mail huomauttaa olevan poikkeuksellista, ett\u00e4 kuningasperheen j\u00e4sen kertoo henkil\u00f6kohtaisesta terveystilanteestaan televisiossa.<\/p>\n<p class=\"article-body mb-nof-24 px-nof-16\">Charlesin haastattelu nauhoitettiin marraskuun viimeisell\u00e4 viikolla Clarence Housen aamiaishuoneessa.<\/p>\n<p><img decoding=\"async\" src=\"https:\/\/www.europesays.com\/fi\/wp-content\/uploads\/2025\/12\/1765575191_489_468.jpg\" alt=\"Kuningas Charles sairastaa sy\u00f6p\u00e4\u00e4.\" class=\"_Img_1rerz_1\" style=\"aspect-ratio:1.7893755824790307\" loading=\"eager\"\/><\/p>\n<p class=\"article-picture-caption\">Kuningas Charles sairastaa sy\u00f6p\u00e4\u00e4. Kuva:\u00a0Tommy Forbes\/Bango Studios<\/p>\n<p class=\"article-body mb-nof-24 px-nof-16\">Sy\u00f6v\u00e4st\u00e4\u00e4n huolimatta Charles on jatkanut tiivist\u00e4 ty\u00f6skentely\u00e4 ja tehnyt viisi valtiovierailua pelk\u00e4st\u00e4\u00e4n t\u00e4n\u00e4 vuonna.<\/p>\n<p class=\"article-body mb-nof-24 px-nof-16\">Videoviestiss\u00e4\u00e4n monarkki korosti sy\u00f6p\u00e4seulontaohjelmien merkityst\u00e4 varhaisen diagnoosin mahdollistamisessa.<\/p>\n<p class=\"article-body mb-nof-24 px-nof-16\">\u2013 Varhainen diagnoosi yksinkertaisesti pelastaa ihmishenki\u00e4, Charles totesi.<\/p>\n<p class=\"article-body mb-nof-24 px-nof-16\">BBC:n mukaan kuninkaan \u201dsy\u00f6v\u00e4n tyyppi\u00e4 ei ole tunnistettu\u201d ja hoitoa ja seurantaa jatketaan.<\/p>\n<p class=\"article-body mb-nof-24 px-nof-16\">\u2013 Tied\u00e4n omasta kokemuksestani, ett\u00e4 sy\u00f6p\u00e4diagnoosi voi tuntua ylivoimaiselta. Tied\u00e4n kuitenkin my\u00f6s, ett\u00e4 varhainen havaitseminen on avainasemassa hoitopolun valinnassa ja antaa korvaamatonta aikaa l\u00e4\u00e4kint\u00e4tiimeille, kuningas sanoi.<\/p>\n<p class=\"article-body mb-nof-24 px-nof-16\">T\u00e4m\u00e4n vuoden Stand Up To Cancer -tapahtuman tarkoituksena on lis\u00e4t\u00e4 tietoisuutta varhaisen diagnosoinnin t\u00e4rkeydest\u00e4 sek\u00e4 ker\u00e4t\u00e4 varoja sy\u00f6p\u00e4tutkimukseen ja tukea kaikkia sairaudesta k\u00e4rsivi\u00e4.<\/p>\n","protected":false},"excerpt":{"rendered":"Kuningas Charles kertoi henkil\u00f6kohtaisia terveysasioitaan harvinaisessa tv-l\u00e4hetyksess\u00e4. Kuningas Charles on kertonut uutta tietoa sy\u00f6p\u00e4hoidostaan television erikoisl\u00e4hetyksess\u00e4. Charlesin puhe&hellip;\n","protected":false},"author":2,"featured_media":114831,"comment_status":"","ping_status":"","sticky":false,"template":"","format":"standard","meta":{"footnotes":""},"categories":[12],"tags":[22,23,26,27,33,31,30,17,34,24,25,28,29,15,18,21,32,19,20,16],"class_list":{"0":"post-114830","1":"post","2":"type-post","3":"status-publish","4":"format-standard","5":"has-post-thumbnail","7":"category-suomi","8":"tag-breaking-news","9":"tag-breakingnews","10":"tag-featured-news","11":"tag-featurednews","12":"tag-fi","13":"tag-finland","14":"tag-finnish","15":"tag-headlines","16":"tag-ilta-sanomat","17":"tag-latest-news","18":"tag-latestnews","19":"tag-main-news","20":"tag-mainnews","21":"tag-news","22":"tag-otsikot","23":"tag-paauutiset","24":"tag-suomi","25":"tag-top-stories","26":"tag-topstories","27":"tag-uutiset"},"share_on_mastodon":{"url":"https:\/\/pubeurope.com\/@fi\/115708743246871908","error":""},"_links":{"self":[{"href":"https:\/\/www.europesays.com\/fi\/wp-json\/wp\/v2\/posts\/114830","targetHints":{"allow":["GET"]}}],"collection":[{"href":"https:\/\/www.europesays.com\/fi\/wp-json\/wp\/v2\/posts"}],"about":[{"href":"https:\/\/www.europesays.com\/fi\/wp-json\/wp\/v2\/types\/post"}],"author":[{"embeddable":true,"href":"https:\/\/www.europesays.com\/fi\/wp-json\/wp\/v2\/users\/2"}],"replies":[{"embeddable":true,"href":"https:\/\/www.europesays.com\/fi\/wp-json\/wp\/v2\/comments?post=114830"}],"version-history":[{"count":0,"href":"https:\/\/www.europesays.com\/fi\/wp-json\/wp\/v2\/posts\/114830\/revisions"}],"wp:featuredmedia":[{"embeddable":true,"href":"https:\/\/www.europesays.com\/fi\/wp-json\/wp\/v2\/media\/114831"}],"wp:attachment":[{"href":"https:\/\/www.europesays.com\/fi\/wp-json\/wp\/v2\/media?parent=114830"}],"wp:term":[{"taxonomy":"category","embeddable":true,"href":"https:\/\/www.europesays.com\/fi\/wp-json\/wp\/v2\/categories?post=114830"},{"taxonomy":"post_tag","embeddable":true,"href":"https:\/\/www.europesays.com\/fi\/wp-json\/wp\/v2\/tags?post=114830"}],"curies":[{"name":"wp","href":"https:\/\/api.w.org\/{rel}","templated":true}]}}