{"id":114832,"date":"2025-12-12T21:34:07","date_gmt":"2025-12-12T21:34:07","guid":{"rendered":"https:\/\/www.europesays.com\/fi\/114832\/"},"modified":"2025-12-12T21:34:07","modified_gmt":"2025-12-12T21:34:07","slug":"viro-aikoo-pidentaa-kaikkien-asevelvollisuutta","status":"publish","type":"post","link":"https:\/\/www.europesays.com\/fi\/114832\/","title":{"rendered":"Viro aikoo pident\u00e4\u00e4 kaikkien asevelvollisuutta"},"content":{"rendered":"<p>Kaikki virolaiset varusmiehet ovat jatkossa 12 kuukautta armeijassa.<\/p>\n<p>Lue tiivistelm\u00e4<\/p>\n<p>Tiivistelm\u00e4 on teko\u00e4lyn tekem\u00e4 ja ihmisen tarkistama.<\/p>\n<p class=\"article-body mb-nof-24 px-nof-16 sndp-summary-bullet-point-font\">Viro pident\u00e4\u00e4 pakollisen asepalveluksen kestoa t\u00e4yteen vuoteen vuoden 2027 alusta.<\/p>\n<p class=\"article-body mb-nof-24 px-nof-16 sndp-summary-bullet-point-font\">Lakiehdotusta perustellaan sill\u00e4, ett\u00e4 nykyiset 8 ja 11 kuukauden koulutusjaksot eiv\u00e4t en\u00e4\u00e4 takaa riitt\u00e4v\u00e4\u00e4 koulutuksen laatua.<\/p>\n<p class=\"article-body mb-nof-24 px-nof-16 sndp-summary-bullet-point-font\">Muutos johtuu siit\u00e4, ett\u00e4 koulutus laajentuu ja on teknisesti monimutkaisempaa uusien asej\u00e4rjestelmien my\u00f6t\u00e4.<\/p>\n<p class=\"article-body mb-nof-24 px-nof-16\">Viro aikoo pident\u00e4\u00e4 pakollisen asepalveluksen kestoa t\u00e4yden vuoden mittaiseksi.<\/p>\n<p class=\"article-body mb-nof-24 px-nof-16\">Muutosta perustellaan sill\u00e4, ett\u00e4 nykyiset kahdeksan ja yhdentoista kuukauden koulutusjaksot eiv\u00e4t en\u00e4\u00e4 takaa riitt\u00e4v\u00e4\u00e4 koulutuksen laatua. Koulutus laajentuu ja se on teknisesti monimutkaisempi, kun uusia asej\u00e4rjestelmi\u00e4 otetaan k\u00e4ytt\u00f6\u00f6n, kertoo Viron yleisradioyhti\u00f6.<\/p>\n<p class=\"article-body mb-nof-24 px-nof-16\">Puolustusministeri <a class=\"article-personlink\" href=\"https:\/\/www.is.fi\/haku\/?query=Hanno%20Pevkur\" rel=\"nofollow noopener\" target=\"_blank\">Hanno Pevkur <\/a>on j\u00e4tt\u00e4nyt lakiehdotuksen hyv\u00e4ksytt\u00e4v\u00e4ksi. Vuoden mittaisen palvelusajan on tarkoitus astua voimaan vuoden 2027 alusta. Se koskee kaikkia 1. tammikuuta 2027 tai sen j\u00e4lkeen palvelukseen astuvia.<\/p>\n<p class=\"article-body mb-nof-24 px-nof-16\">Muutos maksaa arviolta 31 miljoonaa euroa ensimm\u00e4isen\u00e4 vuotenaan. Tavoite on kouluttaa varusmiehet tasolle, jolla he ovat valmiita suorittamaan teht\u00e4v\u00e4ns\u00e4 sek\u00e4 rauhan ett\u00e4 sodan aikana.<\/p>\n<p class=\"article-body mb-nof-24 px-nof-16\">Uudet koulutussuunnitelmat painottavat varusmiesten taisteluvalmiuden parantamista.<\/p>\n<p class=\"article-body mb-nof-24 px-nof-16\">Kaikki terveet 18\u201327-vuotiaat miespuoliset virolaiset ovat velvollisia suorittamaan pakollisen varusmiespalveluksen.<\/p>\n<p class=\"article-body mb-nof-24 px-nof-16\">T\u00e4ll\u00e4 hetkell\u00e4 11 kuukauden palvelus koskee panssarij\u00e4\u00e4k\u00e4reit\u00e4, sotilaskuljettajia, sotilaspoliiseja sek\u00e4 viestint\u00e4- ja IT-erikoisalojen varusmiehi\u00e4. My\u00f6s kaikki aliupseerit, upseerit ja merivoimien henkil\u00f6st\u00f6 palvelevat 11 kuukautta.<\/p>\n<p class=\"article-body mb-nof-24 px-nof-16\">Kahdeksan kuukauden palvelus on ollut k\u00e4yt\u00f6ss\u00e4 muilla erikoisaloilla, kuten j\u00e4\u00e4k\u00e4reill\u00e4, pioneereilla ja ilmatorjuntahenkil\u00f6st\u00f6ll\u00e4.<\/p>\n<p class=\"article-body mb-nof-24 px-nof-16\">Suomessa varusmiespalvelus kest\u00e4\u00e4 koulutuksesta riippuen 165, 255 tai 347 p\u00e4iv\u00e4\u00e4 \u2013 korkeintaan siis noin 11,5 kuukautta.<\/p>\n","protected":false},"excerpt":{"rendered":"Kaikki virolaiset varusmiehet ovat jatkossa 12 kuukautta armeijassa. Lue tiivistelm\u00e4 Tiivistelm\u00e4 on teko\u00e4lyn tekem\u00e4 ja ihmisen tarkistama. Viro&hellip;\n","protected":false},"author":2,"featured_media":1024,"comment_status":"","ping_status":"","sticky":false,"template":"","format":"standard","meta":{"footnotes":""},"categories":[5],"tags":[22,23,26,27,33,31,30,17,34,24,25,28,29,15,18,21,32,19,20,16],"class_list":{"0":"post-114832","1":"post","2":"type-post","3":"status-publish","4":"format-standard","5":"has-post-thumbnail","7":"category-otsikot","8":"tag-breaking-news","9":"tag-breakingnews","10":"tag-featured-news","11":"tag-featurednews","12":"tag-fi","13":"tag-finland","14":"tag-finnish","15":"tag-headlines","16":"tag-ilta-sanomat","17":"tag-latest-news","18":"tag-latestnews","19":"tag-main-news","20":"tag-mainnews","21":"tag-news","22":"tag-otsikot","23":"tag-paauutiset","24":"tag-suomi","25":"tag-top-stories","26":"tag-topstories","27":"tag-uutiset"},"share_on_mastodon":{"url":"https:\/\/pubeurope.com\/@fi\/115708747034837192","error":""},"_links":{"self":[{"href":"https:\/\/www.europesays.com\/fi\/wp-json\/wp\/v2\/posts\/114832","targetHints":{"allow":["GET"]}}],"collection":[{"href":"https:\/\/www.europesays.com\/fi\/wp-json\/wp\/v2\/posts"}],"about":[{"href":"https:\/\/www.europesays.com\/fi\/wp-json\/wp\/v2\/types\/post"}],"author":[{"embeddable":true,"href":"https:\/\/www.europesays.com\/fi\/wp-json\/wp\/v2\/users\/2"}],"replies":[{"embeddable":true,"href":"https:\/\/www.europesays.com\/fi\/wp-json\/wp\/v2\/comments?post=114832"}],"version-history":[{"count":0,"href":"https:\/\/www.europesays.com\/fi\/wp-json\/wp\/v2\/posts\/114832\/revisions"}],"wp:featuredmedia":[{"embeddable":true,"href":"https:\/\/www.europesays.com\/fi\/wp-json\/wp\/v2\/media\/1024"}],"wp:attachment":[{"href":"https:\/\/www.europesays.com\/fi\/wp-json\/wp\/v2\/media?parent=114832"}],"wp:term":[{"taxonomy":"category","embeddable":true,"href":"https:\/\/www.europesays.com\/fi\/wp-json\/wp\/v2\/categories?post=114832"},{"taxonomy":"post_tag","embeddable":true,"href":"https:\/\/www.europesays.com\/fi\/wp-json\/wp\/v2\/tags?post=114832"}],"curies":[{"name":"wp","href":"https:\/\/api.w.org\/{rel}","templated":true}]}}