{"id":114843,"date":"2025-12-12T21:59:09","date_gmt":"2025-12-12T21:59:09","guid":{"rendered":"https:\/\/www.europesays.com\/fi\/114843\/"},"modified":"2025-12-12T21:59:09","modified_gmt":"2025-12-12T21:59:09","slug":"poliisi-etsii-noin-65-vuotiasta-ullaa","status":"publish","type":"post","link":"https:\/\/www.europesays.com\/fi\/114843\/","title":{"rendered":"Poliisi etsii noin 65-vuotiasta Ullaa"},"content":{"rendered":"<p>Poliisi l\u00f6ysi my\u00f6hemmin naisen kuolleena l\u00e4helt\u00e4 ilmoitettua katoamispaikkaa.<\/p>\n<p class=\"article-body mb-nof-24 px-nof-16\">Jokioisten Kaarnakodilta katosi perjantaina iltap\u00e4iv\u00e4ll\u00e4 noin 65-vuotias nainen. Poliisi l\u00f6ysi my\u00f6hemmin naisen kuolleena l\u00e4helt\u00e4 ilmoitettua katoamispaikkaa.<\/p>\n<p class=\"article-body mb-nof-24 px-nof-16\">Poliisi kertoi aiemmin, ett\u00e4 Forssan ja Jokioisten alueella kadonnut nainen saattaisi pyrki\u00e4 Turun suuntaan. Mahdollisista havainnoista pyydettiin ilmoittamaan h\u00e4t\u00e4numeroon.<\/p>\n<p class=\"article-body mb-nof-24 px-nof-16\">Naisella oli katoamis\u00adhetkell\u00e4 p\u00e4\u00e4ss\u00e4\u00e4n vihert\u00e4v\u00e4 lippis. H\u00e4nell\u00e4 on vaaleat, pitk\u00e4t hiukset ja yll\u00e4\u00e4n lila huppari sek\u00e4 harmaat collegehousut. Jalassa h\u00e4nell\u00e4 oli mustat crocs-jalkineet.<\/p>\n<p class=\"article-body nof-ui-body-medium mb-nof-24 px-nof-16\">Uutista p\u00e4ivitetty 12.12.2025 kello 20.42: Jutusta poistettu kadonneen nimi ja lis\u00e4tty tieto, ett\u00e4 poliisi l\u00f6ysi naisen menehtyneen\u00e4.<\/p>\n","protected":false},"excerpt":{"rendered":"Poliisi l\u00f6ysi my\u00f6hemmin naisen kuolleena l\u00e4helt\u00e4 ilmoitettua katoamispaikkaa. Jokioisten Kaarnakodilta katosi perjantaina iltap\u00e4iv\u00e4ll\u00e4 noin 65-vuotias nainen. Poliisi l\u00f6ysi&hellip;\n","protected":false},"author":2,"featured_media":1024,"comment_status":"","ping_status":"","sticky":false,"template":"","format":"standard","meta":{"footnotes":""},"categories":[12],"tags":[22,23,26,27,33,31,30,17,34,24,25,28,29,15,18,21,32,19,20,16],"class_list":{"0":"post-114843","1":"post","2":"type-post","3":"status-publish","4":"format-standard","5":"has-post-thumbnail","7":"category-suomi","8":"tag-breaking-news","9":"tag-breakingnews","10":"tag-featured-news","11":"tag-featurednews","12":"tag-fi","13":"tag-finland","14":"tag-finnish","15":"tag-headlines","16":"tag-ilta-sanomat","17":"tag-latest-news","18":"tag-latestnews","19":"tag-main-news","20":"tag-mainnews","21":"tag-news","22":"tag-otsikot","23":"tag-paauutiset","24":"tag-suomi","25":"tag-top-stories","26":"tag-topstories","27":"tag-uutiset"},"share_on_mastodon":{"url":"https:\/\/pubeurope.com\/@fi\/115708845575801279","error":""},"_links":{"self":[{"href":"https:\/\/www.europesays.com\/fi\/wp-json\/wp\/v2\/posts\/114843","targetHints":{"allow":["GET"]}}],"collection":[{"href":"https:\/\/www.europesays.com\/fi\/wp-json\/wp\/v2\/posts"}],"about":[{"href":"https:\/\/www.europesays.com\/fi\/wp-json\/wp\/v2\/types\/post"}],"author":[{"embeddable":true,"href":"https:\/\/www.europesays.com\/fi\/wp-json\/wp\/v2\/users\/2"}],"replies":[{"embeddable":true,"href":"https:\/\/www.europesays.com\/fi\/wp-json\/wp\/v2\/comments?post=114843"}],"version-history":[{"count":0,"href":"https:\/\/www.europesays.com\/fi\/wp-json\/wp\/v2\/posts\/114843\/revisions"}],"wp:featuredmedia":[{"embeddable":true,"href":"https:\/\/www.europesays.com\/fi\/wp-json\/wp\/v2\/media\/1024"}],"wp:attachment":[{"href":"https:\/\/www.europesays.com\/fi\/wp-json\/wp\/v2\/media?parent=114843"}],"wp:term":[{"taxonomy":"category","embeddable":true,"href":"https:\/\/www.europesays.com\/fi\/wp-json\/wp\/v2\/categories?post=114843"},{"taxonomy":"post_tag","embeddable":true,"href":"https:\/\/www.europesays.com\/fi\/wp-json\/wp\/v2\/tags?post=114843"}],"curies":[{"name":"wp","href":"https:\/\/api.w.org\/{rel}","templated":true}]}}