{"id":114846,"date":"2025-12-12T22:13:07","date_gmt":"2025-12-12T22:13:07","guid":{"rendered":"https:\/\/www.europesays.com\/fi\/114846\/"},"modified":"2025-12-12T22:13:07","modified_gmt":"2025-12-12T22:13:07","slug":"paljastiko-noah-schnapp-juuri-stranger-thingsin-lopun-millie-bobby-brown-joutui-hiljentamaan-miehen","status":"publish","type":"post","link":"https:\/\/www.europesays.com\/fi\/114846\/","title":{"rendered":"Paljastiko Noah Schnapp juuri Stranger Thingsin lopun? \u2013 Millie Bobby Brown joutui hiljent\u00e4m\u00e4\u00e4n miehen"},"content":{"rendered":"<p><strong>Millie Bobby Brown<\/strong> joutui s\u00e4h\u00e4ht\u00e4m\u00e4\u00e4n \u201dtupa kiinni!\u201d Stranger Thingsin toiselle t\u00e4hdelle,<strong> Noah Schnappille.<\/strong><\/p>\n<p>Sarjan vitoskauden ensimm\u00e4inen puolisko saapui hiljattain Netflixiin, ja seuraavat kolme n\u00e4hd\u00e4\u00e4n 26.12. kello 3. Finaalijakso esitet\u00e4\u00e4n 1.1. kello 3.<\/p>\n<p>Lue my\u00f6s: <a href=\"https:\/\/www.episodi.fi\/uutiset\/tata-on-isan-vaisto-nayttelijalegenda-tiesi-jo-varhain-etta-hanen-tyttarensa-menestyy-hollywoodissa\/\" title=\"T\u00e4t\u00e4 on is\u00e4n vaisto \u2013 N\u00e4yttelij\u00e4legenda tiesi jo varhain, ett\u00e4 h\u00e4nen tytt\u00e4rens\u00e4 menestyy Hollywoodissa\" class=\"underline-custom !font-montserrat !font-bold !underline-offset-4 !decoration-4 !decoration-episodi-blue !text-md\" rel=\"nofollow noopener\" target=\"_blank\">T\u00e4t\u00e4 on is\u00e4n vaisto \u2013 N\u00e4yttelij\u00e4legenda tiesi jo varhain, ett\u00e4 h\u00e4nen tytt\u00e4rens\u00e4 menestyy Hollywoodissa<\/a><\/p>\n<p>Lue my\u00f6s: <a href=\"https:\/\/www.episodi.fi\/uutiset\/stranger-things-on-syrjaytetty-uusi-dokkari-nousi-netflixin-ykkoseksi\/\" title=\"Stranger Things on syrj\u00e4ytetty \u2013 uusi dokkari nousi Netflixin ykk\u00f6seksi\" class=\"underline-custom !font-montserrat !font-bold !underline-offset-4 !decoration-4 !decoration-episodi-blue !text-md\" rel=\"nofollow noopener\" target=\"_blank\">Stranger Things on syrj\u00e4ytetty \u2013 uusi dokkari nousi Netflixin ykk\u00f6seksi<\/a><\/p>\n<p>Schnapp ja Brown olivat TV Guiden haastattelussa, jossa nuori mies puhui hieman liikaa.<\/p>\n<p>Toimittaja kysyi, kuka on sarjan eniten v\u00e4\u00e4rinymm\u00e4rretty hahmo.<\/p>\n<p>\u2013 Salaisesti Vecna, Schnapp sanoi.<\/p>\n<p>\u2013 Oikeasti? Brown sanoi Schnappille.<\/p>\n<p>\u2013 Koska siis\u2026 Schnapp oli jatkamassa.<\/p>\n<p>\u2013 Ei! Turpa kiinni! Nyt heti! Ei, ole hiljaa, 21-vuotias Brown \u00e4r\u00e4hti, jonka j\u00e4lkeen h\u00e4n pyysi toimittajaa jatkamaan.<\/p>\n<p>Toimittaja jatkoi kuitenkin parissa, ja kysyi miten v\u00e4\u00e4rinymm\u00e4rretty Vecna voi olla, kun miettii neloskauden loppua.<\/p>\n<p>Brown otti kiinni Schnappin k\u00e4dest\u00e4 ja he kikattivat yhdess\u00e4.<\/p>\n<p>\u2013 Siis neloskauteen perustuen? Tied\u00e4tk\u00f6 mit\u00e4? Ei l\u00e4hdet\u00e4 t\u00e4h\u00e4n, koska t\u00e4m\u00e4 on ollut pitk\u00e4 p\u00e4iv\u00e4, Brown sanoi.<\/p>\n<p>\u2013 T\u00e4m\u00e4 on ollut pitk\u00e4 p\u00e4iv\u00e4, emmek\u00e4 ole tarpeeksi fiksuja, ett\u00e4 voisimme v\u00e4ltell\u00e4 kysymyksi\u00e4si, Brown naurahti Schnappin kanssa.<\/p>\n<p>\u2013 Emme jatka t\u00e4t\u00e4. Toivoisin, ett\u00e4 voisimme jatkaa, mutta ei, Brown totesi.<\/p>\n<p>\u2013 Meill\u00e4 ei ole t\u00e4h\u00e4n voimia, Schnapp sanoi, viitaten siihen, ett\u00e4 pian saattaisi lipsahtaa jonkinlaisia paljastuksia.<\/p>\n<p>Fanien spekulaatio k\u00e4ynnistyi:<\/p>\n<p>\u201dOnko Vecna siis Willin oikea is\u00e4?\u201d, \u201dEn malta odottaa, ett\u00e4 p\u00e4\u00e4sen n\u00e4kem\u00e4\u00e4n Vecnan tarinan. Etenkin kun he ovat verranneet hahmoa Darth Vaderiin. Lunastustarinaa kehiin!\u201d<\/p>\n<p>L\u00e4hde: <a href=\"https:\/\/www.unilad.com\/film-and-tv\/netflix\/stranger-things-5-ending-noah-schnapp-021815-20251212\" target=\"_blank\" rel=\"noreferrer noopener nofollow\">Unilad<\/a><\/p>\n<p>Lue my\u00f6s: <a href=\"https:\/\/www.episodi.fi\/uutiskirje\/?uutiskirjemainos=tekstilinkkimainos\" title=\"Tilaa Episodin uutiskirje ja voit voittaa leffalippuja! Nappaa tv-vinkit suoraan s\u00e4hk\u00f6postiin t\u00e4st\u00e4.\" class=\"underline-custom !font-montserrat !font-bold !underline-offset-4 !decoration-4 !decoration-episodi-blue !text-md\" rel=\"nofollow noopener\" target=\"_blank\">Tilaa Episodin uutiskirje ja voit voittaa leffalippuja! Nappaa katseluvinkit suoraan s\u00e4hk\u00f6postiin t\u00e4st\u00e4.<\/a><\/p>\n","protected":false},"excerpt":{"rendered":"Millie Bobby Brown joutui s\u00e4h\u00e4ht\u00e4m\u00e4\u00e4n \u201dtupa kiinni!\u201d Stranger Thingsin toiselle t\u00e4hdelle, Noah Schnappille. Sarjan vitoskauden ensimm\u00e4inen puolisko saapui&hellip;\n","protected":false},"author":2,"featured_media":114847,"comment_status":"","ping_status":"","sticky":false,"template":"","format":"standard","meta":{"footnotes":""},"categories":[136],"tags":[407,137,33,31,30,408,5598,217,17579,13249,32,109],"class_list":{"0":"post-114846","1":"post","2":"type-post","3":"status-publish","4":"format-standard","5":"has-post-thumbnail","7":"category-julkkikset","8":"tag-celebrities","9":"tag-entertainment","10":"tag-fi","11":"tag-finland","12":"tag-finnish","13":"tag-julkkikset","14":"tag-millie-bobby-brown","15":"tag-netflix","16":"tag-noah-schnapp","17":"tag-stranger-things","18":"tag-suomi","19":"tag-viihde"},"share_on_mastodon":{"url":"https:\/\/pubeurope.com\/@fi\/115708900362448276","error":""},"_links":{"self":[{"href":"https:\/\/www.europesays.com\/fi\/wp-json\/wp\/v2\/posts\/114846","targetHints":{"allow":["GET"]}}],"collection":[{"href":"https:\/\/www.europesays.com\/fi\/wp-json\/wp\/v2\/posts"}],"about":[{"href":"https:\/\/www.europesays.com\/fi\/wp-json\/wp\/v2\/types\/post"}],"author":[{"embeddable":true,"href":"https:\/\/www.europesays.com\/fi\/wp-json\/wp\/v2\/users\/2"}],"replies":[{"embeddable":true,"href":"https:\/\/www.europesays.com\/fi\/wp-json\/wp\/v2\/comments?post=114846"}],"version-history":[{"count":0,"href":"https:\/\/www.europesays.com\/fi\/wp-json\/wp\/v2\/posts\/114846\/revisions"}],"wp:featuredmedia":[{"embeddable":true,"href":"https:\/\/www.europesays.com\/fi\/wp-json\/wp\/v2\/media\/114847"}],"wp:attachment":[{"href":"https:\/\/www.europesays.com\/fi\/wp-json\/wp\/v2\/media?parent=114846"}],"wp:term":[{"taxonomy":"category","embeddable":true,"href":"https:\/\/www.europesays.com\/fi\/wp-json\/wp\/v2\/categories?post=114846"},{"taxonomy":"post_tag","embeddable":true,"href":"https:\/\/www.europesays.com\/fi\/wp-json\/wp\/v2\/tags?post=114846"}],"curies":[{"name":"wp","href":"https:\/\/api.w.org\/{rel}","templated":true}]}}